{"id":47405,"date":"2026-02-25T15:39:06","date_gmt":"2026-02-25T15:39:06","guid":{"rendered":"https:\/\/bihavadis.com\/?p=47405"},"modified":"2026-02-25T15:39:06","modified_gmt":"2026-02-25T15:39:06","slug":"karsiyakada-transfer-yasagi-krizi","status":"publish","type":"post","link":"https:\/\/bihavadis.com\/index.php\/2026\/02\/25\/karsiyakada-transfer-yasagi-krizi\/","title":{"rendered":"Kar\u015f\u0131yaka&#8217;da Transfer Yasa\u011f\u0131 Krizi"},"content":{"rendered":"<p>\n<p>3&#8217;\u00fcnc\u00fc Lig 4&#8217;\u00fcnc\u00fc Grup&#8217;ta 3 ma\u00e7l\u0131k galibiyet hasretine ge\u00e7en hafta Alanya 1221 FK&#8217;y\u0131 yenerek son verip grup ikincili\u011fi yar\u0131\u015f\u0131n\u0131 b\u0131rakmayan Kar\u015f\u0131yaka ara transferin son g\u00fcnlerinde yine transfer yasa\u011f\u0131yla sars\u0131ld\u0131. Ge\u00e7en ay eski futbolculardan Cenk Ahmet Alk\u0131l\u0131\u00e7&#8217;\u0131n 960 bin TL civar\u0131ndaki kesinle\u015fmi\u015f alaca\u011f\u0131n\u0131 \u00f6deyip transfer yasa\u011f\u0131n\u0131 kald\u0131ran Kaf-Kaf&#8217;a yine yasak geldi. Tak\u0131mda ge\u00e7en sezonlarda forma giyen \u0130shak Kurt, Hasan S\u00fcrmeli gibi baz\u0131 oyuncular\u0131n alacak dosyalar\u0131n\u0131n Futbol Federasyonu&#8217;nda kesinle\u015fti\u011fi \u00f6\u011frenildi. Kar\u015f\u0131yaka, yakla\u015f\u0131k 3.5 milyon TL civar\u0131nda olan bu paray\u0131 \u00f6deyip transfer yasa\u011f\u0131n\u0131 kald\u0131rmadan yeni alaca\u011f\u0131 futbolculara profesyonel lisans \u00e7\u0131karamayacak.<\/p>\n<p>\u0130LYAS&#8217;A AMAT\u00d6R FORM\u00dcL\u00dc<\/p>\n<p>Ara transfer d\u00f6neminde daha \u00f6nce 3&#8217;\u00fc amat\u00f6r ligden toplam 5 takviye yaparak profesyonel s\u00f6zle\u015fme imzalayan Kar\u015f\u0131yaka, listesindeki Maz\u0131da\u011f\u0131 Fosfatspor&#8217;dan 29 ya\u015f\u0131ndaki stoper \u0130lyas Ural&#8217;la anla\u015fmaya vard\u0131. Bahis soru\u015fturmas\u0131nda kas\u0131m ay\u0131nda 12 ay hak mahrumiyeti cezas\u0131 alan Erol&#8217;un yoklu\u011fuyla defansta olu\u015fan bo\u015flu\u011fu \u0130lyas&#8217;la doldurmaya \u00e7al\u0131\u015fan Kar\u015f\u0131yaka son dakika transfer yasa\u011f\u0131yla kar\u015f\u0131la\u015ft\u0131. Y\u00f6netim, profesyonel futbolcu olan \u0130lyas&#8217;\u0131 transferde bu sezon de\u011fi\u015fen stat\u00fcde amat\u00f6re d\u00f6nd\u00fcrerek kadroya katmaya \u00e7al\u0131\u015f\u0131yor. Eski\u015fehirspor, Afyonspor, Nazillispor gibi TFF&#8217;de transfer yasa\u011f\u0131 bulunan bir\u00e7ok kul\u00fcp bu sezon transferde ayn\u0131 yolu uygulad\u0131. <\/p>\n<p>ADEM Y\u0130NE M\u0130LL\u0130 KADRODA<\/p>\n<p>Kar\u015f\u0131yaka&#8217;n\u0131n bu sezon aral\u0131k ay\u0131nda vitrine \u00e7\u0131kard\u0131\u011f\u0131, 1 ay i\u00e7inde performans\u0131yla Fenerbah\u00e7e ve Trabzonspor&#8217;u pe\u015fine tak\u0131p Maribor&#8217;un kap\u0131s\u0131ndan d\u00f6nen Adem Ye\u015filyurt, yeniden U19 Milli Tak\u0131m\u0131&#8217;na davet edildi. Ge\u00e7en ay U19 Milli Tak\u0131m&#8217;\u0131n Antalya&#8217;da \u00d6zbekistan&#8217;la oynad\u0131\u011f\u0131 \u00f6zel ma\u00e7larda ilk kez ay-y\u0131ld\u0131zl\u0131 formay\u0131 s\u0131rt\u0131na ge\u00e7iren 19 ya\u015f\u0131ndaki sa\u011f kanat, mart ay\u0131nda oynanacak UEFA Avrupa U19 \u015eampiyonas\u0131 Elit Tur ma\u00e7lar\u0131 haz\u0131rl\u0131klar\u0131 kapsam\u0131nda 10-17 \u015eubat tarihleri aras\u0131nda H\u0131rvatistan&#8217;da d\u00fczenlenecek turnuvada boy g\u00f6sterecek. Adem ligde ge\u00e7en hafta Alanya 1221 a\u011flar\u0131n\u0131 sarsm\u0131\u015ft\u0131.<\/p>\n","protected":false},"excerpt":{"rendered":"<p>Kar\u015f\u0131yaka, transfer yasa\u011f\u0131 nedeniyle \u0130lyas Ural&#8217;\u0131 amat\u00f6rde kadroya katmay\u0131 planl\u0131yor.<\/p>\n","protected":false},"author":1,"featured_media":47406,"comment_status":"open","ping_status":"open","sticky":false,"template":"","format":"standard","meta":{"footnotes":""},"categories":[14],"tags":[1066,6254],"class_list":["post-47405","post","type-post","status-publish","format-standard","has-post-thumbnail","hentry","category-spor","tag-karsiyaka","tag-transfer-yasagi"],"_links":{"self":[{"href":"https:\/\/bihavadis.com\/index.php\/wp-json\/wp\/v2\/posts\/47405","targetHints":{"allow":["GET"]}}],"collection":[{"href":"https:\/\/bihavadis.com\/index.php\/wp-json\/wp\/v2\/posts"}],"about":[{"href":"https:\/\/bihavadis.com\/index.php\/wp-json\/wp\/v2\/types\/post"}],"author":[{"embeddable":true,"href":"https:\/\/bihavadis.com\/index.php\/wp-json\/wp\/v2\/users\/1"}],"replies":[{"embeddable":true,"href":"https:\/\/bihavadis.com\/index.php\/wp-json\/wp\/v2\/comments?post=47405"}],"version-history":[{"count":1,"href":"https:\/\/bihavadis.com\/index.php\/wp-json\/wp\/v2\/posts\/47405\/revisions"}],"predecessor-version":[{"id":47407,"href":"https:\/\/bihavadis.com\/index.php\/wp-json\/wp\/v2\/posts\/47405\/revisions\/47407"}],"wp:featuredmedia":[{"embeddable":true,"href":"https:\/\/bihavadis.com\/index.php\/wp-json\/wp\/v2\/media\/47406"}],"wp:attachment":[{"href":"https:\/\/bihavadis.com\/index.php\/wp-json\/wp\/v2\/media?parent=47405"}],"wp:term":[{"taxonomy":"category","embeddable":true,"href":"https:\/\/bihavadis.com\/index.php\/wp-json\/wp\/v2\/categories?post=47405"},{"taxonomy":"post_tag","embeddable":true,"href":"https:\/\/bihavadis.com\/index.php\/wp-json\/wp\/v2\/tags?post=47405"}],"curies":[{"name":"wp","href":"https:\/\/api.w.org\/{rel}","templated":true}]}}