{"id":47478,"date":"2026-02-25T16:30:06","date_gmt":"2026-02-25T16:30:06","guid":{"rendered":"https:\/\/bihavadis.com\/?p=47478"},"modified":"2026-02-25T16:30:06","modified_gmt":"2026-02-25T16:30:06","slug":"musta-evlat-nobeti-devam-ediyor","status":"publish","type":"post","link":"https:\/\/bihavadis.com\/index.php\/2026\/02\/25\/musta-evlat-nobeti-devam-ediyor\/","title":{"rendered":"Mu\u015f&#8217;ta Evlat N\u00f6beti Devam Ediyor"},"content":{"rendered":"<p> Mu\u015f&#8217;ta \u00e7ocuklar\u0131 ter\u00f6r \u00f6rg\u00fct\u00fc PKK taraf\u0131ndan ka\u00e7\u0131r\u0131lan aileler, DEM Parti \u0130l Ba\u015fkanl\u0131\u011f\u0131 binas\u0131 \u00f6n\u00fcndeki eylemlerine devam etti.<\/p>\n<p>Her hafta \u00e7ar\u015famba g\u00fcn\u00fc DEM Parti \u0130l Ba\u015fkanl\u0131\u011f\u0131 binas\u0131 \u00f6n\u00fcnde bir araya gelen anne ve babalar, &#8220;Anneler direniyor&#8221;, &#8220;Evlat n\u00f6betindeyiz&#8221; ve &#8220;Art\u0131k yeter yakam\u0131zdan d\u00fc\u015f\u00fcn&#8221; yaz\u0131l\u0131 pankartlar a\u00e7t\u0131.<\/p>\n<p>Aileler, foto\u011fraflar\u0131n\u0131 ta\u015f\u0131d\u0131klar\u0131 evlatlar\u0131na teslim olmalar\u0131 \u00e7a\u011fr\u0131s\u0131nda bulundu.<\/p>\n<p>Anne Ayten Ko\u00e7han, bas\u0131n mensuplar\u0131na, \u00e7ocu\u011fundan 10 y\u0131ld\u0131r haber alamad\u0131\u011f\u0131n\u0131 s\u00f6yledi.<\/p>\n<p>&#8220;Ter\u00f6rs\u00fcz T\u00fcrkiye&#8221; s\u00fcrecine de\u011finen Ko\u00e7han, &#8220;Bu f\u0131rsat bir daha elinize ge\u00e7mez. Gelin teslim olun. Nereye kadar saklanacaks\u0131n\u0131z? Nereye kadar ka\u00e7acaks\u0131n\u0131z? Bu bizim davam\u0131z de\u011fil o\u011flum. Yeter art\u0131k, baban ve ben rahats\u0131z\u0131z. Bizi d\u00fc\u015f\u00fcn\u00fcyorsan gel. Yeter o\u011flum evlat hasretiyle yand\u0131k. Kar, k\u0131\u015f demeden buraya geliyoruz.&#8221; diye konu\u015ftu.<\/p>\n<p>Anne \u015eahinaz \u00d6zcan da y\u0131llard\u0131r o\u011flundan haber alamad\u0131\u011f\u0131n\u0131 belirterek, &#8220;Atilla, o\u011flum, sesimi duyuyorsan gel teslim ol. B\u00f6yle bir f\u0131rsat\u0131 bir daha g\u00f6remezsiniz. Kar, k\u0131\u015f demeden sizi bekliyoruz. Bu bizim davam\u0131z de\u011fil. Bu K\u00fcrt davas\u0131 de\u011fil.&#8221; dedi.<\/p>\n","protected":false},"excerpt":{"rendered":"<p>PKK taraf\u0131ndan ka\u00e7\u0131r\u0131lan \u00e7ocuklar i\u00e7in aileler, Mu\u015f&#8217;ta eylemlerine devam ediyor.<\/p>\n","protected":false},"author":1,"featured_media":47479,"comment_status":"open","ping_status":"open","sticky":false,"template":"","format":"standard","meta":{"footnotes":""},"categories":[12],"tags":[3037],"class_list":["post-47478","post","type-post","status-publish","format-standard","has-post-thumbnail","hentry","category-siyaset","tag-gel"],"_links":{"self":[{"href":"https:\/\/bihavadis.com\/index.php\/wp-json\/wp\/v2\/posts\/47478","targetHints":{"allow":["GET"]}}],"collection":[{"href":"https:\/\/bihavadis.com\/index.php\/wp-json\/wp\/v2\/posts"}],"about":[{"href":"https:\/\/bihavadis.com\/index.php\/wp-json\/wp\/v2\/types\/post"}],"author":[{"embeddable":true,"href":"https:\/\/bihavadis.com\/index.php\/wp-json\/wp\/v2\/users\/1"}],"replies":[{"embeddable":true,"href":"https:\/\/bihavadis.com\/index.php\/wp-json\/wp\/v2\/comments?post=47478"}],"version-history":[{"count":1,"href":"https:\/\/bihavadis.com\/index.php\/wp-json\/wp\/v2\/posts\/47478\/revisions"}],"predecessor-version":[{"id":47480,"href":"https:\/\/bihavadis.com\/index.php\/wp-json\/wp\/v2\/posts\/47478\/revisions\/47480"}],"wp:featuredmedia":[{"embeddable":true,"href":"https:\/\/bihavadis.com\/index.php\/wp-json\/wp\/v2\/media\/47479"}],"wp:attachment":[{"href":"https:\/\/bihavadis.com\/index.php\/wp-json\/wp\/v2\/media?parent=47478"}],"wp:term":[{"taxonomy":"category","embeddable":true,"href":"https:\/\/bihavadis.com\/index.php\/wp-json\/wp\/v2\/categories?post=47478"},{"taxonomy":"post_tag","embeddable":true,"href":"https:\/\/bihavadis.com\/index.php\/wp-json\/wp\/v2\/tags?post=47478"}],"curies":[{"name":"wp","href":"https:\/\/api.w.org\/{rel}","templated":true}]}}