{"id":47481,"date":"2026-02-25T16:33:07","date_gmt":"2026-02-25T16:33:07","guid":{"rendered":"https:\/\/bihavadis.com\/?p=47481"},"modified":"2026-02-25T16:33:07","modified_gmt":"2026-02-25T16:33:07","slug":"genclerbirliginin-yeni-teknik-direktoru-belli-oldu","status":"publish","type":"post","link":"https:\/\/bihavadis.com\/index.php\/2026\/02\/25\/genclerbirliginin-yeni-teknik-direktoru-belli-oldu\/","title":{"rendered":"Gen\u00e7lerbirli\u011fi&#8217;nin yeni teknik direkt\u00f6r\u00fc belli oldu"},"content":{"rendered":"<p>S\u00fcper Lig ekiplerinden Gen\u00e7lerbirli\u011fi&#8217;nde teknik direkt\u00f6rl\u00fck de\u011fi\u015fimi ya\u015fand\u0131.<\/p>\n<p>Ge\u00e7ti\u011fimiz g\u00fcn g\u00f6revine son verilen Metin Diyadin&#8217;in yerine gelen isim belli oldu.<\/p>\n<p><strong>&#8220;HO\u015e GELD\u0130N LEVENT \u015eAH\u0130N&#8221;<\/strong><\/p>\n<p>Ba\u015fkent temsilcisi, Metin Diyadin&#8217;in ard\u0131ndan teknik direkt\u00f6rl\u00fck g\u00f6revine Levent \u015eahin&#8217;i getirdi\u011fini a\u00e7\u0131klad\u0131.<\/p>\n<p>K\u0131rm\u0131z\u0131-siyahl\u0131lardan yap\u0131lan a\u00e7\u0131klamada <b><em>&#8220;Ho\u015f geldin Levent \u015eahin&#8221; <\/em><\/b>denildi.<\/p>\n<p>\u00d6te yandan \u015eahin, \u00fcnl\u00fc teknik adam Fatih Terim&#8217;in y\u0131llard\u0131r yard\u0131mc\u0131l\u0131\u011f\u0131n\u0131 yapmas\u0131yla hat\u0131rlan\u0131yordu.<\/p>\n<p><img decoding=\"async\" src=\"https:\/\/bihavadis.com\/wp-content\/uploads\/2026\/02\/genclerbirliginin-yeni-teknik-direktoru-belli-oldu-0-JShGIHKa.jpg\"\/><\/p>\n<p><strong>YILLARCA TER\u0130M&#8217;\u0130N YARDIMCILI\u011eINI YAPTI <\/strong><\/p>\n<p>\u00d6yle ki\u00a0Fatih Terim&#8217;in, Galatasaray ve A Milli Tak\u0131m d\u00f6nemlerinde ekibinde yer alan Levent \u015eahin, deneyimli teknik adam\u0131n Al Shabab&#8217;da g\u00f6rev yapt\u0131\u011f\u0131 d\u00f6nemde de yard\u0131mc\u0131 antren\u00f6r olarak bulunmu\u015ftu.<\/p>\n<p>\u015eahin, son teknik adaml\u0131k deneyimini Mart 2023-Haziran 2023 tarihleri aras\u0131nda \u0130skenderunspor&#8217;a ya\u015fam\u0131\u015ft\u0131.<\/p>\n<p><img decoding=\"async\" src=\"https:\/\/bihavadis.com\/wp-content\/uploads\/2026\/02\/genclerbirliginin-yeni-teknik-direktoru-belli-oldu-1-Qe2tnyKH.jpg\"\/><\/p>\n","protected":false},"excerpt":{"rendered":"<p>Gen\u00e7lerbirli\u011fi, teknik direkt\u00f6rl\u00fck g\u00f6revine uzun y\u0131llar Fatih Terim&#8217;in yard\u0131mc\u0131 antren\u00f6rl\u00fc\u011f\u00fcn\u00fc yapan Levent \u015eahin&#8217;in getirildi\u011fini a\u00e7\u0131klad\u0131.<\/p>\n","protected":false},"author":1,"featured_media":47482,"comment_status":"open","ping_status":"open","sticky":false,"template":"","format":"standard","meta":{"footnotes":""},"categories":[14],"tags":[1868],"class_list":["post-47481","post","type-post","status-publish","format-standard","has-post-thumbnail","hentry","category-spor","tag-teknik"],"_links":{"self":[{"href":"https:\/\/bihavadis.com\/index.php\/wp-json\/wp\/v2\/posts\/47481","targetHints":{"allow":["GET"]}}],"collection":[{"href":"https:\/\/bihavadis.com\/index.php\/wp-json\/wp\/v2\/posts"}],"about":[{"href":"https:\/\/bihavadis.com\/index.php\/wp-json\/wp\/v2\/types\/post"}],"author":[{"embeddable":true,"href":"https:\/\/bihavadis.com\/index.php\/wp-json\/wp\/v2\/users\/1"}],"replies":[{"embeddable":true,"href":"https:\/\/bihavadis.com\/index.php\/wp-json\/wp\/v2\/comments?post=47481"}],"version-history":[{"count":1,"href":"https:\/\/bihavadis.com\/index.php\/wp-json\/wp\/v2\/posts\/47481\/revisions"}],"predecessor-version":[{"id":47485,"href":"https:\/\/bihavadis.com\/index.php\/wp-json\/wp\/v2\/posts\/47481\/revisions\/47485"}],"wp:featuredmedia":[{"embeddable":true,"href":"https:\/\/bihavadis.com\/index.php\/wp-json\/wp\/v2\/media\/47482"}],"wp:attachment":[{"href":"https:\/\/bihavadis.com\/index.php\/wp-json\/wp\/v2\/media?parent=47481"}],"wp:term":[{"taxonomy":"category","embeddable":true,"href":"https:\/\/bihavadis.com\/index.php\/wp-json\/wp\/v2\/categories?post=47481"},{"taxonomy":"post_tag","embeddable":true,"href":"https:\/\/bihavadis.com\/index.php\/wp-json\/wp\/v2\/tags?post=47481"}],"curies":[{"name":"wp","href":"https:\/\/api.w.org\/{rel}","templated":true}]}}