{"id":47489,"date":"2026-02-25T16:39:37","date_gmt":"2026-02-25T16:39:37","guid":{"rendered":"https:\/\/bihavadis.com\/?p=47489"},"modified":"2026-02-25T16:39:37","modified_gmt":"2026-02-25T16:39:37","slug":"dervisoglundan-suriye-ve-deprem-uyarisi","status":"publish","type":"post","link":"https:\/\/bihavadis.com\/index.php\/2026\/02\/25\/dervisoglundan-suriye-ve-deprem-uyarisi\/","title":{"rendered":"Dervi\u015fo\u011flu&#8217;ndan Suriye ve Deprem Uyar\u0131s\u0131"},"content":{"rendered":"<p> \u0130Y\u0130 Parti Genel Ba\u015fkan\u0131 M\u00fcsavat Dervi\u015fo\u011flu, &#8221; Suriye&#8217;de yap\u0131lmas\u0131 gereken bellidir. Ter\u00f6r \u00f6rg\u00fct\u00fcn\u00fcn askeri ve siyasi kapasitesi bir daha dirilemeyecek \u015fekilde tasfiye edilmelidir.&#8221; dedi.<\/p>\n<p>Dervi\u015fo\u011flu, partisinin TBMM Grup Toplant\u0131s\u0131&#8217;nda yapt\u0131\u011f\u0131 konu\u015fmada, 6 \u015eubat 2023&#8217;teki Kahramanmara\u015f merkezli depremleri an\u0131msatarak, bu depremlerin Cumhuriyet tarihinin en a\u011f\u0131r felaketlerinden biri olarak kay\u0131tlara ge\u00e7ti\u011fini belirtti.<\/p>\n<p>Bu y\u0131k\u0131m\u0131n yaln\u0131zca yer kabu\u011funun hareketiyle a\u00e7\u0131klanamayaca\u011f\u0131n\u0131, y\u00f6netim tercihlerinin, ihmallerin ve denetimsizli\u011fin bir sonucu oldu\u011funu, Ulusal Deprem Stratejisi ve Eylem Plan\u0131&#8217;n\u0131n haz\u0131rland\u0131\u011f\u0131n\u0131, bu plan\u0131n da ne \u00f6l\u00e7\u00fcde uyguland\u0131\u011f\u0131n\u0131n tart\u0131\u015fma konusu oldu\u011funu s\u00f6yledi.<\/p>\n<p>Dervi\u015fo\u011flu, depremin \u00fczerinden 3 y\u0131l ge\u00e7ti\u011fini ancak devletin halen yeni bir Ulusal Deprem Stratejisi ve Eylem Plan\u0131&#8217;n\u0131n olmad\u0131\u011f\u0131n\u0131 iddia etti.<\/p>\n<p>\u0130stanbul ve Marmara B\u00f6lgesi i\u00e7in beklenen depremin bir s\u00f6ylentiden ibaret olmad\u0131\u011f\u0131na dikkati \u00e7eken Dervi\u015fo\u011flu, &#8220;Bu iktidar ba\u015fta olmak \u00fczere hi\u00e7bir ki\u015fi ve kurum bir sonraki b\u00fcy\u00fck depremde &#8216;kader&#8217; deme l\u00fcks\u00fcne sahip de\u011fildir. \u00c7\u00fcnk\u00fc kader bilinmeyene denir. Oysa burada her \u015fey bilinmektedir. Risk, tehlike, yap\u0131lmas\u0131 gerekenler, bilinmekte ama yap\u0131lmamaktad\u0131r.&#8221; diye konu\u015ftu.<\/p>\n<p>T\u00fcrkiye&#8217;de n\u00fcfus ile ekonominin birka\u00e7 b\u00fcy\u00fck \u015fehirde, \u00fcretim ve gelirin de dar bir alanda topland\u0131\u011f\u0131na i\u015faret eden Dervi\u015fo\u011flu, bunun adaletsiz ve k\u0131r\u0131lgan bir tablo oldu\u011funu belirtti.<\/p>\n<p>Dervi\u015fo\u011flu, \u015f\u00f6yle konu\u015ftu: <\/p>\n<p>&#8220;Allah korusun, bu merkezlerde ya\u015fanacak b\u00fcy\u00fck bir sars\u0131nt\u0131n\u0131n, bir afetin, bir kesintinin, \u00fclkemize nelere mal olaca\u011f\u0131n\u0131 ger\u00e7ekten hesaplad\u0131n\u0131z m\u0131? Bu tablo, risk y\u00f6netimi ve kalk\u0131nma a\u00e7\u0131s\u0131ndan, s\u00fcrd\u00fcr\u00fclebilir de\u011fildir. Bu tablo, toplumsal bar\u0131\u015f ve huzur a\u00e7\u0131s\u0131ndan da s\u00fcrd\u00fcr\u00fclebilir de\u011fildir. \u00c7\u00fcnk\u00fc bu yap\u0131 bir yanda a\u015f\u0131r\u0131 y\u0131\u011f\u0131lma, di\u011fer yanda ise geride b\u0131rak\u0131lm\u0131\u015f \u015fehirler \u00fcretmektedir. Bir yanda f\u0131rsata bo\u011fulan merkezler, di\u011fer yanda potansiyeline ula\u015famayan Anadolu vard\u0131r.&#8221;<\/p>\n<p>Dervi\u015fo\u011flu, bu durumun planlama eksikli\u011fi ile devletin mekan\u0131, \u00fcretimi ve kayna\u011f\u0131 bir b\u00fct\u00fcn olarak ele almamas\u0131n\u0131n sonucunda ortaya \u00e7\u0131kt\u0131\u011f\u0131n\u0131 ileri s\u00fcrd\u00fc.<\/p>\n<p>Ekonominin birka\u00e7 lokomotif \u015fehrin s\u0131rt\u0131na y\u00fcklenmesi durumunda o \u015fehirlerin de bir s\u00fcre sonra bunu ta\u015f\u0131yamaz hale gelece\u011fi uyar\u0131s\u0131nda bulunan Dervi\u015fo\u011flu, \u015fu de\u011ferlendirmelerde bulundu: <\/p>\n<p>&#8220;\u0130\u015fte bu y\u00fczden Anadolu&#8217;ya yeniden yerle\u015fmeliyiz. Bu bir ikamet planlamas\u0131 de\u011fil, bir g\u00fcvenlik \u00e7a\u011fr\u0131s\u0131d\u0131r. Bu bir kalk\u0131nma \u00e7a\u011fr\u0131s\u0131d\u0131r. Bu, bir devlet akl\u0131 \u00e7a\u011fr\u0131s\u0131d\u0131r. Anadolu&#8217;ya yeniden yerle\u015fmek b\u00fcy\u00fck\u015fehirlerden memlekete d\u00f6n\u00fc\u015f de de\u011fildir. Anadolu&#8217;ya yeniden yerle\u015fmek insan\u0131m\u0131z\u0131, \u00fcretimi, sanayiyi, tar\u0131m\u0131, lojisti\u011fi, e\u011fitimi ve yat\u0131r\u0131m\u0131 ak\u0131lc\u0131 bi\u00e7imde \u00fclke sath\u0131na yaymakt\u0131r. Anadolu&#8217;ya yeniden yerle\u015fmek T\u00fcrkiye&#8217;nin d\u00f6rt bir yan\u0131nda y\u0131ld\u0131z \u015fehirler \u00e7\u0131karmakt\u0131r. En az 15 \u015fehrimizi cazibe merkezi haline getirmektir. Ekonomik olarak T\u00fcrkiye&#8217;ye bir T\u00fcrkiye daha eklemektir.&#8221;<\/p>\n<p>&#8220;Rakamlarla hayat aras\u0131ndaki ba\u011f kopmu\u015ftur&#8221;<\/p>\n<p>H\u00fck\u00fcmetin ekonomi politikalar\u0131n\u0131 ele\u015ftiren Dervi\u015fo\u011flu, bu \u00fclkede rakamlarla hayat aras\u0131ndaki ba\u011f\u0131n koptu\u011funu, her ay a\u00e7\u0131klanan resmi enflasyon rakamlar\u0131yla, milletin pazarda, markette, mutfakta ya\u015fad\u0131\u011f\u0131 ger\u00e7eklerin asla ayn\u0131 \u015feyler olmad\u0131\u011f\u0131n\u0131 savundu.<\/p>\n<p>&#8220;Bu fark \u00f6l\u00e7\u00fcm hatas\u0131 de\u011fil, bir y\u00f6netim tercihidir.&#8221; diyen Dervi\u015fo\u011flu, \u015f\u00f6yle devam etti: <\/p>\n<p>&#8220;Enflasyon, ekonominin bir \u00e7\u0131pas\u0131d\u0131r. O \u00e7\u0131pa g\u00fcvenilir de\u011filse ne para politikas\u0131 \u00e7al\u0131\u015f\u0131r ne de vatanda\u015f gelece\u011fini planlayabilir. Bir tahlilin sonucuyla oynayarak kan de\u011ferlerini ka\u011f\u0131t \u00fczerinde d\u00fc\u015f\u00fcrebilirsiniz. Ama o hastal\u0131k i\u00e7eride ilerlemeye devam eder. Bug\u00fcn yap\u0131lan tam olarak budur. Ger\u00e7ek enflasyonu hal\u0131n\u0131n alt\u0131na s\u00fcp\u00fcr\u00fcp, s\u00f6zde resmi rakamlar \u00fczerinden politika \u00fcretmek binan\u0131n temellerindeki \u00e7atlaklar\u0131 boyayla kapat\u0131p &#8216;sa\u011flam&#8217; raporu vermeye benzer. Bu durum, ekonomiyi iyile\u015ftirmez sadece g\u00fcveni \u00e7\u00fcr\u00fct\u00fcr. Vatanda\u015f, a\u00e7\u0131klanan rakamla pazar po\u015feti aras\u0131ndaki u\u00e7urumu her g\u00fcn bizzat ya\u015f\u0131yor. Devletin kendi istatistiklerini bir risk y\u00f6netimi arac\u0131 olmaktan \u00e7\u0131kar\u0131p, bir alg\u0131 y\u00f6netimi arac\u0131na d\u00f6n\u00fc\u015ft\u00fcrmesi belirsizli\u011fi art\u0131ran en b\u00fcy\u00fck risktir.&#8221;<\/p>\n<p>Suriye&#8217;deki geli\u015fmeler<\/p>\n<p>Suriye&#8217;deki geli\u015fmelere de\u011finen Dervi\u015fo\u011flu, sahadaki geli\u015fmelerin y\u0131llard\u0131r uyard\u0131klar\u0131 bir hakikati b\u00fct\u00fcn \u00e7\u0131plakl\u0131\u011f\u0131yla ortaya koydu\u011funu s\u00f6yledi.<\/p>\n<p>Dervi\u015fo\u011flu, \u015eam y\u00f6netimiyle ter\u00f6r \u00f6rg\u00fct\u00fc YPG aras\u0131nda var\u0131lan mutabakat\u0131n do\u011fru okunmas\u0131 gerekti\u011fini, e\u011fer al\u0131nan bir mesafe varsa bunun ne \u00d6calan&#8217;la kurulan muhatapl\u0131\u011f\u0131n ne de i\u00e7 siyasete malzeme yap\u0131lan s\u00f6ylemlerin \u00fcr\u00fcn\u00fc oldu\u011funu belirtti.<\/p>\n<p>\u0130Y\u0130 Parti Genel Ba\u015fkan\u0131 Dervi\u015fo\u011flu, ortaya \u00e7\u0131kan sonucun T\u00fcrk g\u00fcvenlik b\u00fcrokrasisinin kararl\u0131l\u0131\u011f\u0131 ve askeri se\u00e7eneklerin masada tutulmas\u0131 sayesinde ger\u00e7ekle\u015fti\u011fini s\u00f6yledi.<\/p>\n<p>T\u00fcrkiye&#8217;nin bekas\u0131 ad\u0131na elde edilen kazan\u0131mlar\u0131n ter\u00f6rist ba\u015f\u0131n\u0131n yahut yeni yetme Apocular\u0131n dahliyle elde edilmedi\u011finin a\u00e7\u0131k oldu\u011funu dile getiren Dervi\u015fo\u011flu, \u015fu ifadeleri kulland\u0131: <\/p>\n<p>&#8220;PKK&#8217;n\u0131n ve YPG&#8217;nin geri ad\u0131m\u0131, askeri bask\u0131 sonucu gelmi\u015ftir. Gerisi, sonradan yaz\u0131lm\u0131\u015f masallard\u0131r. PKK&#8217;y\u0131 Suriye&#8217;de siyasal makyajla yeniden \u00fcretmeye \u00e7al\u0131\u015fan hi\u00e7bir modele ve a\u00e7\u0131l\u0131ma g\u00f6z yummay\u0131n. PKK&#8217;y\u0131 tam ve kal\u0131c\u0131 bi\u00e7imde ezecekken onu dolayl\u0131 yollarla yeniden aya\u011fa kald\u0131racak hi\u00e7bir siyasal manevraya izin vermeyin. Suriye&#8217;de yap\u0131lmas\u0131 gereken bellidir. Ter\u00f6r \u00f6rg\u00fct\u00fcn\u00fcn askeri ve siyasi kapasitesi bir daha dirilemeyecek \u015fekilde tasfiye edilmelidir. Elinde askerimizin kan\u0131 olan unsurlar\u0131n devlet yap\u0131lar\u0131 i\u00e7ine s\u0131zmas\u0131na asla m\u00fcsaade edilmemelidir.&#8221;<\/p>\n<p>Dervi\u015fo\u011flu, T\u00fcrkiye, Suudi Arabistan ve Pakistan hatt\u0131nda askeri ve stratejik bir ittifak aray\u0131\u015f\u0131n\u0131n g\u00fcndeme geldi\u011fini dile getirerek, bu \u00fclkelerle ekonomik ve siyasi i\u015fbirli\u011finin s\u00fcrmesine kar\u015f\u0131 olmad\u0131klar\u0131n\u0131 ancak bu eksen \u00fczerinden kurulacak askeri ve stratejik ittifaklar\u0131n T\u00fcrkiye&#8217;yi yeni risk alanlar\u0131na s\u00fcr\u00fcklemesinden ciddi bi\u00e7imde endi\u015fe ettiklerini kaydetti.<\/p>\n<p>T\u00fcrkiye&#8217;nin \u00f6ncelikle Azerbaycan ile ili\u015fkilerini y\u00fcksek d\u00fczeyde tutmas\u0131 gerekti\u011fini vurgulayan Dervi\u015fo\u011flu, ne yaz\u0131k ki son d\u00f6nemde T\u00fcrkiye ile Azerbaycan ili\u015fkisini zay\u0131flatmak isteyen ve T\u00fcrkiye&#8217;yi Arap siyasetinin bir akt\u00f6r\u00fc haline getirmeye \u00e7al\u0131\u015fan yakla\u015f\u0131mlar bulundu\u011funu kaydetti.<\/p>\n<p>\u0130ran ile \u0130srail ve ABD aras\u0131ndaki gerilime dikkati \u00e7eken Dervi\u015fo\u011flu, \u015f\u00f6yle devam etti: <\/p>\n<p>&#8221; Orta Do\u011fu&#8217;ya d\u0131\u015far\u0131dan yap\u0131lan hi\u00e7bir askeri m\u00fcdahale istikrar, bar\u0131\u015f ve refah getirmemi\u015ftir. Aksine bu m\u00fcdahaleler i\u00e7 sava\u015f, yoksulluk, yozla\u015fma ve kitlesel g\u00f6\u00e7 dalgalar\u0131 \u00fcretmi\u015ftir. \u0130ran&#8217;daki mevcut rejim ciddi bir me\u015fruiyet krizi ya\u015famaktad\u0131r. Evet, \u0130ran halk\u0131n\u0131n itirazlar\u0131 hakl\u0131d\u0131r. Ancak bu ger\u00e7ekler uluslararas\u0131 hukuku ve b\u00f6lgesel g\u00fcvenli\u011fi tehlikeye atan hi\u00e7bir d\u0131\u015f m\u00fcdahaleyi me\u015fru k\u0131lmaz. Hele de i\u015fin i\u00e7inde \u015feytan orta\u011f\u0131 Netanyahu&#8217;nun dahli varsa hi\u00e7 etmez. \u0130ran&#8217;\u0131n kaderine \u0130ran halk\u0131 karar vermelidir. D\u00f6n\u00fc\u015f\u00fcm d\u0131\u015far\u0131dan zorla de\u011fil, i\u00e7eriden, daha demokratik ve daha kapsay\u0131c\u0131 y\u00f6ntemlerle ger\u00e7ekle\u015fmelidir. \u0130ran devleti, mevcut otoriter yap\u0131s\u0131n\u0131 daha demokratik ve kapsay\u0131c\u0131 bir sistemle ikame etti\u011fini d\u00fcnyaya derhal ilan etmelidir. \u0130ran&#8217;\u0131 ve b\u00f6lgeyi istikrara kavu\u015fturacak yol budur. \u015euna inan\u0131yoruz \u0130ran&#8217;\u0131n gelece\u011fi zorbalara, mollalara, kuklalara de\u011fil, \u0130ran halk\u0131na aittir.&#8221;<\/p>\n","protected":false},"excerpt":{"rendered":"<p>\u0130Y\u0130 Parti lideri Dervi\u015fo\u011flu, Suriye&#8217;de ter\u00f6rle m\u00fccadele ve depremlerle ilgili ele\u015ftirilerde bulundu.<\/p>\n","protected":false},"author":1,"featured_media":47490,"comment_status":"open","ping_status":"open","sticky":false,"template":"","format":"standard","meta":{"footnotes":""},"categories":[12],"tags":[2032,1996,271,197,587],"class_list":["post-47489","post","type-post","status-publish","format-standard","has-post-thumbnail","hentry","category-siyaset","tag-askeri","tag-dervisoglu","tag-iran","tag-turkiye","tag-yapi"],"_links":{"self":[{"href":"https:\/\/bihavadis.com\/index.php\/wp-json\/wp\/v2\/posts\/47489","targetHints":{"allow":["GET"]}}],"collection":[{"href":"https:\/\/bihavadis.com\/index.php\/wp-json\/wp\/v2\/posts"}],"about":[{"href":"https:\/\/bihavadis.com\/index.php\/wp-json\/wp\/v2\/types\/post"}],"author":[{"embeddable":true,"href":"https:\/\/bihavadis.com\/index.php\/wp-json\/wp\/v2\/users\/1"}],"replies":[{"embeddable":true,"href":"https:\/\/bihavadis.com\/index.php\/wp-json\/wp\/v2\/comments?post=47489"}],"version-history":[{"count":1,"href":"https:\/\/bihavadis.com\/index.php\/wp-json\/wp\/v2\/posts\/47489\/revisions"}],"predecessor-version":[{"id":47491,"href":"https:\/\/bihavadis.com\/index.php\/wp-json\/wp\/v2\/posts\/47489\/revisions\/47491"}],"wp:featuredmedia":[{"embeddable":true,"href":"https:\/\/bihavadis.com\/index.php\/wp-json\/wp\/v2\/media\/47490"}],"wp:attachment":[{"href":"https:\/\/bihavadis.com\/index.php\/wp-json\/wp\/v2\/media?parent=47489"}],"wp:term":[{"taxonomy":"category","embeddable":true,"href":"https:\/\/bihavadis.com\/index.php\/wp-json\/wp\/v2\/categories?post=47489"},{"taxonomy":"post_tag","embeddable":true,"href":"https:\/\/bihavadis.com\/index.php\/wp-json\/wp\/v2\/tags?post=47489"}],"curies":[{"name":"wp","href":"https:\/\/api.w.org\/{rel}","templated":true}]}}