{"id":47541,"date":"2026-02-25T17:15:37","date_gmt":"2026-02-25T17:15:37","guid":{"rendered":"https:\/\/bihavadis.com\/?p=47541"},"modified":"2026-02-25T17:15:37","modified_gmt":"2026-02-25T17:15:37","slug":"gaziantepte-ihtiyac-sahibi-vatandaslara-ramazan-mujdesi-bakkalkart","status":"publish","type":"post","link":"https:\/\/bihavadis.com\/index.php\/2026\/02\/25\/gaziantepte-ihtiyac-sahibi-vatandaslara-ramazan-mujdesi-bakkalkart\/","title":{"rendered":"Gaziantep&#8217;te ihtiya\u00e7 sahibi vatanda\u015flara Ramazan m\u00fcjdesi: &#8216;BakkalKart&#8217;"},"content":{"rendered":"<p> Gaziantep&#8217;te Ramazan ay\u0131nda ihtiya\u00e7 sahibi vatanda\u015flar\u0131 ve mahalle bakkallar\u0131n\u0131 desteklemek ad\u0131na hayata ge\u00e7irilen &#8220;BakkalKart Al\u0131\u015fveri\u015f \u00c7eki&#8221; projesinin protokol\u00fc imzaland\u0131. BakkalKart projesi ile en az 52 milyon TL&#8217;lik yard\u0131m ihtiya\u00e7 sahiplerine ula\u015ft\u0131r\u0131lacak.<\/p>\n<p>Gaziantep&#8217;te valilik, Sosyal Yard\u0131mla\u015fma ve Dayan\u0131\u015fma Vak\u0131flar\u0131, Esnaf ve Sanatkarlar Odalar\u0131 Birli\u011fi ile Gaziantep Bakkallar Odas\u0131 aras\u0131nda &#8220;BakkalKart Al\u0131\u015fveri\u015f \u00c7eki&#8221; projesinin protokol\u00fc imzaland\u0131. Bu y\u0131l \u00fc\u00e7\u00fcnc\u00fcs\u00fc yap\u0131lan BakkalKart projesi ile 52 milyon TL&#8217;lik yard\u0131m ula\u015ft\u0131r\u0131lacak, hem ihtiya\u00e7 sahipleri hem de mahalle bakkallar\u0131 desteklenecek.<\/p>\n<p>&#8220;BakkalKart, T\u00fcrkiye&#8217;de kabul edilen bir Gaziantep Modeli oldu&#8221;<\/p>\n<p>Bakkal Kart projesi ile ilgili bilgi veren ve projesinin bir &#8216;Gaziantep Modeli&#8217; oldu\u011funu belirten Gaziantep Valisi Kemal \u00c7eber, &#8220;Bakkalkart Al\u0131\u015fveri\u015f \u00c7eki projesinin protokol\u00fc i\u00e7in bir araday\u0131z. Bu proje art\u0131k T\u00fcrkiye&#8217;de kabul edilen bir Gaziantep Modeli oldu. Gaziantep&#8217;te ihtiya\u00e7 sahibi karde\u015flerimiz ve desteklenmesi gerek mahalle bakkallar\u0131m\u0131z var. Bunlara bu yard\u0131mlar\u0131 ula\u015ft\u0131rmak i\u00e7in devlet kurumlar\u0131m\u0131z ve hay\u0131rseverlerimiz var. Bu nedenle en faydal\u0131 model olarak Bakkalkart projesini uygun g\u00f6rd\u00fck. Biz bu kartlar\u0131 ihtiya\u00e7 sahibi vatanda\u015flar\u0131m\u0131za ula\u015ft\u0131raca\u011f\u0131z, onlar da bu kartlarla sisteme dahi olan mahalle bakkallar\u0131na gidecek. Kart\u0131n sistemi uygun ger\u00e7ek kart oldu\u011funu an\u0131nda tespit edilecek ve vatanda\u015flar\u0131m\u0131z al\u0131\u015fveri\u015f i\u00e7in kartlar\u0131n\u0131 kullanabilecek&#8221; dedi.<\/p>\n<p>Hem ihtiya\u00e7 sahipleri hem de mahalle bakkallar\u0131 desteklenecek<\/p>\n<p>Projenin ama\u00e7lar\u0131yla ilgili de bilgi veren Vali Kemel \u00c7eber, &#8220;Biz bu kartlarla ihtiya\u00e7 sahibi vatanda\u015flara yard\u0131m ula\u015ft\u0131rmay\u0131, mahalle bakkallar\u0131n\u0131n ya\u015famas\u0131n\u0131 ve nefes almas\u0131n\u0131 sa\u011flamay\u0131 ve hay\u0131rseverlerin yard\u0131mlar\u0131n\u0131 en uygun \u015fekilde yapmalar\u0131n\u0131 sa\u011flamay\u0131 ama\u00e7l\u0131yoruz&#8221; ifadelerini kulland\u0131.<\/p>\n<p>Projeye hay\u0131rseverler de destek olabilecek<\/p>\n<p>\u0130steyen hay\u0131rseverlerin belirlenen hesap numaralar\u0131na diledikleri kadar para g\u00f6ndererek BakkalKart projesine destek olabileceklerini de belirten Vali \u00c7eber, &#8220;Hay\u0131rseverlerimiz de yapt\u0131klar\u0131 yada yapacaklar\u0131 hay\u0131r miktar\u0131 kadar bizden sat\u0131n al\u0131p kendi yard\u0131m etmek istedi\u011fi ki\u015filere da\u011f\u0131tabilirler. Onun d\u0131\u015f\u0131nda bizim bu i\u015f i\u00e7in olu\u015fturulmu\u015f \u00f6zel hesapta hay\u0131rlar\u0131 toparl\u0131yoruz ve ondan sonra ald\u0131\u011f\u0131m\u0131z kartlar\u0131 vak\u0131flar\u0131m\u0131zdan d\u00fczenli olarak yard\u0131m alan vatanda\u015flara ile bize ba\u015fvurup da uygun g\u00f6r\u00fclen vatanda\u015flara da\u011f\u0131t\u0131yoruz&#8221; \u015feklinde konu\u015ftu.<\/p>\n<p>&#8220;\u0130lk etapta 33 bin kartla toplamda en az 52 milyon TL&#8217;lik yard\u0131m ula\u015ft\u0131r\u0131lacak&#8221;<\/p>\n<p>Projenin 3 y\u0131l \u00f6nce ba\u015flad\u0131\u011f\u0131n\u0131 da hat\u0131rlatan bu y\u0131l \u00fc\u00e7\u00fcnc\u00fc kez yap\u0131lan proje ile en az 52 milyon TL yard\u0131m\u0131 ihtiya\u00e7 sahiplerine ula\u015ft\u0131racaklar\u0131n\u0131 belirterek, &#8220;Bu kampanyay\u0131 ilk olarak 3 y\u0131l evvel ba\u015flatt\u0131k ve yakla\u015f\u0131k 40 milyon TL&#8217;lik yard\u0131m\u0131 bakkallar\u0131 da destekleyerek vatanda\u015flar\u0131m\u0131za ula\u015ft\u0131rd\u0131k. Ge\u00e7en y\u0131lki kampanyada ise yine 40 milyon TL&#8217;lik yard\u0131m\u0131 ihtiya\u00e7 sahibi vatanda\u015flara ula\u015ft\u0131rd\u0131k. Bu sene de ilk etapta 33 bin kart bast\u0131rd\u0131k. Her bir kart\u0131m\u0131z\u0131n de\u011ferli bin 500 TL. Yani toplamda 52 milyon TL&#8217;lik kart bast\u0131r\u0131lm\u0131\u015f durumda. Gelecek yard\u0131mlara g\u00f6re de bu miktar artacak. Kartlar\u0131m\u0131z bin 500 TL de\u011ferin de ancak ihtiya\u00e7 sahibinin durumuna g\u00f6re kimisine 1 kart, kimisine 2 kart, kimisine de 3 kart verilebilecek&#8221; diye konu\u015ftu.<\/p>\n<p>Vali Kemal \u00c7eber, Aile ve Sosyal Hizmetler Bakanl\u0131\u011f\u0131 taraf\u0131ndan da \u00f6zel olarak desteklenen projenin hay\u0131rl\u0131 olmas\u0131n\u0131 dileyerek Ramazan ay\u0131 boyunca ihtiya\u00e7 sahibi t\u00fcm vatanda\u015flara ula\u015fmay\u0131 hedeflediklerini de s\u00f6zlerine ekledi.<\/p>\n<p>Protokol imza t\u00f6renine Gaziantep Valisi Kemal \u00c7eber, Gaziantep Sosyal Yard\u0131mla\u015fma ve Dayan\u0131\u015fma Vakf\u0131 Sorumlu Vali Yard\u0131mc\u0131s\u0131 B\u00fclent Uygur, \u015eahinbey Kaymakam\u0131 Mehmet Emin Ta\u015f\u00e7\u0131, \u015eehitkamil Kaymakam\u0131 \u00d6mer Hilmi Yaml\u0131, Esnaf ve Sanatkarlar Odalar\u0131 Birli\u011fi Ba\u015fkan\u0131 \u0130smet \u00d6zcan ile Bakkallar Esnaf Odalar\u0131 Ba\u015fkan\u0131 Vakkas Kat\u0131rl\u0131 kat\u0131ld\u0131. &#8211; GAZ\u0130ANTEP<\/p>\n","protected":false},"excerpt":{"rendered":"<p>Gaziantep&#8217;te Ramazan ay\u0131nda ihtiya\u00e7 sahibi vatanda\u015flar\u0131 ve mahalle bakkallar\u0131n\u0131 desteklemek ad\u0131na hayata ge\u00e7irilen &#8220;BakkalKart Al\u0131\u015fveri\u015f \u00c7eki&#8221; projesinin protokol\u00fc imzaland\u0131.<\/p>\n","protected":false},"author":1,"featured_media":47542,"comment_status":"open","ping_status":"open","sticky":false,"template":"","format":"standard","meta":{"footnotes":""},"categories":[8],"tags":[498,1777,1157,3127,579],"class_list":["post-47541","post","type-post","status-publish","format-standard","has-post-thumbnail","hentry","category-ekonomi","tag-destek","tag-gaziantep","tag-kart","tag-projesi","tag-yardim"],"_links":{"self":[{"href":"https:\/\/bihavadis.com\/index.php\/wp-json\/wp\/v2\/posts\/47541","targetHints":{"allow":["GET"]}}],"collection":[{"href":"https:\/\/bihavadis.com\/index.php\/wp-json\/wp\/v2\/posts"}],"about":[{"href":"https:\/\/bihavadis.com\/index.php\/wp-json\/wp\/v2\/types\/post"}],"author":[{"embeddable":true,"href":"https:\/\/bihavadis.com\/index.php\/wp-json\/wp\/v2\/users\/1"}],"replies":[{"embeddable":true,"href":"https:\/\/bihavadis.com\/index.php\/wp-json\/wp\/v2\/comments?post=47541"}],"version-history":[{"count":1,"href":"https:\/\/bihavadis.com\/index.php\/wp-json\/wp\/v2\/posts\/47541\/revisions"}],"predecessor-version":[{"id":47543,"href":"https:\/\/bihavadis.com\/index.php\/wp-json\/wp\/v2\/posts\/47541\/revisions\/47543"}],"wp:featuredmedia":[{"embeddable":true,"href":"https:\/\/bihavadis.com\/index.php\/wp-json\/wp\/v2\/media\/47542"}],"wp:attachment":[{"href":"https:\/\/bihavadis.com\/index.php\/wp-json\/wp\/v2\/media?parent=47541"}],"wp:term":[{"taxonomy":"category","embeddable":true,"href":"https:\/\/bihavadis.com\/index.php\/wp-json\/wp\/v2\/categories?post=47541"},{"taxonomy":"post_tag","embeddable":true,"href":"https:\/\/bihavadis.com\/index.php\/wp-json\/wp\/v2\/tags?post=47541"}],"curies":[{"name":"wp","href":"https:\/\/api.w.org\/{rel}","templated":true}]}}