{"id":47745,"date":"2026-02-25T19:54:06","date_gmt":"2026-02-25T19:54:06","guid":{"rendered":"https:\/\/bihavadis.com\/?p=47745"},"modified":"2026-02-25T19:54:06","modified_gmt":"2026-02-25T19:54:06","slug":"vatandaslik-maasinda-detaylar-netlesti-iste-yardim-yapilacak-kalemler","status":"publish","type":"post","link":"https:\/\/bihavadis.com\/index.php\/2026\/02\/25\/vatandaslik-maasinda-detaylar-netlesti-iste-yardim-yapilacak-kalemler\/","title":{"rendered":"Vatanda\u015fl\u0131k maa\u015f\u0131nda detaylar netle\u015fti! \u0130\u015fte yard\u0131m yap\u0131lacak kalemler"},"content":{"rendered":"<p>Geliri d\u00fc\u015f\u00fck ailelerin desteklenmesi amac\u0131yla yeni bir sosyal destek sistemi uygulamaya al\u0131nacak. &#8220;Gelir Tamamlay\u0131c\u0131 Aile Destek Sistemi&#8221; adl\u0131 uygulaman\u0131n bu y\u0131l illerdeki baz\u0131 mahallelerde pilot uygulamas\u0131n\u0131n ba\u015flat\u0131lmas\u0131 daha sonra da \u00fclke genelinde yayg\u0131nla\u015ft\u0131r\u0131lmas\u0131 planlan\u0131yor.<\/p>\n<p><b>K\u0130RA, GIDA VE ISINMA YARDIMLARI VER\u0130LECEK<\/b><\/p>\n<p>Uygulama kapsam\u0131nda Hazine ve Maliye ile Aile ve Sosyal Hizmetler bakanl\u0131klar\u0131, sistem ve gelirler \u00fczerinde inceleme ba\u015flatarak \u00e7al\u0131\u015fma yap\u0131yor. \u00c7al\u0131\u015fmalar\u0131n tamamlanmas\u0131n\u0131n ard\u0131ndan hayata ge\u00e7irilecek yeni sistemle, geliri belirli e\u015fi\u011fin alt\u0131ndaki ailelere kira, g\u0131da ve \u0131s\u0131nma gibi yard\u0131mlar verilecek.<\/p>\n<p>B\u00f6lge bazl\u0131 incelemeler yap\u0131larak hangi b\u00f6lgelerde ne gibi ihtiya\u00e7lar\u0131n oldu\u011fu da belirlenecek. Bu \u00e7er\u00e7evede \u0131s\u0131nma giderlerinin fazla oldu\u011fu illerde ailelere \u0131s\u0131nma yard\u0131m\u0131 yap\u0131lacak. B\u00f6lge ve mahalle bazl\u0131 incelemelerin ard\u0131ndan sosyal destek program\u0131 kapsam\u0131nda kira yard\u0131m\u0131 da ger\u00e7ekle\u015ftirilecek. B\u00f6ylece belirlenen e\u015fik de\u011ferin alt\u0131nda geliri bulunanlara \u0131s\u0131nma, kira ve g\u0131da yard\u0131mlar\u0131na gidilecek.<\/p>\n<p>Uygulaman\u0131n kapsam\u0131n\u0131n ve gelir e\u015fi\u011finin belirlenmesinin ard\u0131ndan sosyal yard\u0131mlar alan\u0131nda gerek duyulmas\u0131 halinde yasal d\u00fczenlemelere de gidilecek.<\/p>\n<p><b>CEVDET YILMAZ M\u00dcJDEY\u0130 VERM\u0130\u015eT\u0130<\/b><\/p>\n<p>Cumhurba\u015fkan\u0131 Yard\u0131mc\u0131s\u0131 Cevdet Y\u0131lmaz, TBMM Genel Kurulu&#8217;ndaki 2026 b\u00fct\u00e7e g\u00f6r\u00fc\u015fmelerinde sistemi duyurarak, \u015fu ifadeleri kullanm\u0131\u015ft\u0131:<\/p>\n<p> &#8220;GETAD diyoruz, Gelir Tamamlay\u0131c\u0131 Aile Destek Sistemi. Bu sistemin pilot uygulamas\u0131n\u0131 \u00f6n\u00fcm\u00fczdeki y\u0131l ba\u015flataca\u011f\u0131z birka\u00e7 ilimizde. 2027 y\u0131l\u0131nda ise t\u00fcm \u00fclkeye yaymay\u0131 planl\u0131yoruz. Bu yeni destek modelimiz \u00f6z\u00fc itibar\u0131yla bir e\u015fik gelirin alt\u0131nda kalan aileleri destekleyici bir model olacak ama istihdam piyasalar\u0131ndan cayd\u0131r\u0131c\u0131 nitelikte de olmayacak. Bu genel kavramsal \u00e7er\u00e7eve i\u00e7inde yeni bir sistemi de \u00fclkemize kazand\u0131raca\u011f\u0131z. Sosyal yard\u0131m alan\u0131nda yap\u0131sal bir reformu da hayata ge\u00e7irmi\u015f olaca\u011f\u0131z.&#8221;<\/p>\n","protected":false},"excerpt":{"rendered":"<p>Geliri belirli e\u015fi\u011fin alt\u0131nda kalan hanelere g\u0131da, \u0131s\u0131nma ve kira gibi yard\u0131m kalemlerinin verilmesini \u00f6ng\u00f6ren Gelir Tamamlay\u0131c\u0131 Aile Destek Sistemi (Vatanda\u015fl\u0131k maa\u015f\u0131) bu y\u0131l hayata ge\u00e7irilecek. 2027 y\u0131l\u0131nda ise t\u00fcm \u00fclkeye yay\u0131lacak vatanda\u015fl\u0131k maa\u015f\u0131nda geliri belirli e\u015fi\u011fin alt\u0131ndaki ailelere kira, g\u0131da ve \u0131s\u0131nma gibi yard\u0131mlar verilecek.<\/p>\n","protected":false},"author":1,"featured_media":47746,"comment_status":"open","ping_status":"open","sticky":false,"template":"","format":"standard","meta":{"footnotes":""},"categories":[12],"tags":[250,498,1422,2388,579],"class_list":["post-47745","post","type-post","status-publish","format-standard","has-post-thumbnail","hentry","category-siyaset","tag-aile","tag-destek","tag-gelir","tag-uygulama","tag-yardim"],"_links":{"self":[{"href":"https:\/\/bihavadis.com\/index.php\/wp-json\/wp\/v2\/posts\/47745","targetHints":{"allow":["GET"]}}],"collection":[{"href":"https:\/\/bihavadis.com\/index.php\/wp-json\/wp\/v2\/posts"}],"about":[{"href":"https:\/\/bihavadis.com\/index.php\/wp-json\/wp\/v2\/types\/post"}],"author":[{"embeddable":true,"href":"https:\/\/bihavadis.com\/index.php\/wp-json\/wp\/v2\/users\/1"}],"replies":[{"embeddable":true,"href":"https:\/\/bihavadis.com\/index.php\/wp-json\/wp\/v2\/comments?post=47745"}],"version-history":[{"count":1,"href":"https:\/\/bihavadis.com\/index.php\/wp-json\/wp\/v2\/posts\/47745\/revisions"}],"predecessor-version":[{"id":47747,"href":"https:\/\/bihavadis.com\/index.php\/wp-json\/wp\/v2\/posts\/47745\/revisions\/47747"}],"wp:featuredmedia":[{"embeddable":true,"href":"https:\/\/bihavadis.com\/index.php\/wp-json\/wp\/v2\/media\/47746"}],"wp:attachment":[{"href":"https:\/\/bihavadis.com\/index.php\/wp-json\/wp\/v2\/media?parent=47745"}],"wp:term":[{"taxonomy":"category","embeddable":true,"href":"https:\/\/bihavadis.com\/index.php\/wp-json\/wp\/v2\/categories?post=47745"},{"taxonomy":"post_tag","embeddable":true,"href":"https:\/\/bihavadis.com\/index.php\/wp-json\/wp\/v2\/tags?post=47745"}],"curies":[{"name":"wp","href":"https:\/\/api.w.org\/{rel}","templated":true}]}}