{"id":47830,"date":"2026-02-25T20:57:06","date_gmt":"2026-02-25T20:57:06","guid":{"rendered":"https:\/\/bihavadis.com\/?p=47830"},"modified":"2026-02-25T20:57:06","modified_gmt":"2026-02-25T20:57:06","slug":"israil-polisi-mescid-i-aksa-imami-abbasiyi-gozaltina-aldi","status":"publish","type":"post","link":"https:\/\/bihavadis.com\/index.php\/2026\/02\/25\/israil-polisi-mescid-i-aksa-imami-abbasiyi-gozaltina-aldi\/","title":{"rendered":"\u0130srail polisi Mescid-i Aksa \u0130mam\u0131 Abbasi\u2019yi g\u00f6zalt\u0131na ald\u0131"},"content":{"rendered":"<p>Ramazan ay\u0131 \u00f6ncesi \u0130srail&#8217;in Aksa provokasyonlar\u0131 artt\u0131&#8230;<\/p>\n<p>WAFA\u2019n\u0131n haberine g\u00f6re, \u0130srail polisi Aksa\u2019n\u0131n avlusuna bask\u0131n d\u00fczenleyerek \u0130mam Abbasi\u2019yi g\u00f6zalt\u0131na ald\u0131. G\u00f6zalt\u0131 i\u015flemine ili\u015fkin resmi makamlardan herhangi bir gerek\u00e7e a\u00e7\u0131klanmad\u0131.<\/p>\n<p>Haberde, s\u00f6z konusu g\u00f6zalt\u0131n\u0131n Tel Aviv y\u00f6netiminin son d\u00f6nemde Mescid-i Aksa \u00e7evresinde art\u0131rd\u0131\u011f\u0131 g\u00fcvenlik uygulamalar\u0131 kapsam\u0131nda ger\u00e7ekle\u015fmi\u015f olabilece\u011fi ifade edildi.<\/p>\n<p>\u0130srail makamlar\u0131n\u0131n Aksa imamlar\u0131 ve g\u00f6n\u00fcll\u00fclere y\u00f6nelik k\u0131s\u0131tlamalar\u0131 s\u0131k\u0131la\u015ft\u0131rd\u0131\u011f\u0131 belirtiliyor.<\/p>\n<p>\u0130srail\u2019in, i\u015fgal alt\u0131ndaki Do\u011fu Kud\u00fcs\u2019\u00fcn \u00f6zellikle Eski \u015eehir b\u00f6lgesi ve Mescid-i Aksa \u00e7evresinde uygulad\u0131\u011f\u0131 yo\u011fun g\u00fcvenlik \u00f6nlemleri nedeniyle b\u00f6lgede gerilim y\u00fcksek seyrediyor. Bu kapsamda Filistinli din g\u00f6revlileri ve aktivistlerin \u00fczerinde \u0130srail&#8217;in bask\u0131 kurma \u00e7abalar\u0131 kapsam\u0131nda g\u00f6zalt\u0131 i\u015flemleri yapt\u0131\u011f\u0131 de\u011ferlendiriliyor.<\/p>\n<p><strong>RAMAZAN YAKLA\u015eIRKEN \u0130SRA\u0130L&#8217;\u0130N PROVOKASYONLARI ARTTI<\/strong><\/p>\n<p>\u0130srail&#8217;de yay\u0131n yapan Kanal 7&#8217;nin haberine g\u00f6re Halevi, sabah saatlerinde Mescid-i Aksa&#8217;ya bask\u0131n d\u00fczenledi ve Yahudilerin kutsal metinlerinden Talmud&#8217;dan b\u00f6l\u00fcmler okudu.<\/p>\n<p>\u0130srailli yerle\u015fimcileri ramazan ay\u0131nda \u00f6\u011fleden sonralar\u0131 Aksa&#8217;ya bask\u0131nlar\u0131n\u0131 s\u00fcrd\u00fcrmeye \u00e7a\u011f\u0131ran Halevi, Aksa&#8217;n\u0131n avlusunda \u00e7ekilen videoda,<em><b> &#8220;Ramazan ay\u0131nda Mescid-i Aksa&#8217;da Yahudi dini rit\u00fcelleri de\u011fi\u015ftirilmemeli. Yahudiler, bu yerin (Aksa) me\u015fru sahipleridir.&#8221;<\/b><\/em> ifadesini kulland\u0131.<\/p>\n<p>Halevi ayr\u0131ca, ramazan ay\u0131nda \u00f6\u011fleden sonralar\u0131 yerle\u015fimcilerin Aksa bask\u0131nlar\u0131na ve Talmud dualar\u0131na izin verilmesi i\u00e7in \u0130srail Ba\u015fbakan\u0131 Binyamin Netanyahu ile Ulusal G\u00fcvenlik Bakan\u0131 Itamar Ben-Gvir&#8217;e \u00e7a\u011fr\u0131da bulunaca\u011f\u0131n\u0131 s\u00f6yledi.<\/p>\n<p>Halevi,<em><b> &#8220;En az\u0131ndan mevcut durumun korunmas\u0131na ve Yahudilerin burada dua etmeyi s\u00fcrd\u00fcrmelerine izin verilmesini talep edece\u011fim.&#8221; <\/b><\/em>dedi.<\/p>\n<p><img decoding=\"async\" src=\"https:\/\/bihavadis.com\/wp-content\/uploads\/2026\/02\/israil-polisi-mescid-i-aksa-imami-abbasiyi-gozaltina-aldi-0-LjRhY12I.jpg\"\/><\/p>\n<p><strong>AKSA BASKININA KATILAN \u0130SRA\u0130LL\u0130LERE KORUMA<\/strong><\/p>\n<p>\u00d6te yandan Haaretz gazetesinin haberinde, ocak ay\u0131nda, Ben-Gvir komutas\u0131ndaki polislerin, Aksa&#8217;ya bask\u0131n d\u00fczenleyen yerle\u015fimcilere koruma sa\u011flamaya ba\u015flad\u0131\u011f\u0131, polislerin eskiden b\u00fct\u00fcn bu faaliyetlere g\u00fc\u00e7l\u00fc bir \u015fekilde m\u00fcdahale etti\u011fi ancak bug\u00fcn neredeyse hi\u00e7 umursamad\u0131\u011f\u0131 kaydedildi.<\/p>\n<p>Haberde ayr\u0131ca, Tap\u0131nak Da\u011f\u0131&#8217;nda (Mescid-i Aksa) y\u00fcksek sesle dua etmenin, secdeler edip \u015fark\u0131 s\u00f6ylemenin ve dans etmenin art\u0131k serbest oldu\u011fu ifade edildi.<\/p>\n<p>\u0130srail, ramazan ay\u0131nda \u00f6\u011fle namaz\u0131ndan sonra Filistin topraklar\u0131n\u0131 gasbeden \u0130sraillilerin Mescid-i Aksa&#8217;ya giri\u015flerini durdurarak, bu giri\u015fleri sabah saatleriyle s\u0131n\u0131rland\u0131r\u0131yor. Bask\u0131nlar son 10 g\u00fcnde tamamen duruyor. Bu durum da radikal Yahudi gruplar\u0131 \u00f6fkelendiriyor.<\/p>\n<p>\u0130srail polisi 2003 y\u0131l\u0131ndan bu yana Kud\u00fcs \u0130slami Vak\u0131flar \u0130daresinin kar\u015f\u0131 \u00e7\u0131kmas\u0131na ra\u011fmen Filistin topraklar\u0131n\u0131 gasbeden \u0130sraillilerin Mescid-i Aksa&#8217;ya bask\u0131n d\u00fczenlemesine izin veriyor.<\/p>\n<p>Filistinliler, \u0130srail&#8217;in Mescid-i Aksa dahil olmak \u00fczere Do\u011fu Kud\u00fcs&#8217;\u00fc Yahudile\u015ftirme, Arap ve \u0130slam kimli\u011fini yok etmeye y\u00f6nelik ihlallerini yo\u011funla\u015ft\u0131rd\u0131\u011f\u0131n\u0131 belirtiyor.<\/p>\n<p><img decoding=\"async\" src=\"https:\/\/bihavadis.com\/wp-content\/uploads\/2026\/02\/israil-polisi-mescid-i-aksa-imami-abbasiyi-gozaltina-aldi-1-AiwAaOsh.jpg\"\/><\/p>\n","protected":false},"excerpt":{"rendered":"<p>\u0130srail polisi, i\u015fgal alt\u0131ndaki Do\u011fu Kud\u00fcs\u2019te bulunan Mescid-i Aksa\u2019n\u0131n imamlar\u0131ndan Muhammed Ali Abbasi\u2019yi g\u00f6zalt\u0131na ald\u0131. G\u00f6zalt\u0131 ile ilgili herhangi bir resmi a\u00e7\u0131klama yap\u0131lmad\u0131.<\/p>\n","protected":false},"author":1,"featured_media":47831,"comment_status":"open","ping_status":"open","sticky":false,"template":"","format":"standard","meta":{"footnotes":""},"categories":[6],"tags":[6296,5896,792,6297,4051],"class_list":["post-47830","post","type-post","status-publish","format-standard","has-post-thumbnail","hentry","category-dunya","tag-aksa","tag-baskin","tag-israil","tag-mescid-i-aksa","tag-yahudi"],"_links":{"self":[{"href":"https:\/\/bihavadis.com\/index.php\/wp-json\/wp\/v2\/posts\/47830","targetHints":{"allow":["GET"]}}],"collection":[{"href":"https:\/\/bihavadis.com\/index.php\/wp-json\/wp\/v2\/posts"}],"about":[{"href":"https:\/\/bihavadis.com\/index.php\/wp-json\/wp\/v2\/types\/post"}],"author":[{"embeddable":true,"href":"https:\/\/bihavadis.com\/index.php\/wp-json\/wp\/v2\/users\/1"}],"replies":[{"embeddable":true,"href":"https:\/\/bihavadis.com\/index.php\/wp-json\/wp\/v2\/comments?post=47830"}],"version-history":[{"count":1,"href":"https:\/\/bihavadis.com\/index.php\/wp-json\/wp\/v2\/posts\/47830\/revisions"}],"predecessor-version":[{"id":47834,"href":"https:\/\/bihavadis.com\/index.php\/wp-json\/wp\/v2\/posts\/47830\/revisions\/47834"}],"wp:featuredmedia":[{"embeddable":true,"href":"https:\/\/bihavadis.com\/index.php\/wp-json\/wp\/v2\/media\/47831"}],"wp:attachment":[{"href":"https:\/\/bihavadis.com\/index.php\/wp-json\/wp\/v2\/media?parent=47830"}],"wp:term":[{"taxonomy":"category","embeddable":true,"href":"https:\/\/bihavadis.com\/index.php\/wp-json\/wp\/v2\/categories?post=47830"},{"taxonomy":"post_tag","embeddable":true,"href":"https:\/\/bihavadis.com\/index.php\/wp-json\/wp\/v2\/tags?post=47830"}],"curies":[{"name":"wp","href":"https:\/\/api.w.org\/{rel}","templated":true}]}}