{"id":47868,"date":"2026-02-25T21:30:07","date_gmt":"2026-02-25T21:30:07","guid":{"rendered":"https:\/\/bihavadis.com\/?p=47868"},"modified":"2026-02-25T21:30:07","modified_gmt":"2026-02-25T21:30:07","slug":"dervisoglundan-bahceliye-tepki","status":"publish","type":"post","link":"https:\/\/bihavadis.com\/index.php\/2026\/02\/25\/dervisoglundan-bahceliye-tepki\/","title":{"rendered":"Dervi\u015fo\u011flu&#8217;ndan Bah\u00e7eli&#8217;ye Tepki"},"content":{"rendered":"<p>\n<p> \u0130Y\u0130 Parti Genel Ba\u015fkan\u0131 M\u00fcsavat Dervi\u015fo\u011flu, MHP Genel Ba\u015fkan\u0131 Devlet Bah\u00e7eli&#8217;nin &#8216;Anadolu huzura, \u00d6calan umuda, Ahmetler makama ve Demirta\u015f yuvas\u0131na d\u00f6n\u00fcnceye kadar karar\u0131m\u0131z nettir&#8217; a\u00e7\u0131klamas\u0131yla ilgili, &#8220;Bir caniye umut vermeye ya da onun ad\u0131na bir umut ye\u015fertmeye kalk\u0131\u015fmak siyasilerin g\u00f6revi de\u011fildir. Dolay\u0131s\u0131yla mahkemelerin karar verece\u011fi meselelere art\u0131k siyaset\u00e7iler b\u00f6yle ellerinin hamuruyla bula\u015fmas\u0131nlar diye istiyor ve umut ediyorum&#8221; dedi.<\/p>\n<p>\u0130Y\u0130 Parti Genel Ba\u015fkan\u0131 M\u00fcsavat Dervi\u015fo\u011flu, TBMM&#8217;de partisinin grup toplant\u0131s\u0131nda konu\u015ftu. Dervi\u015fo\u011flu, 6 \u015eubat 2023 tarihinde meydana gelen Kahramanmara\u015f merkezli depremleri hat\u0131rlatarak, 2011 y\u0131l\u0131nda y\u00fcr\u00fcrl\u00fc\u011fe giren &#8216;Ulusal Deprem Stratejisi ve Eylem Plan\u0131&#8217;n\u0131n 2023 y\u0131l\u0131nda sona erdi\u011fini s\u00f6yledi. Dervi\u015fo\u011flu, &#8220;Bug\u00fcn itibar\u0131yla, T\u00fcrkiye Cumhuriyeti Devleti&#8217;nin y\u00fcr\u00fcrl\u00fckte olan yeni bir &#8216;Ulusal Deprem Stratejisi ve Eylem Plan\u0131&#8217; dahi yoktur. Bu, basit bir b\u00fcrokratik gecikme de\u011fildir. Bu, devletin deprem meselesini g\u00fcndeminden d\u00fc\u015f\u00fcrmesidir. Bu bir bilgi eksikli\u011fi de\u011fildir. Bu bir kaynak yoklu\u011fu de\u011fildir. Bu bir kader de\u011fildir. Bu, y\u00f6netim sorumlulu\u011funun terk edilmesidir. Bug\u00fcn \u0130stanbul ve Marmara B\u00f6lgesi i\u00e7in beklenen deprem, bir s\u00f6ylenti de\u011fildir, bir kehanet de\u011fildir. Bilimsel olarak \u00f6ng\u00f6r\u00fclen, sonu\u00e7lar\u0131 hesaplanm\u0131\u015f, olaca\u011f\u0131 bilinen bir risktir. ve bu risk kar\u015f\u0131s\u0131nda, devletin hala g\u00fcncel bir eylem plan\u0131 yoksa bu art\u0131k ihmaldir. ve bu ihmalkarl\u0131\u011f\u0131n bedeli ise enkaz alt\u0131nda \u00f6denmektedir. Buradan a\u00e7\u0131k\u00e7a s\u00f6yl\u00fcyorum; bu iktidar ba\u015fta olmak \u00fczere hi\u00e7bir ki\u015fi ve kurum bir sonraki b\u00fcy\u00fck depremde, &#8216;kader&#8217; deme l\u00fcks\u00fcne sahip de\u011fildir. \u00c7\u00fcnk\u00fc kader, bilinmeyene denir. Oysa burada her \u015fey bilinmektedir. Risk, bilinmektedir. Tehlike, bilinmektedir. Yap\u0131lmas\u0131 gerekenler bilinmektedir ama yap\u0131lmamaktad\u0131r&#8221; dedi.<\/p>\n<p>&#8216;SUR\u0130YE&#8217;DE YAPILMASI GEREKEN BELL\u0130D\u0130R&#8217;<\/p>\n<p>Dervi\u015fo\u011flu, Suriye&#8217;deki geli\u015fmelere ili\u015fkin de &#8220;Suriye konusunda bug\u00fcn gelinen noktada bir ger\u00e7e\u011fi a\u00e7\u0131k\u00e7a teslim edelim; devlet, bizim dedi\u011fimize gelmi\u015ftir. Sahadaki geli\u015fmeler; aylard\u0131r, y\u0131llard\u0131r uyard\u0131\u011f\u0131m\u0131z bir hakikati b\u00fct\u00fcn \u00e7\u0131plakl\u0131\u011f\u0131yla ortaya koymu\u015ftur. \u015eunu art\u0131k herkes g\u00f6rm\u00fc\u015ft\u00fcr: Suriye&#8217;de sonu\u00e7 \u00fcreten \u015fey laf cambazl\u0131\u011f\u0131, komisyon tiyatrosu ya da ki\u015filere atfedilen hayali roller de\u011fildir. 1,5 y\u0131ldan fazla zamand\u0131r yapt\u0131\u011f\u0131m\u0131z uyar\u0131lar ortadad\u0131r. &#8216;Mesele ter\u00f6r olunca, sonu\u00e7 \u00fcretecek \u015fey askeri kararl\u0131l\u0131kt\u0131r, devlet ciddiyetidir ve sahay\u0131 okuyabilen g\u00fcvenlik akl\u0131d\u0131r&#8217; dedik. \u0130\u015fte durum ortadad\u0131r. Ancak, bug\u00fcn \u015eam y\u00f6netimiyle YPG aras\u0131nda var\u0131lan mutabakat\u0131 da do\u011fru okumal\u0131y\u0131z. E\u011fer al\u0131nan bir mesafe de varsa bu ne \u00d6calan&#8217;la kurulan muhatapl\u0131\u011f\u0131n ne de i\u00e7 siyasete malzeme yap\u0131lan, akla ziyan s\u00f6ylemlerin \u00fcr\u00fcn\u00fcd\u00fcr. Bu, T\u00fcrk g\u00fcvenlik b\u00fcrokrasisinin kararl\u0131l\u0131\u011f\u0131 ve askeri se\u00e7eneklerin masada tutulmas\u0131 sayesindedir. \u00d6calan&#8217;\u0131 muhatap alman\u0131n, onu bir pazarl\u0131k unsuru gibi sunman\u0131n, ona siyasi bir rol atfetmenin ne kadar ak\u0131l d\u0131\u015f\u0131 ne kadar ahlaks\u0131z ne kadar devlet ciddiyetine ayk\u0131r\u0131 oldu\u011fu bizzat sahada g\u00f6r\u00fclm\u00fc\u015ft\u00fcr. T\u00fcrkiye&#8217;nin bekas\u0131 ad\u0131na, elde edilen ve edilebilecek kazan\u0131mlar\u0131n, ter\u00f6ristba\u015f\u0131n\u0131n yahut yeni yetme Apocular\u0131n dahliyle elde edilmedi\u011fi ve edilemeyece\u011fi a\u00e7\u0131kt\u0131r. PKK&#8217;n\u0131n ve YPG&#8217;nin geri ad\u0131m\u0131, askeri bask\u0131 sonucu gelmi\u015ftir. Gerisi sonradan yaz\u0131lm\u0131\u015f masallard\u0131r. \u015eimdi soruyorum; madem devlet akl\u0131 buraya gelebiliyor, madem sahadaki ger\u00e7ek bu kadar net; \u015fimdi ne yap\u0131lacakt\u0131r? Ayn\u0131 ihanet korosunun bu sefer de YPG&#8217;ye mi kredi a\u00e7mas\u0131 s\u00f6z konusu olacakt\u0131r? PKK&#8217;y\u0131, Suriye&#8217;de siyasal makyajla yeniden \u00fcretmeye \u00e7al\u0131\u015fan hi\u00e7bir modele ve a\u00e7\u0131l\u0131ma g\u00f6z yummay\u0131n, PKK&#8217;y\u0131 tam ve kal\u0131c\u0131 bi\u00e7imde ezecekken, onu dolayl\u0131 yollarla yeniden aya\u011fa kald\u0131racak hi\u00e7bir siyasal manevraya izin vermeyin. Suriye&#8217;de yap\u0131lmas\u0131 gereken bellidir, ter\u00f6r \u00f6rg\u00fct\u00fcn\u00fcn askeri ve siyasi kapasitesi bir daha dirilemeyecek \u015fekilde tasfiye edilmelidir&#8221; diye konu\u015ftu.<\/p>\n<p>&#8216;H\u0130\u00c7B\u0130R ASKER\u0130 M\u00dcDAHALE BARI\u015e GET\u0130RMEM\u0130\u015eT\u0130R&#8217; <\/p>\n<p>Dervi\u015fo\u011flu, Amerika&#8217;n\u0131n \u0130ran&#8217;a y\u00f6nelik olas\u0131 m\u00fcdahalesiyle ilgili tart\u0131\u015fmalarla ilgili de &#8220;Orta Do\u011fu&#8217;ya d\u0131\u015far\u0131dan yap\u0131lan hi\u00e7bir askeri m\u00fcdahale; istikrar, bar\u0131\u015f ve refah getirmemi\u015ftir. Aksine bu m\u00fcdahaleler; i\u00e7 sava\u015f, yoksulluk, yozla\u015fma ve kitlesel g\u00f6\u00e7 dalgalar\u0131 \u00fcretmi\u015ftir. \u0130ran&#8217;daki mevcut rejim ciddi bir me\u015fruiyet krizi ya\u015famaktad\u0131r. \u0130ran halk\u0131n\u0131n itirazlar\u0131 hakl\u0131d\u0131r. Ancak bu ger\u00e7ekler, uluslararas\u0131 hukuku ve b\u00f6lgesel g\u00fcvenli\u011fi tehlikeye atan hi\u00e7bir d\u0131\u015f m\u00fcdahaleyi me\u015fru k\u0131lmaz&#8221; ifadelerini kulland\u0131. <\/p>\n<p>&#8216;TER\u00d6R\u0130ST\u0130 KUTSAMAK \u015eEYTANLI\u011eIN TA KEND\u0130S\u0130D\u0130R&#8217;<\/p>\n<p>Dervi\u015fo\u011flu, &#8220;D\u00fcnya&#8217;da olup bitenleri, saatlerce konu\u015fabiliriz. \u00d6n\u00fcm\u00fcze d\u00fc\u015fen i\u011fren\u00e7likleri, \u015feytanl\u0131klar\u0131 g\u00fcnlerce lanetleyebiliriz. Ancak s\u00f6zler eylemlerle desteklendi\u011finde anlam ifade eder. 6 \u015eubat depremlerinden sonra \u0130Y\u0130 Parti olarak, kaybolan vatanda\u015flar\u0131m\u0131z\u0131n ve \u00f6zellikle \u00e7ocuklar\u0131n tespit edilmesi i\u00e7in TBMM&#8217;ye bir \u00f6nerge vererek ara\u015ft\u0131r\u0131lmas\u0131n\u0131 istedik. Sonu\u00e7? AKP ve MHP oylar\u0131yla \u00f6nergemiz reddedildi. Medyada g\u00fcnlerdir boca edilen \u015feytani belgeleri, resimleri, videolar\u0131 d\u00fc\u015f\u00fcn\u00fcrken bunu da unutmayal\u0131m. \u015eeytan\u0131, komplolarda aramaya gerek yok. Depremde kaybolan \u00e7ocuklar\u0131m\u0131z\u0131 ara\u015ft\u0131rmayan bir zihniyetin kime ve neye hizmet etti\u011fi malumdur. Gazze&#8217;de, Do\u011fu T\u00fcrkistan&#8217;da bebeklerin, masumlar\u0131n \u00f6ld\u00fcr\u00fclmesi \u015feytanl\u0131\u011f\u0131n ta kendisidir. \u0130mral\u0131&#8217;daki bebek katilini &#8216;bar\u0131\u015f g\u00fcvercini&#8217; yapmak \u015feytanl\u0131\u011f\u0131n ta kendisidir. Al bayra\u011fa el uzatmak, ter\u00f6r\u00fc, ter\u00f6risti kutsamak \u015feytanl\u0131\u011f\u0131n ta kendisidir. T\u00fcm bunlar, gizli-sakl\u0131 adalarda, ayinlerde ya\u015fanmad\u0131. G\u00f6z\u00fcm\u00fcz\u00fcn \u00f6n\u00fcnde ger\u00e7ekle\u015fti. \u015eeytan, ayr\u0131nt\u0131da gizli de\u011fil, ayan beyan a\u00e7\u0131ktad\u0131r. \u015eeytan Orta Do\u011fu&#8217;da, \u015feytan \u0130mral\u0131&#8217;da, \u015feytanlar aram\u0131zdad\u0131r&#8221; dedi. <\/p>\n<p>SORULARI YANITLADI<\/p>\n<p>Toplant\u0131 \u00e7\u0131k\u0131\u015f\u0131nda bas\u0131n mensuplar\u0131n\u0131n sorular\u0131n\u0131 yan\u0131tlayan Dervi\u015fo\u011flu, bir bas\u0131n mensubunun, &#8216;MHP lideri Devlet Bah\u00e7eli d\u00fcn \u00d6calan&#8217;a bir kez daha umut hakk\u0131 istedi. Ayn\u0131 zamandan &#8216;Demirta\u015f&#8217;\u0131n yuvaya d\u00f6nmesinde karar\u0131m\u0131z nettir&#8217; ifadesini kulland\u0131. Nas\u0131l de\u011ferlendirirsiniz?&#8217; sorusu \u00fczerine \u015f\u00f6yle dedi: <\/p>\n<p>&#8220;Siyasete ba\u015flad\u0131\u011f\u0131mdan beri hukukun \u00fcst\u00fcnl\u00fc\u011f\u00fcne, anayasaya uyulmas\u0131na dair g\u00f6r\u00fc\u015flerimi sergiliyorum. Avrupa \u0130nsan Hakkari Mahkemesi&#8217;nin kararlar\u0131n\u0131n uygulanmas\u0131, Anayasa Mahkemesi&#8217;nin kararlar\u0131n\u0131n uygulanmas\u0131 gecikmi\u015f bir durumdur. Bu zamana kadar s\u00f6ylediklerimiz, olaya bak\u0131\u015f\u0131m\u0131z\u0131n kefaleti alt\u0131ndad\u0131r. Ama bir caniye umut vermeye ya da onun ad\u0131na bir umut ye\u015fertmeye kalk\u0131\u015fmak siyasilerin g\u00f6revi de\u011fildir. Dolay\u0131s\u0131yla mahkemelerin karar verece\u011fi meselelere art\u0131k siyaset\u00e7iler b\u00f6yle ellerinin hamuruyla bula\u015fmas\u0131nlar diye istiyor ve umut ediyorum.&#8221; <\/p>\n","protected":false},"excerpt":{"rendered":"<p>\u0130Y\u0130 Parti lideri Dervi\u015fo\u011flu, Bah\u00e7eli&#8217;nin \u00d6calan yorumu ve deprem stratejisi eksikli\u011fini ele\u015ftirdi.<\/p>\n","protected":false},"author":1,"featured_media":47869,"comment_status":"open","ping_status":"open","sticky":false,"template":"","format":"standard","meta":{"footnotes":""},"categories":[12],"tags":[6301,60,1996,1247,424],"class_list":["post-47868","post","type-post","status-publish","format-standard","has-post-thumbnail","hentry","category-siyaset","tag-degildir","tag-deprem","tag-dervisoglu","tag-devlet","tag-karar"],"_links":{"self":[{"href":"https:\/\/bihavadis.com\/index.php\/wp-json\/wp\/v2\/posts\/47868","targetHints":{"allow":["GET"]}}],"collection":[{"href":"https:\/\/bihavadis.com\/index.php\/wp-json\/wp\/v2\/posts"}],"about":[{"href":"https:\/\/bihavadis.com\/index.php\/wp-json\/wp\/v2\/types\/post"}],"author":[{"embeddable":true,"href":"https:\/\/bihavadis.com\/index.php\/wp-json\/wp\/v2\/users\/1"}],"replies":[{"embeddable":true,"href":"https:\/\/bihavadis.com\/index.php\/wp-json\/wp\/v2\/comments?post=47868"}],"version-history":[{"count":1,"href":"https:\/\/bihavadis.com\/index.php\/wp-json\/wp\/v2\/posts\/47868\/revisions"}],"predecessor-version":[{"id":47870,"href":"https:\/\/bihavadis.com\/index.php\/wp-json\/wp\/v2\/posts\/47868\/revisions\/47870"}],"wp:featuredmedia":[{"embeddable":true,"href":"https:\/\/bihavadis.com\/index.php\/wp-json\/wp\/v2\/media\/47869"}],"wp:attachment":[{"href":"https:\/\/bihavadis.com\/index.php\/wp-json\/wp\/v2\/media?parent=47868"}],"wp:term":[{"taxonomy":"category","embeddable":true,"href":"https:\/\/bihavadis.com\/index.php\/wp-json\/wp\/v2\/categories?post=47868"},{"taxonomy":"post_tag","embeddable":true,"href":"https:\/\/bihavadis.com\/index.php\/wp-json\/wp\/v2\/tags?post=47868"}],"curies":[{"name":"wp","href":"https:\/\/api.w.org\/{rel}","templated":true}]}}