{"id":47890,"date":"2026-02-25T21:48:06","date_gmt":"2026-02-25T21:48:06","guid":{"rendered":"https:\/\/bihavadis.com\/?p=47890"},"modified":"2026-02-25T21:48:06","modified_gmt":"2026-02-25T21:48:06","slug":"ulusder-deik-yapilanmasina-geciste-son-asamada","status":"publish","type":"post","link":"https:\/\/bihavadis.com\/index.php\/2026\/02\/25\/ulusder-deik-yapilanmasina-geciste-son-asamada\/","title":{"rendered":"ULUSDER DE\u0130K Yap\u0131lanmas\u0131na Ge\u00e7i\u015fte Son A\u015famada"},"content":{"rendered":"<p>Uluslararas\u0131 Yat\u0131r\u0131m ve \u0130\u015f D\u00fcnyas\u0131 Derne\u011fi (ULUSDER), Genel Ba\u015fkan \u00d6zcan Polat liderli\u011finde kurumsal yap\u0131lanmas\u0131nda stratejik bir d\u00f6n\u00fc\u015f\u00fcme giderek DE\u0130K yap\u0131lanmas\u0131na ge\u00e7i\u015f s\u00fcrecinde sona geldi.<\/p>\n<p>Uluslararas\u0131 vizyon do\u011frultusunda faaliyetlerini s\u00fcrd\u00fcren Uluslararas\u0131 Yat\u0131r\u0131m ve \u0130\u015f D\u00fcnyas\u0131 Derne\u011fi (ULUSDER), kurumsal yap\u0131s\u0131nda \u00f6nemli bir d\u00f6n\u00fc\u015f\u00fcm s\u00fcrecini hayata ge\u00e7irdi. ULUSDER Genel Ba\u015fkan\u0131 \u00d6zcan Polat \u00f6nc\u00fcl\u00fc\u011f\u00fcnde y\u00fcr\u00fct\u00fclen \u00e7al\u0131\u015fmalar kapsam\u0131nda, derne\u011fin uluslararas\u0131 hedeflerini daha etkin ve kurumsal bir zeminde ger\u00e7ekle\u015ftirmek amac\u0131yla D\u0131\u015f Ekonomik \u0130li\u015fkiler Kurulu (DE\u0130K) yap\u0131lanmas\u0131na ge\u00e7i\u015f s\u00fcrecinin tamamlanma a\u015famas\u0131na geldi\u011fi bildirildi.<\/p>\n<p>Bu \u00e7er\u00e7evede, ULUSDER&#8217;in bug\u00fcne kadar ULUSKON \u00e7at\u0131s\u0131 alt\u0131nda y\u00fcr\u00fctt\u00fc\u011f\u00fc \u00e7al\u0131\u015fmalar\u0131n kurumsal olgunlu\u011fa ula\u015ft\u0131\u011f\u0131, y\u00f6netim kurulu karar\u0131yla birlikte yeni d\u00f6nemde DE\u0130K yap\u0131lanmas\u0131yla yoluna devam edilmesine karar verildi\u011fi ifade edildi. S\u00f6z konusu ge\u00e7i\u015fin, ULUSDER&#8217;in uluslararas\u0131 alandaki temsil g\u00fcc\u00fcn\u00fc daha \u00fcst seviyeye ta\u015f\u0131ma hedefinin \u00f6nemli bir ad\u0131m\u0131 oldu\u011fu kaydedildi.<\/p>\n<p>ULUSDER Genel Ba\u015fkan\u0131 \u00d6zcan Polat, konuya ili\u015fkin yapt\u0131\u011f\u0131 de\u011ferlendirmede, derne\u011fin bug\u00fcn geldi\u011fi noktada uluslararas\u0131 temsil g\u00fcc\u00fcn\u00fc daha etkin kullanabilecek bir kurumsal kapasiteye ula\u015ft\u0131\u011f\u0131n\u0131 belirtti. DE\u0130K yap\u0131lanmas\u0131yla birlikte yaln\u0131zca s\u00fcreci takip eden de\u011fil, karar alma ve isti\u015fare mekanizmalar\u0131nda aktif rol \u00fcstlenen bir yap\u0131ya ge\u00e7ildi\u011fini ifade eden Polat, bu ad\u0131m\u0131n ULUSDER&#8217;i hem ulusal hem de k\u00fcresel \u00f6l\u00e7ekte daha g\u00fc\u00e7l\u00fc bir konuma ta\u015f\u0131yaca\u011f\u0131n\u0131 vurgulad\u0131.<\/p>\n<p>Ger\u00e7ekle\u015ftirilen bu d\u00f6n\u00fc\u015f\u00fcmle birlikte ULUSDER&#8217;in, sahada elde etti\u011fi birikimi uluslararas\u0131 karar ve i\u015f birli\u011fi mekanizmalar\u0131na ta\u015f\u0131mas\u0131 hedefleniyor. Yeni d\u00f6nemde derne\u011fin, uluslararas\u0131 platformlarda temsil edilen, g\u00f6r\u00fc\u015f sunan ve y\u00f6n veren bir akt\u00f6r olarak konumlanmas\u0131 ama\u00e7lan\u0131yor. Bu do\u011frultuda ULUSDER, DE\u0130K \u00e7at\u0131s\u0131 alt\u0131nda kurumsal \u00fcye stat\u00fcs\u00fcyle \u00e7al\u0131\u015fmalar\u0131n\u0131 s\u00fcrd\u00fcrecek. DE\u0130K yap\u0131lanmas\u0131na ge\u00e7i\u015f s\u00fcreciyle birlikte ULUSDER&#8217;in, \u00f6zellikle Malatya&#8217;n\u0131n d\u0131\u015f ticarette daha g\u00f6r\u00fcn\u00fcr ve rekabet\u00e7i bir \u015fehir haline gelmesi i\u00e7in \u00e7al\u0131\u015fmalar\u0131n\u0131 art\u0131rmas\u0131 bekleniyor. Malatya merkezli firmalar\u0131n ihracat kapasitelerinin geli\u015ftirilmesi, uluslararas\u0131 pazarlara eri\u015fimlerinin sa\u011flanmas\u0131 ve \u015fehrin \u00fcretim g\u00fcc\u00fcn\u00fcn k\u00fcresel ticaret a\u011flar\u0131na entegre edilmesi, yeni d\u00f6nemin \u00f6ncelikli hedefleri aras\u0131nda yer al\u0131yor. &#8211; MALATYA<\/p>\n","protected":false},"excerpt":{"rendered":"<p>ULUSDER, DE\u0130K yap\u0131lanmas\u0131yla uluslararas\u0131 alanda daha g\u00fc\u00e7l\u00fc bir temsil kapasitesine ula\u015fmay\u0131 hedefliyor.<\/p>\n","protected":false},"author":1,"featured_media":47891,"comment_status":"open","ping_status":"open","sticky":false,"template":"","format":"standard","meta":{"footnotes":""},"categories":[8],"tags":[6303,1240,925,2036,975],"class_list":["post-47890","post","type-post","status-publish","format-standard","has-post-thumbnail","hentry","category-ekonomi","tag-deik","tag-dernegi","tag-kurumsal","tag-sureci","tag-uluslararasi"],"_links":{"self":[{"href":"https:\/\/bihavadis.com\/index.php\/wp-json\/wp\/v2\/posts\/47890","targetHints":{"allow":["GET"]}}],"collection":[{"href":"https:\/\/bihavadis.com\/index.php\/wp-json\/wp\/v2\/posts"}],"about":[{"href":"https:\/\/bihavadis.com\/index.php\/wp-json\/wp\/v2\/types\/post"}],"author":[{"embeddable":true,"href":"https:\/\/bihavadis.com\/index.php\/wp-json\/wp\/v2\/users\/1"}],"replies":[{"embeddable":true,"href":"https:\/\/bihavadis.com\/index.php\/wp-json\/wp\/v2\/comments?post=47890"}],"version-history":[{"count":1,"href":"https:\/\/bihavadis.com\/index.php\/wp-json\/wp\/v2\/posts\/47890\/revisions"}],"predecessor-version":[{"id":47892,"href":"https:\/\/bihavadis.com\/index.php\/wp-json\/wp\/v2\/posts\/47890\/revisions\/47892"}],"wp:featuredmedia":[{"embeddable":true,"href":"https:\/\/bihavadis.com\/index.php\/wp-json\/wp\/v2\/media\/47891"}],"wp:attachment":[{"href":"https:\/\/bihavadis.com\/index.php\/wp-json\/wp\/v2\/media?parent=47890"}],"wp:term":[{"taxonomy":"category","embeddable":true,"href":"https:\/\/bihavadis.com\/index.php\/wp-json\/wp\/v2\/categories?post=47890"},{"taxonomy":"post_tag","embeddable":true,"href":"https:\/\/bihavadis.com\/index.php\/wp-json\/wp\/v2\/tags?post=47890"}],"curies":[{"name":"wp","href":"https:\/\/api.w.org\/{rel}","templated":true}]}}