{"id":47899,"date":"2026-02-25T21:54:36","date_gmt":"2026-02-25T21:54:36","guid":{"rendered":"https:\/\/bihavadis.com\/?p=47899"},"modified":"2026-02-25T21:54:36","modified_gmt":"2026-02-25T21:54:36","slug":"pazardan-aldigi-2-kilo-mandalinanin-yarisi-curuk-cikti","status":"publish","type":"post","link":"https:\/\/bihavadis.com\/index.php\/2026\/02\/25\/pazardan-aldigi-2-kilo-mandalinanin-yarisi-curuk-cikti\/","title":{"rendered":"Pazardan ald\u0131\u011f\u0131 2 kilo mandalinan\u0131n yar\u0131s\u0131 \u00e7\u00fcr\u00fck \u00e7\u0131kt\u0131"},"content":{"rendered":"<p> Eski\u015fehir&#8217;de mahallesindeki pazardan 2 kilogram mandalina sat\u0131n alan vatanda\u015f, meyvelerin 1 kilogram\u0131n\u0131n \u00e7\u00fcr\u00fck oldu\u011funu po\u015feti a\u00e7t\u0131\u011f\u0131nda fark edince duruma tepki g\u00f6sterdi.<\/p>\n<p>Odunpazar\u0131 il\u00e7esine ba\u011fl\u0131 Emek Mahallesi&#8217;nde ikamet eden ve isminin a\u00e7\u0131klanmas\u0131n\u0131 istemeyen bir vatanda\u015f, mahallesinde bulunan kapal\u0131 pazardan d\u00fcn 2 kilogram mandalina ald\u0131. Evine gelen ve po\u015fetleri a\u00e7an vatanda\u015f, g\u00f6rd\u00fc\u011f\u00fc manzara kar\u015f\u0131s\u0131nda \u015fok oldu. Al\u0131nan 2 kilogram mandalinadan yakla\u015f\u0131k 1 kilogram\u0131 \u00e7\u00fcr\u00fck ve yenmeyecek bi\u00e7imde \u00e7\u0131kan vatanda\u015f, bu duruma tepki g\u00f6sterdi. Al\u0131\u015fveri\u015f yapan vatanda\u015f, baz\u0131 pazarc\u0131lar\u0131n \u00f6n tarafa iyi meyveleri dizdi\u011fini, arka tarafa ise \u00e7\u00fcr\u00fckleri koyduklar\u0131n\u0131 s\u00f6yledi.<\/p>\n<p>Ma\u011fdur vatanda\u015f, Pazarc\u0131lar Odas\u0131&#8217;n\u0131n konuyla ilgilenip esnaf\u0131 uyarmad\u0131\u011f\u0131n\u0131, \u00f6zellikle belediyenin daha \u00e7ok denetim yapmas\u0131 gerekti\u011fini belirtti. &#8211; ESK\u0130\u015eEH\u0130R<\/p>\n","protected":false},"excerpt":{"rendered":"<p>Eski\u015fehir&#8217;de bir vatanda\u015f, kapal\u0131 pazardan sat\u0131n ald\u0131\u011f\u0131 mandalinalar\u0131n yar\u0131s\u0131n\u0131n \u00e7\u00fcr\u00fck \u00e7\u0131kmas\u0131yla \u015foke oldu. Duruma tepki g\u00f6steren vatanda\u015f, pazarc\u0131lar\u0131n \u00e7\u00fcr\u00fck meyveleri arka tarafa koydu\u011funu ve belediyenin denetimlerinin yetersiz oldu\u011funu vurgulad\u0131.<\/p>\n","protected":false},"author":1,"featured_media":47900,"comment_status":"open","ping_status":"open","sticky":false,"template":"","format":"standard","meta":{"footnotes":""},"categories":[8],"tags":[2423,1226],"class_list":["post-47899","post","type-post","status-publish","format-standard","has-post-thumbnail","hentry","category-ekonomi","tag-kilogram","tag-vatandas"],"_links":{"self":[{"href":"https:\/\/bihavadis.com\/index.php\/wp-json\/wp\/v2\/posts\/47899","targetHints":{"allow":["GET"]}}],"collection":[{"href":"https:\/\/bihavadis.com\/index.php\/wp-json\/wp\/v2\/posts"}],"about":[{"href":"https:\/\/bihavadis.com\/index.php\/wp-json\/wp\/v2\/types\/post"}],"author":[{"embeddable":true,"href":"https:\/\/bihavadis.com\/index.php\/wp-json\/wp\/v2\/users\/1"}],"replies":[{"embeddable":true,"href":"https:\/\/bihavadis.com\/index.php\/wp-json\/wp\/v2\/comments?post=47899"}],"version-history":[{"count":1,"href":"https:\/\/bihavadis.com\/index.php\/wp-json\/wp\/v2\/posts\/47899\/revisions"}],"predecessor-version":[{"id":47901,"href":"https:\/\/bihavadis.com\/index.php\/wp-json\/wp\/v2\/posts\/47899\/revisions\/47901"}],"wp:featuredmedia":[{"embeddable":true,"href":"https:\/\/bihavadis.com\/index.php\/wp-json\/wp\/v2\/media\/47900"}],"wp:attachment":[{"href":"https:\/\/bihavadis.com\/index.php\/wp-json\/wp\/v2\/media?parent=47899"}],"wp:term":[{"taxonomy":"category","embeddable":true,"href":"https:\/\/bihavadis.com\/index.php\/wp-json\/wp\/v2\/categories?post=47899"},{"taxonomy":"post_tag","embeddable":true,"href":"https:\/\/bihavadis.com\/index.php\/wp-json\/wp\/v2\/tags?post=47899"}],"curies":[{"name":"wp","href":"https:\/\/api.w.org\/{rel}","templated":true}]}}