{"id":47966,"date":"2026-02-25T22:48:10","date_gmt":"2026-02-25T22:48:10","guid":{"rendered":"https:\/\/bihavadis.com\/?p=47966"},"modified":"2026-02-25T22:48:10","modified_gmt":"2026-02-25T22:48:10","slug":"baskan-vekili-ozdemir-is-dunyasi-ile-iftarda-bir-araya-geldi","status":"publish","type":"post","link":"https:\/\/bihavadis.com\/index.php\/2026\/02\/25\/baskan-vekili-ozdemir-is-dunyasi-ile-iftarda-bir-araya-geldi\/","title":{"rendered":"Ba\u015fkan Vekili \u00d6zdemir i\u015f d\u00fcnyas\u0131 ile iftarda bir araya geldi"},"content":{"rendered":"<p>\u00a0<\/p>\n<p><span><span>Antalya B\u00fcy\u00fck\u015fehir Belediye Ba\u015fkan Vekili B\u00fc\u015fra \u00d6zdemir, Antalya Ticaret ve Sanayi Odas\u0131 (ATSO) taraf\u0131ndan d\u00fczenlenen geleneksel iftar yeme\u011fine kat\u0131ld\u0131. Antalya\u2019n\u0131n turizmden tar\u0131ma, ticaretten sanayiye kadar pek \u00e7ok alanda T\u00fcrkiye\u2019nin lokomotif \u015fehirlerinden biri oldu\u011funu s\u00f6yleyen \u00d6zdemir, \u201c\u00dcreten, yenilik\u00e7i, dijital d\u00f6n\u00fc\u015f\u00fcm\u00fc yakalam\u0131\u015f ve g\u00fc\u00e7l\u00fc bir ekonomiye sahip Antalya i\u00e7in hep birlikte \u00e7al\u0131\u015fmalar\u0131m\u0131z\u0131 s\u00fcrd\u00fcrece\u011fiz\u201d dedi.<\/span><\/span><\/p>\n<p><span><span>ATSO Ramazan ay\u0131 dolay\u0131s\u0131yla iftar program\u0131 d\u00fczenledi. Geleneksel iftar yeme\u011fine Antalya Valisi Hulusi \u015eahin, Antalya B\u00fcy\u00fck\u015fehir Belediye Ba\u015fkan Vekili B\u00fc\u015fra \u00d6zdemir, ATSO Ba\u015fkan\u0131 Yusuf Hac\u0131s\u00fcleyman, ATSO Meclis Ba\u015fkan\u0131 Ahmet \u00d6zt\u00fcrk, Antalya Ticaret Borsas\u0131 Ba\u015fkan\u0131 Ali \u00c7and\u0131r, siyasi partilerin temsilcileri, oda ba\u015fkanlar\u0131, sivil toplum kurulu\u015flar\u0131n\u0131n ba\u015fkanlar\u0131 ve temsilcileri ile ATSO \u00fcyeleri ve i\u015f adamlar\u0131 kat\u0131ld\u0131. Payla\u015fman\u0131n, dayan\u0131\u015fman\u0131n, karde\u015fli\u011fin ve bereketin ay\u0131; m\u00fcbarek Ramazan ay\u0131n\u0131n hay\u0131rl\u0131 olmas\u0131n\u0131 dileyen Ba\u015fkan Vekili \u00d6zdemir, ATSO taraf\u0131ndan d\u00fczenlenen iftar sofras\u0131nda hep birlikte olman\u0131n \u00e7ok k\u0131ymetli oldu\u011funu belirterek ev sahipli\u011fi i\u00e7in ATSO Ba\u015fkan\u0131 Yusuf Hac\u0131s\u00fcleyman\u2019a te\u015fekk\u00fcr etti.\u00a0 <\/span><\/span><\/p>\n<p><span><span>\u0130ST\u0130HDAMA KATKI SA\u011eLAYANLARA TE\u015eEKK\u00dcR ETT\u0130<\/span><\/span><\/p>\n<p><span><span>Antalya B\u00fcy\u00fck\u015fehir Belediye Ba\u015fkan Vekili B\u00fc\u015fra \u00d6zdemir, programda yapt\u0131\u011f\u0131 konu\u015fmada Antalya\u2019n\u0131n turizmden tar\u0131ma, ticaretten sanayiye kadar pek \u00e7ok alanda \u00fclkenin lokomotif \u015fehirlerinden birisi oldu\u011funu belirterek, \u201cBu ba\u015far\u0131da sizlerin eme\u011fi, vizyonu ve cesareti \u00e7ok b\u00fcy\u00fck. \u015eehrimizin \u00fcretim g\u00fcc\u00fcn\u00fc art\u0131ran, istihdam sa\u011flayan, ihracat yapan, katma de\u011fer olu\u015fturan t\u00fcm giri\u015fimcilerimize bu vesileyle te\u015fekk\u00fcr ediyorum\u201d dedi.<\/span><\/span><\/p>\n<p><span><span>YEREL Y\u00d6NET\u0130MDE ORTAK AKIL, D\u0130YALOG VE \u0130\u015eB\u0130LR\u0130\u011e\u0130<\/span><\/span><\/p>\n<p><span><span>Ba\u015fkan Vekili \u00d6zdemir konu\u015fmas\u0131n\u0131n devam\u0131nda ortak ak\u0131l vurgusu yaparak \u015funlar\u0131 s\u00f6yledi: \u201cAntalya B\u00fcy\u00fck\u015fehir Belediyesi olarak yerel y\u00f6netim anlay\u0131\u015f\u0131m\u0131z\u0131 ortak ak\u0131l, diyalog ve i\u015f birli\u011fi \u00fczerine kurmaya devam ediyoruz. Antalya\u2019n\u0131n s\u00fcrd\u00fcr\u00fclebilir b\u00fcy\u00fcmesi, \u00e7evreye duyarl\u0131 yat\u0131r\u0131mlar\u0131n artmas\u0131, \u00f6zellikle gen\u00e7 giri\u015fimcilerimizin ve kad\u0131n i\u015f insanlar\u0131m\u0131z\u0131n ekonomik hayatta daha g\u00fc\u00e7l\u00fc \u015fekilde yer almas\u0131n\u0131n \u00f6nemine inan\u0131yoruz. \u00dcreten, yenilik\u00e7i, dijital d\u00f6n\u00fc\u015f\u00fcm\u00fc yakalam\u0131\u015f ve g\u00fc\u00e7l\u00fc bir ekonomiye sahip Antalya i\u00e7in hep birlikte \u00e7al\u0131\u015fmalar\u0131m\u0131z\u0131 s\u00fcrd\u00fcrece\u011fiz.\u201d <\/span><\/span><\/p>\n<p>\u00a0<\/p>\n<p>Kaynak: (BYZHA) Beyaz Haber Ajans\u0131<\/p>\n","protected":false},"excerpt":{"rendered":"<p>Antalya B\u00fcy\u00fck\u015fehir Belediye Ba\u015fkan Vekili B\u00fc\u015fra \u00d6zdemir, Antalya Ticaret ve Sanayi Odas\u0131 (ATSO) taraf\u0131ndan d\u00fczenlenen geleneksel iftar yeme\u011fine kat\u0131ld\u0131.<\/p>\n","protected":false},"author":1,"featured_media":47967,"comment_status":"open","ping_status":"open","sticky":false,"template":"","format":"standard","meta":{"footnotes":""},"categories":[4],"tags":[457,6309,516,2758,1213],"class_list":["post-47966","post","type-post","status-publish","format-standard","has-post-thumbnail","hentry","category-gundem","tag-antalya","tag-atso","tag-baskan","tag-baskan-vekili","tag-ozdemir"],"_links":{"self":[{"href":"https:\/\/bihavadis.com\/index.php\/wp-json\/wp\/v2\/posts\/47966","targetHints":{"allow":["GET"]}}],"collection":[{"href":"https:\/\/bihavadis.com\/index.php\/wp-json\/wp\/v2\/posts"}],"about":[{"href":"https:\/\/bihavadis.com\/index.php\/wp-json\/wp\/v2\/types\/post"}],"author":[{"embeddable":true,"href":"https:\/\/bihavadis.com\/index.php\/wp-json\/wp\/v2\/users\/1"}],"replies":[{"embeddable":true,"href":"https:\/\/bihavadis.com\/index.php\/wp-json\/wp\/v2\/comments?post=47966"}],"version-history":[{"count":1,"href":"https:\/\/bihavadis.com\/index.php\/wp-json\/wp\/v2\/posts\/47966\/revisions"}],"predecessor-version":[{"id":47968,"href":"https:\/\/bihavadis.com\/index.php\/wp-json\/wp\/v2\/posts\/47966\/revisions\/47968"}],"wp:featuredmedia":[{"embeddable":true,"href":"https:\/\/bihavadis.com\/index.php\/wp-json\/wp\/v2\/media\/47967"}],"wp:attachment":[{"href":"https:\/\/bihavadis.com\/index.php\/wp-json\/wp\/v2\/media?parent=47966"}],"wp:term":[{"taxonomy":"category","embeddable":true,"href":"https:\/\/bihavadis.com\/index.php\/wp-json\/wp\/v2\/categories?post=47966"},{"taxonomy":"post_tag","embeddable":true,"href":"https:\/\/bihavadis.com\/index.php\/wp-json\/wp\/v2\/tags?post=47966"}],"curies":[{"name":"wp","href":"https:\/\/api.w.org\/{rel}","templated":true}]}}