{"id":47985,"date":"2026-02-25T23:03:37","date_gmt":"2026-02-25T23:03:37","guid":{"rendered":"https:\/\/bihavadis.com\/?p=47985"},"modified":"2026-02-25T23:03:37","modified_gmt":"2026-02-25T23:03:37","slug":"suikasta-kurban-giden-seyfulislam-kaddafi-son-mesaji-ortaya-cikti","status":"publish","type":"post","link":"https:\/\/bihavadis.com\/index.php\/2026\/02\/25\/suikasta-kurban-giden-seyfulislam-kaddafi-son-mesaji-ortaya-cikti\/","title":{"rendered":"Suikasta kurban giden Seyf\u00fclislam Kaddafi son mesaj\u0131 ortaya \u00e7\u0131kt\u0131"},"content":{"rendered":"<p>Libya&#8217;da \u00f6ld\u00fcr\u00fclen Seyf\u00fclislam Kaddafi&#8217;nin, hayat\u0131n\u0131 kaybetmeden bir g\u00fcn \u00f6nce g\u00f6nderdi\u011fi son sesli mesaj bas\u0131na yans\u0131d\u0131.<\/p>\n<p><b>KUZEN\u0130 TARAFINDAN PAYLA\u015eILDI<\/b><\/p>\n<p>Kuzeni Ahmed Kaddafi taraf\u0131ndan payla\u015f\u0131lan kay\u0131tta, Kaddafi&#8217;nin \u00fclkesinin gelece\u011fi konusunda derin endi\u015fe duydu\u011fu ve d\u0131\u015f m\u00fcdahalelere sert tepki g\u00f6sterdi\u011fi ifade edildi.<\/p>\n<p><b>HUZURSUZ VE \u00d6FKEL\u0130 B\u0130R RUH HAL\u0130 \u0130\u00c7\u0130NDE<\/b><\/p>\n<p>Ses kayd\u0131nda Seyf\u00fclislam Kaddafi&#8217;nin huzursuz ve \u00f6fkeli bir ruh hali i\u00e7inde oldu\u011fu dikkat \u00e7ekti. Mesaj\u0131nda, Libya&#8217;n\u0131n siyasi ve g\u00fcvenlik durumunun geldi\u011fi noktadan duydu\u011fu rahats\u0131zl\u0131\u011f\u0131 dile getiren Kaddafi, baz\u0131 yabanc\u0131 \u00fclkelerin \u00fclke y\u00f6netimine m\u00fcdahale etmeye \u00e7al\u0131\u015ft\u0131\u011f\u0131n\u0131 s\u00f6yledi. <\/p>\n<p>Kaddafi, d\u0131\u015f g\u00fc\u00e7lerin Libya&#8217;daki geli\u015fmeleri y\u00f6nlendirdi\u011fini, \u00fclkenin kaderinin yabanc\u0131 akt\u00f6rlerin eline b\u0131rak\u0131ld\u0131\u011f\u0131n\u0131 savunarak, bunun Libya halk\u0131n\u0131n fedak\u00e2rl\u0131klar\u0131, \u00e7\u0131karlar\u0131 ve talepleri pahas\u0131na ger\u00e7ekle\u015fti\u011fini vurgulad\u0131.<\/p>\n<p><b>ADL\u0130 TIPTAN A\u00c7IKLAMA<\/b><\/p>\n<p>Seyf\u00fclislam Kaddafi&#8217;nin \u00f6ld\u00fcr\u00fclmesine ili\u015fkin ayr\u0131nt\u0131lar ise hen\u00fcz netlik kazanmad\u0131. Resm\u00ee makamlar taraf\u0131ndan olayla ilgili kapsaml\u0131 bir a\u00e7\u0131klama yap\u0131lmazken, Ulusal Birlik H\u00fck\u00fcmeti&#8217;ne ba\u011fl\u0131 g\u00fc\u00e7ler cinayetle herhangi bir ba\u011flant\u0131lar\u0131n\u0131n bulunmad\u0131\u011f\u0131n\u0131 a\u00e7\u0131klad\u0131.<\/p>\n<p>Kaddafi&#8217;nin siyasi ekibi ise olay\u0131n sal\u0131 g\u00fcn\u00fc \u00f6\u011fle saatlerinde ger\u00e7ekle\u015fti\u011fini duyurdu. A\u00e7\u0131klamaya g\u00f6re, y\u00fczleri maskeli 4 silahl\u0131 ki\u015fi, g\u00fcvenlik kameralar\u0131n\u0131 devre d\u0131\u015f\u0131 b\u0131rakt\u0131ktan sonra Kaddafi&#8217;nin kald\u0131\u011f\u0131 mek\u00e2na girerek suikast\u0131 ger\u00e7ekle\u015ftirdi. \u00d6te yandan, Libya Ba\u015fsavc\u0131l\u0131\u011f\u0131 taraf\u0131ndan yap\u0131lan a\u00e7\u0131klamada, adli t\u0131p raporuna g\u00f6re Seyf\u00fclislam Kaddafi&#8217;nin ate\u015fli silah yaralar\u0131 nedeniyle ya\u015fam\u0131n\u0131 yitirdi\u011fi bildirildi. Savc\u0131l\u0131k, sald\u0131r\u0131y\u0131 ger\u00e7ekle\u015ftiren \u015f\u00fcphelilerin kimliklerinin tespit edilmesi i\u00e7in \u00e7al\u0131\u015fmalar\u0131n s\u00fcrd\u00fc\u011f\u00fcn\u00fc ve sorumlular hakk\u0131nda ceza davas\u0131 a\u00e7\u0131laca\u011f\u0131n\u0131 duyurdu.<\/p>\n","protected":false},"excerpt":{"rendered":"<p>Libya&#8217;da suikasta kurban giden, devrik lider Muammer Kaddafi&#8217;nin o\u011flu Seyf\u00fclislam Kaddafi&#8217;nin, \u00f6l\u00fcm\u00fcnden bir g\u00fcn \u00f6nce kuzeni Ahmed Kaddafi&#8217;ye g\u00f6nderdi\u011fi son sesli mesaj yay\u0131mland\u0131. Kaddafi ses kayd\u0131nda \u00fclkesinin gelece\u011fi konusunda derin endi\u015fe duydu\u011funu ve baz\u0131 yabanc\u0131 \u00fclkelerin \u00fclke y\u00f6netimine m\u00fcdahale etmeye \u00e7al\u0131\u015ft\u0131\u011f\u0131n\u0131 ifade ediyor.<\/p>\n","protected":false},"author":1,"featured_media":47986,"comment_status":"open","ping_status":"open","sticky":false,"template":"","format":"standard","meta":{"footnotes":""},"categories":[12],"tags":[6051,3493],"class_list":["post-47985","post","type-post","status-publish","format-standard","has-post-thumbnail","hentry","category-siyaset","tag-kaddafi","tag-libya"],"_links":{"self":[{"href":"https:\/\/bihavadis.com\/index.php\/wp-json\/wp\/v2\/posts\/47985","targetHints":{"allow":["GET"]}}],"collection":[{"href":"https:\/\/bihavadis.com\/index.php\/wp-json\/wp\/v2\/posts"}],"about":[{"href":"https:\/\/bihavadis.com\/index.php\/wp-json\/wp\/v2\/types\/post"}],"author":[{"embeddable":true,"href":"https:\/\/bihavadis.com\/index.php\/wp-json\/wp\/v2\/users\/1"}],"replies":[{"embeddable":true,"href":"https:\/\/bihavadis.com\/index.php\/wp-json\/wp\/v2\/comments?post=47985"}],"version-history":[{"count":1,"href":"https:\/\/bihavadis.com\/index.php\/wp-json\/wp\/v2\/posts\/47985\/revisions"}],"predecessor-version":[{"id":47987,"href":"https:\/\/bihavadis.com\/index.php\/wp-json\/wp\/v2\/posts\/47985\/revisions\/47987"}],"wp:featuredmedia":[{"embeddable":true,"href":"https:\/\/bihavadis.com\/index.php\/wp-json\/wp\/v2\/media\/47986"}],"wp:attachment":[{"href":"https:\/\/bihavadis.com\/index.php\/wp-json\/wp\/v2\/media?parent=47985"}],"wp:term":[{"taxonomy":"category","embeddable":true,"href":"https:\/\/bihavadis.com\/index.php\/wp-json\/wp\/v2\/categories?post=47985"},{"taxonomy":"post_tag","embeddable":true,"href":"https:\/\/bihavadis.com\/index.php\/wp-json\/wp\/v2\/tags?post=47985"}],"curies":[{"name":"wp","href":"https:\/\/api.w.org\/{rel}","templated":true}]}}