{"id":48009,"date":"2026-02-25T23:21:05","date_gmt":"2026-02-25T23:21:05","guid":{"rendered":"https:\/\/bihavadis.com\/?p=48009"},"modified":"2026-02-25T23:21:05","modified_gmt":"2026-02-25T23:21:05","slug":"kuzeyin-uretim-merkezi-samsunda-2-yilda-50-yila-esdeger-arsa-tahsisi-yapildi","status":"publish","type":"post","link":"https:\/\/bihavadis.com\/index.php\/2026\/02\/25\/kuzeyin-uretim-merkezi-samsunda-2-yilda-50-yila-esdeger-arsa-tahsisi-yapildi\/","title":{"rendered":"&#8220;Kuzeyin \u00fcretim merkezi&#8221; Samsun&#8217;da 2 y\u0131lda 50 y\u0131la e\u015fde\u011fer arsa tahsisi yap\u0131ld\u0131"},"content":{"rendered":"<p> Samsun B\u00fcy\u00fck\u015fehir Belediye Ba\u015fkan\u0131 Halit Do\u011fan, kentin &#8220;kuzeyin \u00fcretim merkezi&#8221; olmas\u0131 i\u00e7in yo\u011fun bir \u00e7al\u0131\u015fma y\u00fcr\u00fctt\u00fcklerini belirterek, &#8220;Son 50 y\u0131lda tahsis edilen alan kadar Samsun&#8217;da sanayiciye son 2 senede arsa tahsisi yap\u0131ld\u0131. Son 2 y\u0131lda OSB&#8217;lerde \u00e7al\u0131\u015fan say\u0131s\u0131 2 kat\u0131na \u00e7\u0131kt\u0131&#8221; dedi.<\/p>\n<p>Sosyal belediyecilik anlay\u0131\u015f\u0131n\u0131n yan\u0131 s\u0131ra, \u015fehrin \u00fcretim kapasitesini art\u0131rarak ihracat rakamlar\u0131n\u0131 y\u00fckseltmeyi hedeflediklerini dile getiren Ba\u015fkan Do\u011fan, \u00fcretimi destekleyecek \u00e7al\u0131\u015fmalara odakland\u0131klar\u0131n\u0131 s\u00f6yledi. Havza OSB&#8217;nin 10 milyon metrekareye ula\u015ft\u0131\u011f\u0131n\u0131 belirten Do\u011fan, &#8220;Havza&#8217;n\u0131n alan\u0131 \u015fu anda Samsun&#8217;daki t\u00fcm OSB&#8217;lerin alan\u0131 kadar. Kavak OSB&#8217;yi de bu y\u0131l 5 milyon metrekareye \u00e7\u0131karma d\u00fc\u015f\u00fcncemiz var. B\u00fcy\u00fck\u015fehir Belediyesi olarak OSB&#8217;lerin altyap\u0131lar\u0131n\u0131 biz yap\u0131yoruz. Bunu maliyetleri d\u00fc\u015f\u00fcrmek i\u00e7in ger\u00e7ekle\u015ftiriyoruz&#8221; diye konu\u015ftu.<\/p>\n<p>\u015eehirdeki en \u00f6nemli unsurun birlik ve beraberlik oldu\u011funa dikkat \u00e7eken Do\u011fan, milletvekilleri, valilik ve belediye aras\u0131ndaki uyumun yat\u0131r\u0131mc\u0131y\u0131 Samsun&#8217;a \u00e7eken en b\u00fcy\u00fck etkenlerden biri haline geldi\u011fini vurgulad\u0131. Yat\u0131r\u0131mc\u0131lar\u0131n b\u00fcrokratik s\u00fcre\u00e7leri h\u0131zl\u0131 \u015fekilde \u00e7\u00f6zebildi\u011fini belirten Do\u011fan, &#8220;\u015eehirdeki bu uyum, Samsun&#8217;un kuzeyin \u00fcretim merkezi haline getirilmesine olan inanc\u0131 g\u00fc\u00e7lendiriyor. Bu inanm\u0131\u015fl\u0131\u011f\u0131 kurumsal hale getirip ileriye ta\u015f\u0131yabilirsek Samsun&#8217;un gelece\u011fi \u00e7ok daha a\u00e7\u0131k olacakt\u0131r&#8221; \u015feklinde konu\u015ftu.<\/p>\n<p>&#8220;50 y\u0131lda tahsis edilen alan kadar son 2 y\u0131lda sanayiciye arsa tahsisi yap\u0131ld\u0131&#8221;<\/p>\n<p>Son 2 y\u0131lda sanayiciye tahsis edilen arsa miktar\u0131n\u0131n, ge\u00e7mi\u015f 50 y\u0131l\u0131n toplam\u0131n\u0131 a\u015ft\u0131\u011f\u0131n\u0131 yineleyen Ba\u015fkan Do\u011fan, rutin belediyecilik hizmetlerinin yan\u0131 s\u0131ra kentin \u00fcretimini art\u0131rmaya odakland\u0131klar\u0131n\u0131 ifade etti. \u00dcretim ve ihracat\u0131n artmas\u0131n\u0131n \u00f6nemine de\u011finen Do\u011fan, &#8220;Bu benim tek ba\u015f\u0131ma yapabilece\u011fim bir durum de\u011fil. Benim g\u00f6revim uyumu sa\u011flamak ve bunun Samsun&#8217;a olumlu yans\u0131mas\u0131n\u0131 temin etmek. Son 2 y\u0131lda OSB&#8217;lerde \u00e7al\u0131\u015fan say\u0131s\u0131n\u0131n 2 kat\u0131na \u00e7\u0131kmas\u0131, Samsun&#8217;un \u00fcretim kapasitesinin artaca\u011f\u0131na olan inanc\u0131n sonucudur. Bunu ihracat rakamlar\u0131yla ta\u00e7land\u0131rmak istiyoruz&#8221; a\u00e7\u0131klamas\u0131nda bulundu.<\/p>\n<p>G\u00f6zle g\u00f6r\u00fclmeyen ancak kentin gelece\u011fi a\u00e7\u0131s\u0131ndan b\u00fcy\u00fck \u00f6nem ta\u015f\u0131yan altyap\u0131 yat\u0131r\u0131mlar\u0131na da de\u011finen Ba\u015fkan Do\u011fan, i\u00e7me suyu ve at\u0131k su yat\u0131r\u0131mlar\u0131na a\u011f\u0131rl\u0131k verdiklerini s\u00f6yledi. \u0130\u00e7me suyu kapasitesinin 2 kat\u0131na \u00e7\u0131kar\u0131ld\u0131\u011f\u0131n\u0131 belirten Do\u011fan, &#8220;Bug\u00fcn i\u00e7in s\u0131n\u0131r\u0131na gelmi\u015f bir ihtiyac\u0131, 50-100 y\u0131l sonras\u0131n\u0131 da d\u00fc\u015f\u00fcnerek \u00e7\u00f6z\u00fcyoruz. At\u0131k su ar\u0131tma tesisimizin de kapasitesini iki kat\u0131na \u00e7\u0131kar\u0131yoruz. Bu iki yat\u0131r\u0131m\u0131n toplam bedeli yakla\u015f\u0131k 3 milyar TL. \u00c7ok g\u00f6r\u00fcn\u00fcr de\u011fil ama insanlar\u0131n hayat\u0131na do\u011frudan etki eden yat\u0131r\u0131mlar&#8221; ifadelerini kulland\u0131.<\/p>\n<p>&#8220;\u0130nsanlar\u0131n g\u00f6nl\u00fcn\u00fc kazanmak en b\u00fcy\u00fck idealim&#8221;<\/p>\n<p>Belediye ba\u015fkan\u0131 olarak en b\u00fcy\u00fck idealinin insanlar\u0131n g\u00f6nl\u00fcn\u00fc kazanmak oldu\u011funu belirten Halit Do\u011fan, \u015funlar\u0131 s\u00f6yledi: <\/p>\n<p>&#8220;T\u00fcm hizmetlerin nihai amac\u0131 insanlar\u0131n mutlulu\u011fudur. \u0130nsanlar\u0131 mutlu edebildiysek ve en sonunda &#8216;iyi ki 5 y\u0131l bu adam B\u00fcy\u00fck\u015fehir Belediye Ba\u015fkanl\u0131\u011f\u0131 yapt\u0131&#8217; dedirtebildiysek, bizim i\u00e7in en b\u00fcy\u00fck kazan\u0131m budur. Bir hay\u0131r duas\u0131 alabilmek her \u015feyden k\u0131ymetli. Bu g\u00f6revleri b\u0131rakt\u0131\u011f\u0131m\u0131zda da yine insanlarla i\u00e7 i\u00e7e, ayn\u0131 sayg\u0131 ve muhabbeti g\u00f6rmek istiyorum. Gerisi g\u00fcn\u00fc bereketli ge\u00e7irmek. Bazen imkan olur, para olmaz; bazen para olur, imkan olmaz. Allah&#8217;a \u015f\u00fck\u00fcr, hepsini sa\u011flayabilecek bir durumumuz var. Milletimizin tevecc\u00fch\u00fcn\u00fcn artarak devam etti\u011fini g\u00f6r\u00fcyoruz. Samsun halk\u0131na te\u015fekk\u00fcr ediyorum. Zor ge\u00e7ecek i\u015flerimiz, insanlar\u0131m\u0131z\u0131n deste\u011fiyle \u00e7ok daha kolay oluyor. \u0130nsanlar\u0131n g\u00f6nl\u00fcn\u00fc kazanmak en b\u00fcy\u00fck idealim. Bunun yolu da hizmet etmekten ge\u00e7iyor. Hizmet etmek i\u00e7in var g\u00fcc\u00fcmle \u00e7al\u0131\u015f\u0131yorum ve insanlar\u0131 dinlemeyi \u00e7ok seviyorum.&#8221; &#8211; SAMSUN<\/p>\n","protected":false},"excerpt":{"rendered":"<p>Samsun B\u00fcy\u00fck\u015fehir Belediye Ba\u015fkan\u0131 Halit Do\u011fan, son iki y\u0131lda sanayicilere yap\u0131lan arsa tahsisinin, son 50 y\u0131ldaki toplam tahsisi a\u015ft\u0131\u011f\u0131n\u0131 belirterek, \u015fehrin kuzeyin \u00fcretim merkezi olmas\u0131 i\u00e7in yo\u011fun \u00e7al\u0131\u015fmalar yap\u0131ld\u0131\u011f\u0131n\u0131 vurgulad\u0131. Ayr\u0131ca, altyap\u0131 yat\u0131r\u0131mlar\u0131 ve sosyal belediyecilik anlay\u0131\u015f\u0131na da de\u011findi.<\/p>\n","protected":false},"author":1,"featured_media":48010,"comment_status":"open","ping_status":"open","sticky":false,"template":"","format":"standard","meta":{"footnotes":""},"categories":[8],"tags":[516,372,519,385,375],"class_list":["post-48009","post","type-post","status-publish","format-standard","has-post-thumbnail","hentry","category-ekonomi","tag-baskan","tag-belediye","tag-dogan","tag-samsun","tag-uretim"],"_links":{"self":[{"href":"https:\/\/bihavadis.com\/index.php\/wp-json\/wp\/v2\/posts\/48009","targetHints":{"allow":["GET"]}}],"collection":[{"href":"https:\/\/bihavadis.com\/index.php\/wp-json\/wp\/v2\/posts"}],"about":[{"href":"https:\/\/bihavadis.com\/index.php\/wp-json\/wp\/v2\/types\/post"}],"author":[{"embeddable":true,"href":"https:\/\/bihavadis.com\/index.php\/wp-json\/wp\/v2\/users\/1"}],"replies":[{"embeddable":true,"href":"https:\/\/bihavadis.com\/index.php\/wp-json\/wp\/v2\/comments?post=48009"}],"version-history":[{"count":1,"href":"https:\/\/bihavadis.com\/index.php\/wp-json\/wp\/v2\/posts\/48009\/revisions"}],"predecessor-version":[{"id":48011,"href":"https:\/\/bihavadis.com\/index.php\/wp-json\/wp\/v2\/posts\/48009\/revisions\/48011"}],"wp:featuredmedia":[{"embeddable":true,"href":"https:\/\/bihavadis.com\/index.php\/wp-json\/wp\/v2\/media\/48010"}],"wp:attachment":[{"href":"https:\/\/bihavadis.com\/index.php\/wp-json\/wp\/v2\/media?parent=48009"}],"wp:term":[{"taxonomy":"category","embeddable":true,"href":"https:\/\/bihavadis.com\/index.php\/wp-json\/wp\/v2\/categories?post=48009"},{"taxonomy":"post_tag","embeddable":true,"href":"https:\/\/bihavadis.com\/index.php\/wp-json\/wp\/v2\/tags?post=48009"}],"curies":[{"name":"wp","href":"https:\/\/api.w.org\/{rel}","templated":true}]}}