{"id":48048,"date":"2026-02-25T23:51:04","date_gmt":"2026-02-25T23:51:04","guid":{"rendered":"https:\/\/bihavadis.com\/?p=48048"},"modified":"2026-02-25T23:51:04","modified_gmt":"2026-02-25T23:51:04","slug":"konya-buyuksehir-bisiklette-zirvede-judoda-kursude","status":"publish","type":"post","link":"https:\/\/bihavadis.com\/index.php\/2026\/02\/25\/konya-buyuksehir-bisiklette-zirvede-judoda-kursude\/","title":{"rendered":"Konya B\u00fcy\u00fck\u015fehir Bisiklette Zirvede, Judoda K\u00fcrs\u00fcde"},"content":{"rendered":"<p><strong>Konya B\u00fcy\u00fck\u015fehir Belediyespor Bisiklet Tak\u0131m\u0131, Alanya\u2019da iki g\u00fcn s\u00fcren UCI 1.2 Grand Prix Alaiye Yar\u0131\u015f\u0131nda 1 alt\u0131n, 1 g\u00fcm\u00fc\u015f, 1 de bronz madalya kazanarak klasman \u015fampiyonlu\u011fu elde etti. B\u00fcy\u00fck\u015fehirli judocular da Kocaeli\u2019de d\u00fczenlenen Spor Toto B\u00fcy\u00fckler T\u00fcrkiye Judo \u015eampiyonas\u0131\u2019nda 1 alt\u0131n, 4 bronz olmak \u00fczere 5 madalyayla k\u00fcrs\u00fcde yer ald\u0131.<\/strong><\/p>\n<hr\/>\n<p>Konya B\u00fcy\u00fck\u015fehir Belediyespor Kul\u00fcb\u00fc, farkl\u0131 bran\u015flarda elde etti\u011fi bu derecelerle hem \u015fehri en iyi \u015fekilde temsil etmeyi hem de T\u00fcrk sporuna katk\u0131 sunmay\u0131 s\u00fcrd\u00fcr\u00fcyor.<\/p>\n<p><strong>B\u0130S\u0130KLET TAKIMI, YEN\u0130 SEZONDA DA MADALYALARI TOPLAMAYA DEVAM ED\u0130YOR\u00a0<\/strong><\/p>\n<p>UCI (Uluslararas\u0131 Bisiklet Birli\u011fi) ve T\u00fcrkiye Bisiklet Federasyonu\u2019nun faaliyet program\u0131nda yer alan UCI 1.2 Grand Prix Alaiye Yar\u0131\u015f\u0131, Alanya\u2019da d\u00fczenlendi. 2026 sezonunun ikinci yar\u0131\u015f\u0131 21 \u00fclkeden 19 tak\u0131mla toplam 119 sporcunun kat\u0131l\u0131m\u0131yla ve 127 kilometre olarak ger\u00e7ekle\u015fti.<\/p>\n<p>D\u00fcnyan\u0131n farkl\u0131 k\u0131talar\u0131ndan \u00f6nemli kul\u00fcplerin profesyonel bisiklet\u00e7ilerinin yer ald\u0131\u011f\u0131 yar\u0131\u015fta Konya B\u00fcy\u00fck\u015fehir Belediyesporlu bisiklet\u00e7iler k\u00fcrs\u00fcde yer alarak hem \u00fclkemizi hem de \u015fehrimizi ba\u015far\u0131yla temsil etti.<\/p>\n<p><strong>MUSTAFA TARAK\u00c7I VE RAMAZAN YILMAZ KONYA\u2019YI GURURLANDIRDI<\/strong><\/p>\n<p>Tak\u0131mlar\u0131n sezon performanslar\u0131n\u0131 test etmeleri f\u0131rsat\u0131 da veren bu kritik yar\u0131\u015fta milli tak\u0131m\u0131n gelecekteki \u00f6nemli isimleri aras\u0131nda yer alan B\u00fcy\u00fck\u015fehirli sporcular Mustafa Tarak\u00e7\u0131 ve Ramazan Y\u0131lmaz k\u00fcrs\u00fcde yer ald\u0131. Tak\u0131m m\u00fccadelesi ile sprint fini\u015f ile biten yar\u0131\u015fta jant fark\u0131 ile Mustafa Tarak\u00e7\u0131 ikincilikle g\u00fcm\u00fc\u015f, Ramazan Y\u0131lmaz ise \u00fc\u00e7\u00fcnc\u00fc olarak bronz madalya kazand\u0131. Mustafa Tarak\u00e7\u0131 ayn\u0131 zamanda U-23 klasman\u0131nda \u015fampiyon oldu.<\/p>\n<p>T\u00fcrkiye Bisiklet Federasyonu\u2019nun faaliyet program\u0131nda yer alan Uluslararas\u0131 Alaiye Kriteryum Yar\u0131\u015f\u0131, 96 sporcu ile 1.7 km \u00fczerinden 25 turda toplam 42.5 kilometre olarak ko\u015fuldu. \u00d6nemli rakiplerle k\u0131yas\u0131ya m\u00fccadele i\u00e7ine giren Konya B\u00fcy\u00fck\u015fehir Belediyesporlu Ramazan Y\u0131lmaz, yar\u0131\u015f\u0131 lider tamamlad\u0131 ve alt\u0131n madalyan\u0131n sahibi oldu.<\/p>\n<p><strong>B\u00dcY\u00dcK\u015eEH\u0130RL\u0130 JUDOCULAR KOCAEL\u0130\u2019NDEN 5 MADALYA \u0130LE D\u00d6ND\u00dc<\/strong><\/p>\n<p>Spor Toto B\u00fcy\u00fckler T\u00fcrkiye Judo \u015eampiyonas\u0131 21\u201322 Ocak tarihlerinde Kocaeli\u2019de d\u00fczenlendi.\u00a0<\/p>\n<p>52 \u015fehirden 376 erkek, 317 kad\u0131n olmak \u00fczere toplam 693 sporcunun kat\u0131l\u0131m\u0131yla yap\u0131lan \u015fampiyonada Konya B\u00fcy\u00fck\u015fehir Belediyespor Kul\u00fcb\u00fc, 12 sporcuyla m\u00fccadele etti. B\u00fcy\u00fck\u015fehir\u2019in judocular\u0131 minderi bo\u015f b\u0131rakmad\u0131 ve toplam 5 madalya ile k\u00fcrs\u00fcde yer ald\u0131.\u00a0<br \/>\u0130ki g\u00fcn s\u00fcren \u015fampiyona sonunda sar\u0131-siyahl\u0131 kul\u00fcb\u00fcn sporcular\u0131, 1 alt\u0131n, 4 bronz olmak \u00fczere 5 madalyay\u0131 boynuna ge\u00e7irdi.<\/p>\n<p>70 kiloda yar\u0131\u015fan Ecem Baysu\u011f, rakiplerini tek tek saf d\u0131\u015f\u0131 b\u0131rakarak \u015fampiyonluk elde etti ve alt\u0131n madalyan\u0131n sahibi oldu. 48 kiloda \u015eeyma Y\u0131ld\u0131r\u0131m, 52 kiloda Sude \u0130nan, 78 kiloda Kevser Dilbirli\u011fi ve 100 kiloda Mehmet K\u0131sa elde ettikleri \u00fc\u00e7\u00fcnc\u00fcl\u00fckle bronz madalya kazand\u0131.\u00a0<\/p>\n<p>B\u00fcy\u00fckler kategorisinde ilk kez 5 minder \u00fczerinden ger\u00e7ekle\u015ftirilen \u015fampiyonada y\u00fcksek tempolu kar\u015f\u0131la\u015fmalar ya\u015fan\u0131rken, B\u00fcy\u00fck\u015fehirli sporcular\u0131n sergiledikleri performanslar b\u00fcy\u00fck alk\u0131\u015f ald\u0131.<\/p>\n<p>Konya B\u00fcy\u00fck\u015fehir Belediyesporlu sporcular, elde ettikleri ba\u015far\u0131larla milli forma yolunda emin ad\u0131mlarla ilerlemeye devam etti.\u00a0<\/p>\n<p>\u00a0<\/p>\n<p>\u00a0<\/p>\n<p>Kaynak: (BYZHA) Beyaz Haber Ajans\u0131<\/p>\n","protected":false},"excerpt":{"rendered":"<p>Konya B\u00fcy\u00fck\u015fehir Belediyespor Bisiklet Tak\u0131m\u0131, Alanya\u2019da iki g\u00fcn s\u00fcren UCI 1.2 Grand Prix Alaiye Yar\u0131\u015f\u0131nda 1 alt\u0131n, 1 g\u00fcm\u00fc\u015f, 1 de bronz madalya kazanarak klasman \u015fampiyonlu\u011fu elde etti.<\/p>\n","protected":false},"author":1,"featured_media":48049,"comment_status":"open","ping_status":"open","sticky":false,"template":"","format":"standard","meta":{"footnotes":""},"categories":[14],"tags":[441,6025,1953,493,440],"class_list":["post-48048","post","type-post","status-publish","format-standard","has-post-thumbnail","hentry","category-spor","tag-bisiklet","tag-konya-buyuksehir-belediyespor","tag-madalya","tag-sampiyon","tag-spor"],"_links":{"self":[{"href":"https:\/\/bihavadis.com\/index.php\/wp-json\/wp\/v2\/posts\/48048","targetHints":{"allow":["GET"]}}],"collection":[{"href":"https:\/\/bihavadis.com\/index.php\/wp-json\/wp\/v2\/posts"}],"about":[{"href":"https:\/\/bihavadis.com\/index.php\/wp-json\/wp\/v2\/types\/post"}],"author":[{"embeddable":true,"href":"https:\/\/bihavadis.com\/index.php\/wp-json\/wp\/v2\/users\/1"}],"replies":[{"embeddable":true,"href":"https:\/\/bihavadis.com\/index.php\/wp-json\/wp\/v2\/comments?post=48048"}],"version-history":[{"count":1,"href":"https:\/\/bihavadis.com\/index.php\/wp-json\/wp\/v2\/posts\/48048\/revisions"}],"predecessor-version":[{"id":48050,"href":"https:\/\/bihavadis.com\/index.php\/wp-json\/wp\/v2\/posts\/48048\/revisions\/48050"}],"wp:featuredmedia":[{"embeddable":true,"href":"https:\/\/bihavadis.com\/index.php\/wp-json\/wp\/v2\/media\/48049"}],"wp:attachment":[{"href":"https:\/\/bihavadis.com\/index.php\/wp-json\/wp\/v2\/media?parent=48048"}],"wp:term":[{"taxonomy":"category","embeddable":true,"href":"https:\/\/bihavadis.com\/index.php\/wp-json\/wp\/v2\/categories?post=48048"},{"taxonomy":"post_tag","embeddable":true,"href":"https:\/\/bihavadis.com\/index.php\/wp-json\/wp\/v2\/tags?post=48048"}],"curies":[{"name":"wp","href":"https:\/\/api.w.org\/{rel}","templated":true}]}}