{"id":48051,"date":"2026-02-25T23:54:08","date_gmt":"2026-02-25T23:54:08","guid":{"rendered":"https:\/\/bihavadis.com\/?p=48051"},"modified":"2026-02-25T23:54:08","modified_gmt":"2026-02-25T23:54:08","slug":"zonguldakta-maden-ocaginda-meydana-gelen-gocukte-2-isci-hayatini-kaybetti","status":"publish","type":"post","link":"https:\/\/bihavadis.com\/index.php\/2026\/02\/25\/zonguldakta-maden-ocaginda-meydana-gelen-gocukte-2-isci-hayatini-kaybetti\/","title":{"rendered":"Zonguldak&#8217;ta maden oca\u011f\u0131nda meydana gelen g\u00f6\u00e7\u00fckte 2 i\u015f\u00e7i hayat\u0131n\u0131 kaybetti"},"content":{"rendered":"<p>Zonguldak\u2019\u0131n Kilimli il\u00e7esine ba\u011fl\u0131 Gelik beldesinde, \u00f6zel bir \u015firket taraf\u0131ndan i\u015fletilen maden oca\u011f\u0131nda, hen\u00fcz belirlenemeyen bir nedenle havaland\u0131rma bacas\u0131nda g\u00f6\u00e7\u00fck olu\u015ftu.<\/p>\n<p>O s\u0131rada bak\u0131m ve temizlik \u00e7al\u0131\u015fmas\u0131 yapan 3 i\u015f\u00e7i g\u00f6\u00e7\u00fck alt\u0131nda kald\u0131.<\/p>\n<p>\u00c7al\u0131\u015fma arkada\u015flar\u0131n\u0131n ihbar\u0131 \u00fczerine b\u00f6lgeye AFAD, TTK Tahlisiye, UMKE, polis ve jandarma ekipleri sevk edildi.<\/p>\n<p>\u00c7evredeki maden ocaklar\u0131nda \u00e7al\u0131\u015fan i\u015f\u00e7iler de kurtarma \u00e7al\u0131\u015fmalar\u0131na destek verdi.<\/p>\n<p><strong>ACI HABER 7 SAAT SONRA GELD\u0130<\/strong><\/p>\n<p>Ekiplerin yo\u011fun \u00e7al\u0131\u015fmas\u0131 sonucu 31 ya\u015f\u0131ndaki \u0130smet Kabuk yaral\u0131 olarak g\u00f6\u00e7\u00fck alt\u0131ndan \u00e7\u0131kar\u0131ld\u0131. Ambulansla Zonguldak Atat\u00fcrk Devlet Hastanesi\u2019ne kald\u0131r\u0131lan Kabuk\u2019un tedavisinin ard\u0131ndan taburcu edildi\u011fi bildirildi.<\/p>\n<p>Yakla\u015f\u0131k 7 saat s\u00fcren \u00e7al\u0131\u015fmalar\u0131n ard\u0131ndan 46 ya\u015f\u0131ndaki Veysel Oru\u00e7o\u011flu\u2019nun cans\u0131z bedenine ula\u015f\u0131ld\u0131. G\u00f6\u00e7\u00fck alt\u0131nda kalan 60 ya\u015f\u0131ndaki Ziya Kiret\u2019in cenazesi ise yakla\u015f\u0131k 9 saat sonra \u00e7\u0131kar\u0131ld\u0131.<\/p>\n<p>Hayat\u0131n\u0131 kaybeden i\u015f\u00e7ilerin cenazeleri, ayn\u0131 hastanenin morguna kald\u0131r\u0131ld\u0131.<\/p>\n<p><img decoding=\"async\" src=\"https:\/\/bihavadis.com\/wp-content\/uploads\/2026\/02\/zonguldakta-maden-ocaginda-meydana-gelen-gocukte-2-isci-hayatini-kaybetti-0-kskvfSx6.jpg\"\/><\/p>\n<p><strong>VAL\u0130 HACIBEKTA\u015eO\u011eLU: ADL\u0130 SORU\u015eTURMA DEVAM ED\u0130YOR<\/strong><\/p>\n<p>Olay yerine gelerek incelemelerde bulunan Zonguldak Valisi Osman Hac\u0131bekta\u015fo\u011flu, kazan\u0131n saat 14.00 s\u0131ralar\u0131nda bildirildi\u011fini ve m\u00fcdahalenin hemen ba\u015flat\u0131ld\u0131\u011f\u0131n\u0131 s\u00f6yledi.<\/p>\n<p>G\u00f6\u00e7\u00fc\u011f\u00fcn, havaland\u0131rma bacas\u0131nda olu\u015fan \u00e7\u00f6kmenin giderilmesi s\u0131ras\u0131nda meydana geldi\u011fini belirten Hac\u0131bekta\u015fo\u011flu, i\u015f\u00e7ilerin bu \u00e7al\u0131\u015fmay\u0131 y\u00fcr\u00fct\u00fcrken g\u00f6\u00e7\u00fck alt\u0131nda kald\u0131klar\u0131n\u0131 s\u00f6yledi.<\/p>\n<p>Maden oca\u011f\u0131n\u0131n ruhsatl\u0131 ve resmi olarak faaliyet g\u00f6sterdi\u011fini belirten Hac\u0131bekta\u015fo\u011flu, Cumhuriyet Ba\u015fsavc\u0131l\u0131\u011f\u0131 taraf\u0131ndan g\u00f6revlendirilen bilirki\u015fi heyetinin incelemelerini s\u00fcrd\u00fcrd\u00fc\u011f\u00fcn\u00fc, adli soru\u015fturman\u0131n devam etti\u011fini kaydetti.<\/p>\n<p>Vali Hac\u0131bekta\u015fo\u011flu, hayat\u0131n\u0131 kaybeden i\u015f\u00e7ilere Allah\u2019tan rahmet, ailelerine ba\u015fsa\u011fl\u0131\u011f\u0131 dileyerek, kurtarma \u00e7al\u0131\u015fmalar\u0131na kat\u0131lan t\u00fcm ekiplere te\u015fekk\u00fcr etti.<\/p>\n<p><img decoding=\"async\" src=\"https:\/\/bihavadis.com\/wp-content\/uploads\/2026\/02\/zonguldakta-maden-ocaginda-meydana-gelen-gocukte-2-isci-hayatini-kaybetti-1-NsHsLhqx.jpg\"\/><\/p>\n<p><strong>CEVDET YILMAZ VE BURHANETT\u0130N DURAN&#8217;DAN TAZ\u0130YE MESAJI<\/strong><\/p>\n<p>Cumhurba\u015fkan\u0131 Yard\u0131mc\u0131s\u0131 Cevdet Y\u0131lmaz, Zonguldak&#8217;\u0131n Kilimli il\u00e7esindeki maden oca\u011f\u0131nda meydana gelen g\u00f6\u00e7\u00fckte ya\u015fam\u0131n\u0131 yitiren iki madenci i\u00e7in<span>\u00a0<\/span>taziye<span>\u00a0<\/span>mesaj\u0131 yay\u0131mlad\u0131.<\/p>\n<p>Y\u0131lmaz, sosyal medya hesab\u0131ndaki mesaj\u0131nda \u015fu ifadeleri kulland\u0131:<\/p>\n<p>Zonguldak&#8217;\u0131n Kilimli il\u00e7esinde meydana gelen maden kazas\u0131nda hayat\u0131n\u0131 kaybeden Ziya Kiret ve Veysel Oru\u00e7o\u011flu&#8217;na Allah&#8217;tan rahmet, yak\u0131nlar\u0131na sab\u0131r ve ba\u015fsa\u011fl\u0131\u011f\u0131 diliyorum. Yaral\u0131 olarak kurtar\u0131lan karde\u015fimize de acil \u015fifalar temenni ediyorum. Cumhuriyet Ba\u015fsavc\u0131l\u0131\u011f\u0131 taraf\u0131ndan soru\u015fturma ba\u015flat\u0131lm\u0131\u015f olup s\u00fcre\u00e7 titizlikle s\u00fcrd\u00fcr\u00fclmektedir.<\/p>\n<p>Cumhurba\u015fkanl\u0131\u011f\u0131 \u0130leti\u015fim Ba\u015fkan\u0131 Burhanettin Duran da Zonguldak&#8217;\u0131n Kilimli il\u00e7esindeki maden oca\u011f\u0131nda meydana gelen g\u00f6\u00e7\u00fckte ya\u015fam\u0131n\u0131 yitiren iki madenci i\u00e7in taziye mesaj\u0131 yay\u0131mlad\u0131.<\/p>\n<p>Duran, sosyal medya hesab\u0131ndaki mesaj\u0131nda \u015fu ifadeleri kulland\u0131:<\/p>\n<p>Zonguldak Kilimli&#8217;de meydana gelen maden oca\u011f\u0131 g\u00f6\u00e7\u00fc\u011f\u00fcnde i\u015f\u00e7i karde\u015flerimizin vefat etti\u011fini derin bir teess\u00fcrle \u00f6\u011frendim. Hayat\u0131n\u0131 kaybeden madencilerimize Allah&#8217;tan rahmet, kederli ailelerine, yak\u0131nlar\u0131na ve aziz milletimize ba\u015fsa\u011fl\u0131\u011f\u0131 ve sab\u0131r diliyorum. G\u00f6\u00e7\u00fck alt\u0131ndan yaral\u0131 olarak kurtar\u0131lan karde\u015fimize de acil \u015fifalar temenni ediyorum. Bu elim hadiseye ili\u015fkin gerekli soru\u015fturma ba\u015flat\u0131lm\u0131\u015f olup, s\u00fcre\u00e7 ilgili kurumlar\u0131m\u0131z taraf\u0131ndan t\u00fcm y\u00f6nleriyle ve titizlikle y\u00fcr\u00fct\u00fclmektedir.<\/p>\n","protected":false},"excerpt":{"rendered":"<p>Kilimli il\u00e7esine ba\u011fl\u0131 Gelik beldesinde \u00f6zel bir \u015firket taraf\u0131ndan i\u015fletilen maden oca\u011f\u0131nda meydana gelen g\u00f6\u00e7\u00fckte 2 i\u015f\u00e7i ya\u015fam\u0131n\u0131 yitirirken, 1 i\u015f\u00e7i yaral\u0131 olarak kurtar\u0131ld\u0131.<\/p>\n","protected":false},"author":1,"featured_media":48052,"comment_status":"open","ping_status":"open","sticky":false,"template":"","format":"standard","meta":{"footnotes":""},"categories":[9,13],"tags":[378,2253,6317,6318,3910],"class_list":["post-48051","post","type-post","status-publish","format-standard","has-post-thumbnail","hentry","category-genel","category-son-dakika","tag-calisma","tag-isci","tag-mesaji","tag-meydana","tag-zonguldak"],"_links":{"self":[{"href":"https:\/\/bihavadis.com\/index.php\/wp-json\/wp\/v2\/posts\/48051","targetHints":{"allow":["GET"]}}],"collection":[{"href":"https:\/\/bihavadis.com\/index.php\/wp-json\/wp\/v2\/posts"}],"about":[{"href":"https:\/\/bihavadis.com\/index.php\/wp-json\/wp\/v2\/types\/post"}],"author":[{"embeddable":true,"href":"https:\/\/bihavadis.com\/index.php\/wp-json\/wp\/v2\/users\/1"}],"replies":[{"embeddable":true,"href":"https:\/\/bihavadis.com\/index.php\/wp-json\/wp\/v2\/comments?post=48051"}],"version-history":[{"count":1,"href":"https:\/\/bihavadis.com\/index.php\/wp-json\/wp\/v2\/posts\/48051\/revisions"}],"predecessor-version":[{"id":48055,"href":"https:\/\/bihavadis.com\/index.php\/wp-json\/wp\/v2\/posts\/48051\/revisions\/48055"}],"wp:featuredmedia":[{"embeddable":true,"href":"https:\/\/bihavadis.com\/index.php\/wp-json\/wp\/v2\/media\/48052"}],"wp:attachment":[{"href":"https:\/\/bihavadis.com\/index.php\/wp-json\/wp\/v2\/media?parent=48051"}],"wp:term":[{"taxonomy":"category","embeddable":true,"href":"https:\/\/bihavadis.com\/index.php\/wp-json\/wp\/v2\/categories?post=48051"},{"taxonomy":"post_tag","embeddable":true,"href":"https:\/\/bihavadis.com\/index.php\/wp-json\/wp\/v2\/tags?post=48051"}],"curies":[{"name":"wp","href":"https:\/\/api.w.org\/{rel}","templated":true}]}}