{"id":48056,"date":"2026-02-25T23:57:36","date_gmt":"2026-02-25T23:57:36","guid":{"rendered":"https:\/\/bihavadis.com\/?p=48056"},"modified":"2026-02-25T23:57:36","modified_gmt":"2026-02-25T23:57:36","slug":"antalyada-engel-tanimayan-sefler-bulusmasi","status":"publish","type":"post","link":"https:\/\/bihavadis.com\/index.php\/2026\/02\/25\/antalyada-engel-tanimayan-sefler-bulusmasi\/","title":{"rendered":"Antalya&#8217;da Engel Tan\u0131mayan \u015eefler Bulu\u015fmas\u0131"},"content":{"rendered":"<p>\n<p>ANTALYA&#8217;da \u00f6zel gereksinimli \u00e7ocuklar ile \u015fefleri bir araya getiren &#8216;Engel Tan\u0131mayan \u015eefler Bulu\u015fmas\u0131&#8217; etkinli\u011fi, fark\u0131ndal\u0131k ve dayan\u0131\u015fma oda\u011f\u0131nda ger\u00e7ekle\u015ftirildi. Etkinli\u011fe kat\u0131lan Gen\u00e7lik ve Spor Bakan Yard\u0131mc\u0131s\u0131 Safa Ko\u00e7o\u011flu G\u00fcrsoy, &#8220;Bu sadece bir mutfak etkinli\u011fi de\u011fil; birlikte \u00fcretmenin, empati kurman\u0131n en g\u00fczel \u00f6rneklerinden biri&#8221; dedi.<\/p>\n<p>Antalya Valili\u011fi himayesinde, Gen\u00e7lik ve Spor \u0130l M\u00fcd\u00fcrl\u00fc\u011f\u00fc ile T\u00fcm A\u015f\u00e7\u0131lar ve Miksolojistler Derne\u011fi (TAMDER) i\u015f birli\u011finde d\u00fczenlenen &#8216;Engel Tan\u0131mayan \u015eefler Bulu\u015fmas\u0131&#8217; etkinli\u011fi, \u00f6zel gereksinimli \u00e7ocuklar ile alan\u0131nda uzman \u015fefleri ayn\u0131 mutfakta bulu\u015fturdu. Antalya Spor Salonu&#8217;nda ger\u00e7ekle\u015ftirilen etkinlik, &#8216;Herkes \u0130\u00e7in Mutfak, Herkes \u0130\u00e7in Lezzet; Engelsiz Yar\u0131nlar&#8217; temas\u0131yla hayata ge\u00e7irildi.<\/p>\n<p> Etkinlik kapsam\u0131nda 10 miksolojist, 10 pastac\u0131 ve 10 a\u015f\u00e7\u0131; \u00f6zel gereksinimli \u00e7ocuklarla birebir e\u015fle\u015ferek yar\u0131\u015fma format\u0131nda d\u00fczenlenen at\u00f6lyelerde bir araya geldi. Organizasyonun, \u00f6zel gereksinimli bireylerin sosyal hayata aktif kat\u0131l\u0131m\u0131n\u0131 desteklemesi ve toplumsal fark\u0131ndal\u0131\u011f\u0131 art\u0131rmas\u0131 hedeflendi. Yemek at\u00f6lyesine; Gen\u00e7lik ve Spor Bakan Yard\u0131mc\u0131s\u0131 Safa Ko\u00e7o\u011flu G\u00fcrsoy, Antalya Valisi Hulusi \u015eahin&#8217;in e\u015fi Ebru \u015eahin, Gen\u00e7lik ve Spor \u0130l M\u00fcd\u00fcr\u00fc Yavuz G\u00fcrhan ile \u015fef Mehmet Akda\u011f da kat\u0131ld\u0131.<\/p>\n<p>&#8216;BU SADECE B\u0130R MUTFAK ETK\u0130NL\u0130\u011e\u0130 DE\u011e\u0130L&#8217;<\/p>\n<p>Safa Ko\u00e7o\u011flu G\u00fcrsoy, etkinli\u011fin yaln\u0131zca bir mutfak bulu\u015fmas\u0131 olarak de\u011ferlendirilmemesi gerekti\u011fine dikkati \u00e7ekti. G\u00fcrsoy, &#8220;Bu \u00f6zel bir bulu\u015fma, sadece bir mutfak etkinli\u011fi de\u011fil; birlikte \u00fcretmenin, empati kurman\u0131n en g\u00fczel \u00f6rneklerinden biri. Asl\u0131nda ilk kez yap\u0131lan bir bulu\u015fma da de\u011fil. Zaman i\u00e7erisinde tekrar edilen, giderek de b\u00fcy\u00fcyen bir etkinlik. Bu anlamda Antalya \u0130l Gen\u00e7lik ve Spor M\u00fcd\u00fcrl\u00fc\u011f\u00fcm\u00fcze ve tabii ki Valili\u011fin de himayesinde olan bu etkinlikte eme\u011fi ge\u00e7en herkese te\u015fekk\u00fcr ediyorum. Biz Gen\u00e7lik ve Spor Bakanl\u0131\u011f\u0131 olarak bu alanda \u00f6zel \u00e7al\u0131\u015fmalar\u0131 yap\u0131yoruz. Biliyorsunuz paralimpik sporlar\u0131nda \u00e7ok ciddi ba\u015far\u0131lar\u0131m\u0131z var. Say\u0131n Cumhurba\u015fkan\u0131m\u0131z Recep Tayyip Erdo\u011fan&#8217;\u0131n liderli\u011finde bu alanda \u00f6zel gereksinimli bireylere y\u00f6nelik hizmetlerimiz devam ediyor&#8221; dedi. <\/p>\n<p>&#8216;\u00c7OCUKLARIN MUTLULU\u011eU B\u0130Z\u0130M \u0130\u00c7\u0130N MADALYA&#8217;<\/p>\n<p>Etkinli\u011fe kat\u0131lan \u015feflerden, TAMDER Miksoloji Ba\u015fkan\u0131 Burak Kapson, &#8220;B\u00f6yle bir organizasyonun par\u00e7as\u0131 olmak bizim i\u00e7in b\u00fcy\u00fck gurur. \u00c7ocuklar\u0131m\u0131z\u0131n mutlulu\u011fu bizim i\u00e7in kupa ve madalya de\u011ferinde. Bu \u00e7al\u0131\u015fmay\u0131 ilerleyen s\u00fcre\u00e7te uluslararas\u0131 alana da ta\u015f\u0131may\u0131 hedefliyoruz&#8221; diye konu\u015ftu.<\/p>\n<p>TAMDER \u00fcyesi \u015fef Mehmet Sar\u0131soy ise &#8220;Bu t\u00fcr organizasyonlarda yer almak hem sosyal sorumlulu\u011fumuz hem de \u00e7ocuklarla beraber olmak bizi mutlu ediyor. Gastronomi y\u00f6nlendirmesi, mesleki istihdam kazand\u0131r\u0131lmas\u0131 gibi konular ve \u00e7ocuklar\u0131m\u0131zla bir arada olmak bizim i\u00e7in \u00e7ok onur verici&#8221; dedi. <\/p>\n<p>Etkinlik kapsam\u0131nda \u015fefler, \u00f6zel gereksinimli \u00e7ocuklarla beraber yemek yaparak, keyifli bir yar\u0131\u015fma ger\u00e7ekle\u015ftirdi. <\/p>\n","protected":false},"excerpt":{"rendered":"<p>Antalya&#8217;da \u00f6zel gereksinimli \u00e7ocuklar ile uzman \u015feflerin bulu\u015ftu\u011fu &#8216;Engel Tan\u0131mayan \u015eefler Bulu\u015fmas\u0131&#8217; etkinli\u011fi ger\u00e7ekle\u015ftirildi. Gen\u00e7lik ve Spor Bakan Yard\u0131mc\u0131s\u0131 Safa Ko\u00e7o\u011flu G\u00fcrsoy, bu etkinli\u011fin empati ve dayan\u0131\u015fman\u0131n g\u00fczel bir \u00f6rne\u011fi oldu\u011funu vurgulad\u0131. Etkinlik, \u00f6zel gereksinimli bireylerin sosyal hayata kat\u0131l\u0131m\u0131n\u0131 desteklemek amac\u0131yla yap\u0131ld\u0131 ve \u00f6nemli bir fark\u0131ndal\u0131k olu\u015fturmay\u0131 hedefledi.<\/p>\n","protected":false},"author":1,"featured_media":48057,"comment_status":"open","ping_status":"open","sticky":false,"template":"","format":"standard","meta":{"footnotes":""},"categories":[14],"tags":[683,2802,6319,6287,6320],"class_list":["post-48056","post","type-post","status-publish","format-standard","has-post-thumbnail","hentry","category-spor","tag-cocuklar","tag-etkinligi","tag-mutfak","tag-ozel-gereksinimli","tag-sefler"],"_links":{"self":[{"href":"https:\/\/bihavadis.com\/index.php\/wp-json\/wp\/v2\/posts\/48056","targetHints":{"allow":["GET"]}}],"collection":[{"href":"https:\/\/bihavadis.com\/index.php\/wp-json\/wp\/v2\/posts"}],"about":[{"href":"https:\/\/bihavadis.com\/index.php\/wp-json\/wp\/v2\/types\/post"}],"author":[{"embeddable":true,"href":"https:\/\/bihavadis.com\/index.php\/wp-json\/wp\/v2\/users\/1"}],"replies":[{"embeddable":true,"href":"https:\/\/bihavadis.com\/index.php\/wp-json\/wp\/v2\/comments?post=48056"}],"version-history":[{"count":1,"href":"https:\/\/bihavadis.com\/index.php\/wp-json\/wp\/v2\/posts\/48056\/revisions"}],"predecessor-version":[{"id":48058,"href":"https:\/\/bihavadis.com\/index.php\/wp-json\/wp\/v2\/posts\/48056\/revisions\/48058"}],"wp:featuredmedia":[{"embeddable":true,"href":"https:\/\/bihavadis.com\/index.php\/wp-json\/wp\/v2\/media\/48057"}],"wp:attachment":[{"href":"https:\/\/bihavadis.com\/index.php\/wp-json\/wp\/v2\/media?parent=48056"}],"wp:term":[{"taxonomy":"category","embeddable":true,"href":"https:\/\/bihavadis.com\/index.php\/wp-json\/wp\/v2\/categories?post=48056"},{"taxonomy":"post_tag","embeddable":true,"href":"https:\/\/bihavadis.com\/index.php\/wp-json\/wp\/v2\/tags?post=48056"}],"curies":[{"name":"wp","href":"https:\/\/api.w.org\/{rel}","templated":true}]}}