{"id":48071,"date":"2026-02-26T00:12:07","date_gmt":"2026-02-26T00:12:07","guid":{"rendered":"https:\/\/bihavadis.com\/?p=48071"},"modified":"2026-02-26T00:12:07","modified_gmt":"2026-02-26T00:12:07","slug":"lindsey-graham-trump-iran-kararini-haftalar-icinde-verebilir","status":"publish","type":"post","link":"https:\/\/bihavadis.com\/index.php\/2026\/02\/26\/lindsey-graham-trump-iran-kararini-haftalar-icinde-verebilir\/","title":{"rendered":"Lindsey Graham: Trump \u0130ran karar\u0131n\u0131 \u201chaftalar i\u00e7inde\u201d verebilir"},"content":{"rendered":"<p>ABD\u2019li Senat\u00f6r Graham, Tel Aviv&#8217;de yapt\u0131\u011f\u0131 bas\u0131n toplant\u0131s\u0131nda, ABD&#8217;nin \u0130ran&#8217;a olas\u0131 askeri sald\u0131r\u0131s\u0131 ve Cenevre&#8217;de ikinci turu yap\u0131lacak n\u00fckleer m\u00fczakerelere ili\u015fkin a\u00e7\u0131klamalarda bulundu.<\/p>\n<p>Graham, Washington y\u00f6netiminin \u00f6n\u00fcnde iki se\u00e7enek bulundu\u011funu belirterek, <em><b>\u201cBiri diplomatik bir yol, ulusal g\u00fcvenlik \u00e7\u0131karlar\u0131m\u0131z\u0131 ilerletecek \u015fekilde bu rejimi diplomatik olarak sona erdirmenin bir yolunu bulmaya \u00e7al\u0131\u015fmak. Di\u011feri ise askeri se\u00e7enek.\u201d<\/b><\/em> dedi.<\/p>\n<p>Trump\u2019\u0131n<em><b> \u201changi se\u00e7ene\u011fin daha b\u00fcy\u00fck bal\u0131\u011f\u0131 tutabilece\u011fi\u201d<\/b><\/em> aray\u0131\u015f\u0131nda oldu\u011funu savunan Graham, karar s\u00fcrecinin h\u0131zlanabilece\u011fini ifade etti.<\/p>\n<p><strong>&#8220;\u0130RAN EN ZAYIF NOKTASINDA&#8221;<\/strong><\/p>\n<p>\u0130ran\u2019daki mevcut y\u00f6netimin 1979\u2019daki devrimden bu yana<em><b> \u201cen zay\u0131f noktas\u0131nda\u201d<\/b><\/em> oldu\u011funu ileri s\u00fcren Graham, olas\u0131 bir ABD sald\u0131r\u0131s\u0131na Tahran\u2019\u0131n verebilece\u011fi kar\u015f\u0131l\u0131\u011fa da de\u011findi.<\/p>\n<p><b><em>\u201cB\u00f6lgedeki askerlerimiz vurulabilir mi? Kesinlikle vurulabilirler. E\u011fer topyek\u00fbn bir sald\u0131r\u0131 yaparsak \u0130ran kar\u015f\u0131l\u0131k verebilir mi? Kesinlikle verebilir.\u201d<\/em><\/b> ifadelerini kullanan Graham, risklerin fark\u0131nda olduklar\u0131n\u0131 dile getirdi.<\/p>\n<p><img decoding=\"async\" src=\"https:\/\/bihavadis.com\/wp-content\/uploads\/2026\/02\/lindsey-graham-trump-iran-kararini-haftalar-icinde-verebilir-0-Lainw6QN.jpg\"\/><\/p>\n<p><strong>&#8220;G\u00d6R\u00dc\u015e AYRILI\u011eI YOK&#8221;<\/strong><\/p>\n<p>Graham, The Times of Israel\u2019e verdi\u011fi deme\u00e7te ise Trump ile \u0130srail Ba\u015fbakan\u0131 Benjamin Netanyahu aras\u0131nda \u0130ran konusunda<b><em> \u201chi\u00e7bir g\u00f6r\u00fc\u015f ayr\u0131l\u0131\u011f\u0131\u201d <\/em><\/b>bulunmad\u0131\u011f\u0131n\u0131 savundu.<\/p>\n<p>\u00d6te yandan Graham, \u0130srail\u2019in i\u015fgal alt\u0131ndaki Bat\u0131 \u015eeria\u2019y\u0131 ilhak etmeye y\u00f6nelik ad\u0131mlar\u0131na ili\u015fkin olarak, b\u00f6yle bir hamlenin \u0130srail\u2019e uluslararas\u0131 alanda <em><b>\u201cb\u00fcy\u00fck bir darbe\u201d<\/b><\/em> vurabilece\u011fi uyar\u0131s\u0131nda bulundu.<\/p>\n<p><img decoding=\"async\" src=\"https:\/\/bihavadis.com\/wp-content\/uploads\/2026\/02\/lindsey-graham-trump-iran-kararini-haftalar-icinde-verebilir-1-nrqeCJI8.jpg\"\/><\/p>\n<p><strong>CENEVRE&#8217;DE \u0130K\u0130NC\u0130 TUR<\/strong><\/p>\n<p>ABD ile \u0130ran heyetlerinin, yar\u0131n \u0130svi\u00e7re\u2019nin Cenevre kentinde n\u00fckleer m\u00fczakerelerin ikinci turu kapsam\u0131nda bir araya gelmesi bekleniyor.<\/p>\n<p>\u0130ki \u00fclke aras\u0131ndaki n\u00fckleer g\u00f6r\u00fc\u015fmelerin ilk turu, \u0130srail ve ABD\u2019nin Haziran 2025\u2019te \u0130ran\u2019a y\u00f6nelik sald\u0131r\u0131lar\u0131n\u0131n ard\u0131ndan kesintiye u\u011fram\u0131\u015f, s\u00fcre\u00e7 6 \u015eubat\u2019ta Umman\u2019da yeniden ba\u015flam\u0131\u015ft\u0131.<\/p>\n<p><img decoding=\"async\" src=\"https:\/\/bihavadis.com\/wp-content\/uploads\/2026\/02\/lindsey-graham-trump-iran-kararini-haftalar-icinde-verebilir-2-DeCHhIYF.jpg\"\/><\/p>\n","protected":false},"excerpt":{"rendered":"<p>ABD\u2019li Cumhuriyet\u00e7i Senat\u00f6r Lindsey Graham, \u0130srail\u2019in ba\u015fkenti Tel Aviv\u2019de d\u00fczenledi\u011fi bas\u0131n toplant\u0131s\u0131nda, ABD Ba\u015fkan\u0131 Donald Trump\u2019\u0131n \u0130ran\u2019a ili\u015fkin karar\u0131n\u0131 \u201caylar de\u011fil haftalar i\u00e7inde\u201d verece\u011fini iddia etti.<\/p>\n","protected":false},"author":1,"featured_media":48072,"comment_status":"open","ping_status":"open","sticky":false,"template":"","format":"standard","meta":{"footnotes":""},"categories":[6],"tags":[272,6323,271],"class_list":["post-48071","post","type-post","status-publish","format-standard","has-post-thumbnail","hentry","category-dunya","tag-abd","tag-graham","tag-iran"],"_links":{"self":[{"href":"https:\/\/bihavadis.com\/index.php\/wp-json\/wp\/v2\/posts\/48071","targetHints":{"allow":["GET"]}}],"collection":[{"href":"https:\/\/bihavadis.com\/index.php\/wp-json\/wp\/v2\/posts"}],"about":[{"href":"https:\/\/bihavadis.com\/index.php\/wp-json\/wp\/v2\/types\/post"}],"author":[{"embeddable":true,"href":"https:\/\/bihavadis.com\/index.php\/wp-json\/wp\/v2\/users\/1"}],"replies":[{"embeddable":true,"href":"https:\/\/bihavadis.com\/index.php\/wp-json\/wp\/v2\/comments?post=48071"}],"version-history":[{"count":1,"href":"https:\/\/bihavadis.com\/index.php\/wp-json\/wp\/v2\/posts\/48071\/revisions"}],"predecessor-version":[{"id":48076,"href":"https:\/\/bihavadis.com\/index.php\/wp-json\/wp\/v2\/posts\/48071\/revisions\/48076"}],"wp:featuredmedia":[{"embeddable":true,"href":"https:\/\/bihavadis.com\/index.php\/wp-json\/wp\/v2\/media\/48072"}],"wp:attachment":[{"href":"https:\/\/bihavadis.com\/index.php\/wp-json\/wp\/v2\/media?parent=48071"}],"wp:term":[{"taxonomy":"category","embeddable":true,"href":"https:\/\/bihavadis.com\/index.php\/wp-json\/wp\/v2\/categories?post=48071"},{"taxonomy":"post_tag","embeddable":true,"href":"https:\/\/bihavadis.com\/index.php\/wp-json\/wp\/v2\/tags?post=48071"}],"curies":[{"name":"wp","href":"https:\/\/api.w.org\/{rel}","templated":true}]}}