{"id":48174,"date":"2026-02-26T01:27:06","date_gmt":"2026-02-26T01:27:06","guid":{"rendered":"https:\/\/bihavadis.com\/?p=48174"},"modified":"2026-02-26T01:27:06","modified_gmt":"2026-02-26T01:27:06","slug":"davutoglundan-imar-reformu-vurgusu","status":"publish","type":"post","link":"https:\/\/bihavadis.com\/index.php\/2026\/02\/26\/davutoglundan-imar-reformu-vurgusu\/","title":{"rendered":"Davuto\u011flu&#8217;ndan \u0130mar Reformu Vurgusu"},"content":{"rendered":"<p>\n<p>GELECEK Partisi Genel Ba\u015fkan\u0131 Ahmet Davuto\u011flu, &#8220;\u0130mar aff\u0131 ve rant\u0131 yerine, imar yasas\u0131n\u0131 getirece\u011fiz. \u0130mar aff\u0131 yerine, imar denetimini getirece\u011fiz. Rantsal d\u00f6n\u00fc\u015f\u00fcm yerine, ger\u00e7ek kentsel d\u00f6n\u00fc\u015f\u00fcm\u00fc getirece\u011fiz&#8221; dedi.<\/p>\n<p>Gelecek Partisi Genel Ba\u015fkan\u0131 Ahmet Davuto\u011flu, TBMM&#8217;de Yeni Yol grup toplant\u0131s\u0131nda konu\u015ftu. Davuto\u011flu, Kahramanmara\u015f merkezli depremlerin 3&#8217;\u00fcnc\u00fc g\u00fcn\u00fcnde deprem b\u00f6lgesinde incelemelerde bulundu\u011funu belirterek, &#8220;Ad\u0131yaman&#8217;da g\u00f6rd\u00fc\u011f\u00fcm\u00fcz manzara felaket \u00f6tesi bir tabloydu. B\u00fct\u00fcn bir gece Ad\u0131yaman&#8217;da kald\u0131m. Orada Seyfettin karde\u015fimiz enkaz ba\u015f\u0131nda karde\u015finin ve ye\u011fenlerinin \u00e7\u0131kar\u0131lmas\u0131 i\u00e7in toz duman i\u00e7erisinde \u00e7aba sarf ediyordu. Seyfettin karde\u015fimizin ailesinden 59 ki\u015fi vefat etti. Bizler uzaktan bu ac\u0131lar\u0131 ya\u015farken onlar derinden ya\u015fad\u0131. Biz sadece onlar\u0131n s\u00f6zc\u00fcs\u00fc oluruz, onlar\u0131n ve \u00fclkemizin bir daha b\u00f6yle bir felaketle kar\u015f\u0131la\u015fmamas\u0131 i\u00e7in gecemizi g\u00fcnd\u00fcz\u00fcm\u00fcze katarak \u00e7al\u0131\u015f\u0131r\u0131z. Bu sistem \u00e7\u00f6k\u00fc\u015f\u00fcne sebep olanlar bilsinler ki imar aff\u0131 ve rant\u0131 yerine, imar yasas\u0131n\u0131 getirece\u011fiz. \u0130mar aff\u0131 yerine, imar denetimini getirece\u011fiz. Rantsal d\u00f6n\u00fc\u015f\u00fcm yerine, ger\u00e7ek kentsel d\u00f6n\u00fc\u015f\u00fcm\u00fc getirece\u011fiz. Kanal \u0130stanbul yerine, bize ecdattan yadigar \u0130stanbul&#8217;u ebediyen koruyacak \u0130stanbul yasas\u0131n\u0131 getirece\u011fiz&#8221; diye konu\u015ftu. <\/p>\n","protected":false},"excerpt":{"rendered":"<p>Ahmet Davuto\u011flu, imar aff\u0131 yerine denetim ve ger\u00e7ek kentsel d\u00f6n\u00fc\u015f\u00fcm mesaj\u0131 verdi.<\/p>\n","protected":false},"author":1,"featured_media":48175,"comment_status":"open","ping_status":"open","sticky":false,"template":"","format":"standard","meta":{"footnotes":""},"categories":[12],"tags":[1011,2738],"class_list":["post-48174","post","type-post","status-publish","format-standard","has-post-thumbnail","hentry","category-siyaset","tag-imar","tag-yerine"],"_links":{"self":[{"href":"https:\/\/bihavadis.com\/index.php\/wp-json\/wp\/v2\/posts\/48174","targetHints":{"allow":["GET"]}}],"collection":[{"href":"https:\/\/bihavadis.com\/index.php\/wp-json\/wp\/v2\/posts"}],"about":[{"href":"https:\/\/bihavadis.com\/index.php\/wp-json\/wp\/v2\/types\/post"}],"author":[{"embeddable":true,"href":"https:\/\/bihavadis.com\/index.php\/wp-json\/wp\/v2\/users\/1"}],"replies":[{"embeddable":true,"href":"https:\/\/bihavadis.com\/index.php\/wp-json\/wp\/v2\/comments?post=48174"}],"version-history":[{"count":1,"href":"https:\/\/bihavadis.com\/index.php\/wp-json\/wp\/v2\/posts\/48174\/revisions"}],"predecessor-version":[{"id":48176,"href":"https:\/\/bihavadis.com\/index.php\/wp-json\/wp\/v2\/posts\/48174\/revisions\/48176"}],"wp:featuredmedia":[{"embeddable":true,"href":"https:\/\/bihavadis.com\/index.php\/wp-json\/wp\/v2\/media\/48175"}],"wp:attachment":[{"href":"https:\/\/bihavadis.com\/index.php\/wp-json\/wp\/v2\/media?parent=48174"}],"wp:term":[{"taxonomy":"category","embeddable":true,"href":"https:\/\/bihavadis.com\/index.php\/wp-json\/wp\/v2\/categories?post=48174"},{"taxonomy":"post_tag","embeddable":true,"href":"https:\/\/bihavadis.com\/index.php\/wp-json\/wp\/v2\/tags?post=48174"}],"curies":[{"name":"wp","href":"https:\/\/api.w.org\/{rel}","templated":true}]}}