{"id":48212,"date":"2026-02-26T02:00:22","date_gmt":"2026-02-26T02:00:22","guid":{"rendered":"https:\/\/bihavadis.com\/?p=48212"},"modified":"2026-02-26T02:00:22","modified_gmt":"2026-02-26T02:00:22","slug":"imder-ile-yeni-donem-basliyor","status":"publish","type":"post","link":"https:\/\/bihavadis.com\/index.php\/2026\/02\/26\/imder-ile-yeni-donem-basliyor\/","title":{"rendered":"\u0130MDER \u0130le Yeni D\u00f6nem Ba\u015fl\u0131yor"},"content":{"rendered":"<p>T\u00fcrkiye \u0130\u015f Makinalar\u0131 Distrib\u00fct\u00f6rleri ve \u0130malat\u00e7\u0131lar\u0131 Birli\u011fi (\u0130MDER) 13. Ola\u011fan Genel Kurulu&#8217;nda, Birli\u011fin yeni Y\u00f6netim Kurulu Ba\u015fkan\u0131 \u00d6zer \u015eahin oldu.<\/p>\n<p>Y\u00f6netim kurulu toplant\u0131s\u0131n\u0131n ard\u0131ndan bas\u0131n mensuplar\u0131yla bir araya gelen \u015eahin, sekt\u00f6re y\u00f6nelik de\u011ferlendirmelerde bulundu.<\/p>\n<p>\u015eahin, \u015feffafl\u0131\u011f\u0131 ve ortak akl\u0131 merkeze alan bir y\u00f6netim anlay\u0131\u015f\u0131n\u0131 benimseyeceklerini belirterek, &#8220;Yeni d\u00f6nemde ortak hedeflere ula\u015fabilmek ve \u00f6nceliklerimizi belirlemek ad\u0131na 100 g\u00fcnl\u00fck aksiyon plan\u0131 haz\u0131rlayaca\u011f\u0131z. Bu s\u00fcre\u00e7te, aciliyet arz eden sorunlar\u0131n \u00e7\u00f6z\u00fcm\u00fcne y\u00f6nelik h\u0131zl\u0131 ad\u0131mlar ataca\u011f\u0131z. K\u00fcresel dinamikleri, \u00f6zellikle de AB ile Hindistan aras\u0131ndaki serbest ticaret anla\u015fmas\u0131n\u0131n sekt\u00f6r\u00fcm\u00fcze etkilerini yak\u0131ndan takip ederek payda\u015flar\u0131m\u0131zla analiz edece\u011fiz.&#8221; ifadelerini kulland\u0131.<\/p>\n<p>Uygun olanaklarla finansmana eri\u015fimin di\u011fer sekt\u00f6rlerde oldu\u011fu gibi i\u015f makineleri sekt\u00f6r\u00fcnde de firmalar\u0131n ya\u015fad\u0131\u011f\u0131 \u00f6nemli bir sorun oldu\u011funu s\u00f6yleyen \u015eahin, bunun yan\u0131nda enflasyondan kaynakl\u0131 olarak genel giderlerin de y\u00fckseldi\u011fine i\u015faret etti.<\/p>\n<p>&#8220;Sat\u0131\u015flar\u0131n 2026&#8217;da 15-17 bin band\u0131nda seyredece\u011fini \u00f6ng\u00f6r\u00fcyoruz&#8221;<\/p>\n<p>\u0130MDER Y\u00f6netim Kurulu Ba\u015fkan\u0131 \u015eahin, T\u00fcrkiye&#8217;nin stratejik konumunun sekt\u00f6re hem avantajlar hem de riskler getirdi\u011fine i\u015faret ederek, \u015funlar\u0131 kaydetti: <\/p>\n<p>&#8220;T\u00fcrkiye, jeopolitik a\u00e7\u0131dan b\u00fcy\u00fck avantajlara sahip olsa da olduk\u00e7a hassas bir co\u011frafyada yer al\u0131yor. Rusya-Ukrayna sava\u015f\u0131, \u00f6zellikle ihracat pazarlar\u0131m\u0131z \u00fczerinde bask\u0131 olu\u015fturarak sekt\u00f6r\u00fcm\u00fcz\u00fc olumsuz etkiledi. Ancak madalyonun di\u011fer y\u00fcz\u00fcnde, Suriye&#8217;nin yeniden in\u015fas\u0131 gibi \u00f6nemli potansiyel bar\u0131nd\u0131ran s\u00fcre\u00e7ler bulunuyor. \u0130MDER olarak, bu t\u00fcr f\u0131rsatlar\u0131 en do\u011fru zamanda yakalamak ve sahip oldu\u011fumuz k\u00f6kl\u00fc bilgi birikimini \u00fcyelerimize aktararak bu s\u00fcre\u00e7lerden maksimum faydayla \u00e7\u0131kmalar\u0131n\u0131 sa\u011flamak \u00f6nceli\u011fimiz olacakt\u0131r.&#8221;<\/p>\n<p>Do\u011frudan ve dolayl\u0131 olarak yakla\u015f\u0131k 1 milyon ki\u015fiye istihdam sa\u011flayan sekt\u00f6rde \u00f6nemli bir yere sahip olan \u0130MDER&#8217;in 60&#8217;a yak\u0131n \u00fcyesiyle sekt\u00f6r\u00fcn y\u00fczde 95&#8217;ini temsil etti\u011fini s\u00f6yleyen \u015eahin, &#8220;Yakla\u015f\u0131k 5 milyar dolar pazar de\u011feri bulunan sekt\u00f6r 2,1 milyar dolarl\u0131k ihracata imza att\u0131. Sekt\u00f6rde sat\u0131\u015flar 2025&#8217;te bir \u00f6nceki y\u0131la g\u00f6re y\u00fczde 10 art\u0131\u015fla 16 bin 300 adede ula\u015ft\u0131. \u00d6n\u00fcm\u00fczdeki d\u00f6nemde sekt\u00f6r\u00fcn \u00fclke ekonomisi ve geli\u015fiminde \u00f6nemli bir paya sahip olmay\u0131 s\u00fcrd\u00fcrmesini \u00f6ng\u00f6r\u00fcyoruz.&#8221; dedi.<\/p>\n<p>\u015eahin, yeni d\u00f6nemdeki temel hedeflerinin bug\u00fcne kadar elde edilen ba\u015far\u0131lar\u0131 daha ileriye ta\u015f\u0131mak oldu\u011funu belirterek, &#8220;Sat\u0131\u015flar\u0131n 2026&#8217;da 15-17 bin band\u0131nda seyredece\u011fini \u00f6ng\u00f6r\u00fcyoruz. \u00d6zellikle altyap\u0131, \u00fcstyap\u0131 ve maden yat\u0131r\u0131mlar\u0131n\u0131n s\u00fcrmesi, ileriye d\u00f6n\u00fck g\u00fcvenimizi tazeliyor.&#8221; dedi.<\/p>\n<p>KOMATEK Fuar\u0131 3 Haziran&#8217;da kap\u0131lar\u0131n\u0131 a\u00e7acak<\/p>\n<p>\u0130\u015f makineleri fuar\u0131 olan KOMATEK Fuar\u0131&#8217;na y\u00f6nelik kapsaml\u0131 haz\u0131rl\u0131klar\u0131n\u0131n s\u00fcrd\u00fc\u011f\u00fcn\u00fc anlatan \u015eahin, 3-6 Haziran tarihleri aras\u0131nda ger\u00e7ekle\u015ftirilecek olan KOMATEK&#8217;in, sadece T\u00fcrkiye&#8217;nin de\u011fil b\u00f6lgenin en b\u00fcy\u00fck i\u015f makineleri platformu konumunda oldu\u011funu vurgulad\u0131.<\/p>\n<p>\u015eahin, bu y\u0131l fuar alan\u0131n\u0131n yakla\u015f\u0131k y\u00fczde 30 daha b\u00fcy\u00fck olaca\u011f\u0131n\u0131, yaln\u0131zca sergileme alan\u0131 de\u011fil canl\u0131 demo g\u00f6sterileri ve operat\u00f6r yar\u0131\u015fmalar\u0131n\u0131n da yap\u0131laca\u011f\u0131n\u0131 aktard\u0131.<\/p>\n<p>\u0130MDER&#8217;in \u00fcyesi oldu\u011fu Avrupa \u0130\u015f Makinalar\u0131 Federasyonunun bu y\u0131lki genel kurulu ve y\u00f6netim kurulu toplant\u0131s\u0131n\u0131n \u0130MDER&#8217;in ev sahipli\u011finde KOMATEK fuar\u0131nda yap\u0131laca\u011f\u0131n\u0131 belirten \u015eahin, fuarda d\u00fcnya devlerinin en \u00fcst d\u00fczey y\u00f6neticileriyle yerli \u00fcreticilerin bir araya gelece\u011fini s\u00f6yledi.<\/p>\n<p>&#8220;Temel hedefimiz \u00fcniversitelilerimize bu sekt\u00f6r\u00fc sevdirmek&#8221;<\/p>\n<p>\u00d6zer \u015eahin, i\u015f makineleri sekt\u00f6r\u00fcnde dijitalle\u015fme ve teknolojinin rol\u00fcn\u00fcn her ge\u00e7en g\u00fcn artt\u0131\u011f\u0131na dikkati \u00e7ekerek, &#8220;Sekt\u00f6r\u00fcm\u00fcze ilgi duyan gen\u00e7lerimizin yan\u0131nda olmak sorumlulu\u011fumuzdur. \u0130\u015f makineleri art\u0131k y\u00fcksek teknolojiyle i\u00e7 i\u00e7e bir alan haline geldi. Temel hedefimiz \u00fcniversitelilerimize bu sekt\u00f6r\u00fc sevdirmek ve \u0130MDER ile \u00fcniversiteler aras\u0131nda sars\u0131lmaz bir i\u015fbirli\u011fi k\u00f6pr\u00fcs\u00fc kurmakt\u0131r.&#8221; ifadelerini kulland\u0131.<\/p>\n<p>Sekt\u00f6r\u00fcn ihtiya\u00e7 duydu\u011fu teknik eleman konusunda Milli E\u011fitim Bakanl\u0131\u011f\u0131 (MEB) ile uzun y\u0131llard\u0131r i\u015fbirli\u011fi i\u00e7inde olduklar\u0131n\u0131 s\u00f6yleyen \u015eahin, MEB&#8217;in koordinasyonunda 7 b\u00f6lgede 50 okula ula\u015ft\u0131klar\u0131n\u0131 kaydetti.<\/p>\n<p>\u015eahin, \u00e7evrim i\u00e7i bir e\u011fitim portal\u0131 olu\u015fturduklar\u0131n\u0131, portal\u0131n aktif hale gelmesiyle i\u015fbirli\u011fi i\u00e7inde olduklar\u0131 liselerdeki \u00f6\u011fretmen ve \u00f6\u011frencilerin sekt\u00f6re ili\u015fkin de\u011ferli okumalara ula\u015faca\u011f\u0131n\u0131 s\u00f6zlerine ekledi.<\/p>\n","protected":false},"excerpt":{"rendered":"<p>\u0130MDER\u2019in yeni ba\u015fkan\u0131 \u00d6zer \u015eahin, sekt\u00f6re y\u00f6nelik 100 g\u00fcnl\u00fck aksiyon plan\u0131 olu\u015fturacak.<\/p>\n","protected":false},"author":1,"featured_media":48213,"comment_status":"open","ping_status":"open","sticky":false,"template":"","format":"standard","meta":{"footnotes":""},"categories":[8],"tags":[433,6339,395,2144,502],"class_list":["post-48212","post","type-post","status-publish","format-standard","has-post-thumbnail","hentry","category-ekonomi","tag-fuar","tag-imder","tag-is","tag-sahin","tag-sektor"],"_links":{"self":[{"href":"https:\/\/bihavadis.com\/index.php\/wp-json\/wp\/v2\/posts\/48212","targetHints":{"allow":["GET"]}}],"collection":[{"href":"https:\/\/bihavadis.com\/index.php\/wp-json\/wp\/v2\/posts"}],"about":[{"href":"https:\/\/bihavadis.com\/index.php\/wp-json\/wp\/v2\/types\/post"}],"author":[{"embeddable":true,"href":"https:\/\/bihavadis.com\/index.php\/wp-json\/wp\/v2\/users\/1"}],"replies":[{"embeddable":true,"href":"https:\/\/bihavadis.com\/index.php\/wp-json\/wp\/v2\/comments?post=48212"}],"version-history":[{"count":1,"href":"https:\/\/bihavadis.com\/index.php\/wp-json\/wp\/v2\/posts\/48212\/revisions"}],"predecessor-version":[{"id":48214,"href":"https:\/\/bihavadis.com\/index.php\/wp-json\/wp\/v2\/posts\/48212\/revisions\/48214"}],"wp:featuredmedia":[{"embeddable":true,"href":"https:\/\/bihavadis.com\/index.php\/wp-json\/wp\/v2\/media\/48213"}],"wp:attachment":[{"href":"https:\/\/bihavadis.com\/index.php\/wp-json\/wp\/v2\/media?parent=48212"}],"wp:term":[{"taxonomy":"category","embeddable":true,"href":"https:\/\/bihavadis.com\/index.php\/wp-json\/wp\/v2\/categories?post=48212"},{"taxonomy":"post_tag","embeddable":true,"href":"https:\/\/bihavadis.com\/index.php\/wp-json\/wp\/v2\/tags?post=48212"}],"curies":[{"name":"wp","href":"https:\/\/api.w.org\/{rel}","templated":true}]}}