{"id":48215,"date":"2026-02-26T02:03:04","date_gmt":"2026-02-26T02:03:04","guid":{"rendered":"https:\/\/bihavadis.com\/?p=48215"},"modified":"2026-02-26T02:03:04","modified_gmt":"2026-02-26T02:03:04","slug":"ayvalik-kent-arsivi-ve-arastirma-merkezi-icin-calismalar-surduruluyor","status":"publish","type":"post","link":"https:\/\/bihavadis.com\/index.php\/2026\/02\/26\/ayvalik-kent-arsivi-ve-arastirma-merkezi-icin-calismalar-surduruluyor\/","title":{"rendered":"Ayval\u0131k Kent Ar\u015fivi ve Ara\u015ft\u0131rma Merkezi \u0130\u00e7in \u00c7al\u0131\u015fmalar S\u00fcrd\u00fcr\u00fcl\u00fcyor\u2026"},"content":{"rendered":"<p><span><span><span><span><span><span>Ayval\u0131k Belediyesi\u2019nin kent belle\u011fini korumaya y\u00f6nelik \u00f6nemli bir ad\u0131m\u0131 daha somutla\u015ft\u0131. Ayval\u0131k Belediye Ba\u015fkan\u0131 Mesut Ergin\u2019in \u00f6nc\u00fcl\u00fc\u011f\u00fcnde kurulmas\u0131 planlanan Ayval\u0131k Kent Ar\u015fivi ve Ara\u015ft\u0131rma Merkezi i\u00e7in y\u00fcr\u00fct\u00fclen \u00e7al\u0131\u015fmalar kapsam\u0131nda, \u0130zmir\u2019den deneyimli bir ekip il\u00e7eyi ziyaret etti.<\/span><\/span><\/span><\/span><\/span><\/span><\/p>\n<p><span><span><span><span><span><span>\u0130zmir B\u00fcy\u00fck\u015fehir Belediyesi b\u00fcnyesinde 2004 y\u0131l\u0131nda kurulan Ahmet Pri\u015ftina Kent Ar\u015fivi ve M\u00fczesi\u2019nin (AP\u0130KAM) M\u00fcd\u00fcr\u00fc Dr. Serhan Kemal Sayg\u0131 ve Ar\u015fiv Birim Sorumlusu Ece Aytekin, Ayval\u0131k Belediyesi\u2019ni ziyaret ederek projeye ili\u015fkin de\u011ferlendirmelerde bulundu. Ziyarette, teknik ihtiya\u00e7lar, \u00e7al\u0131\u015fma y\u00f6ntemleri ve ar\u015fivleme se\u00e7enekleri gibi ba\u015fl\u0131klarda kapsaml\u0131 g\u00f6r\u00fc\u015f al\u0131\u015fveri\u015fi yap\u0131ld\u0131.<\/span><\/span><\/span><\/span><\/span><\/span><\/p>\n<p><span><span><span><span><span><span>Heyet, Ayval\u0131k\u2019ta ar\u015fiv ve ara\u015ft\u0131rma merkezi olarak de\u011ferlendirilebilecek olas\u0131 yap\u0131lar\u0131 da yerinde inceleyerek, bu yap\u0131lar\u0131n kullan\u0131m uygunlu\u011fu konusunda g\u00f6r\u00fc\u015flerini payla\u015ft\u0131. Ger\u00e7ekle\u015ftirilen toplant\u0131da ise T\u00fcrkiye\u2019nin ilk kent ar\u015fivi olan AP\u0130KAM\u2019\u0131n kurulu\u015f s\u00fcreci ve i\u015fleyi\u015f modeli hakk\u0131nda bilgilendirme sunumu yap\u0131ld\u0131.<\/span><\/span><\/span><\/span><\/span><\/span><\/p>\n<p><span><span><span><span><span><span>Toplant\u0131da, ar\u015fiv merkezlerinin kentlerin haf\u0131zas\u0131n\u0131 koruyan \u00f6nemli mekanlar oldu\u011funa dikkat \u00e7ekilirken, Ayval\u0131k gibi k\u00f6kl\u00fc bir ge\u00e7mi\u015fe sahip il\u00e7ede b\u00f6yle bir merkezin gereklili\u011fi ve kaynak potansiyeli ele al\u0131nd\u0131.<\/span><\/span><\/span><\/span><\/span><\/span><\/p>\n<p><span><span><span><span><span><span>Ayval\u0131k Belediye Ba\u015fkan\u0131 Mesut Ergin, AP\u0130KAM\u2019\u0131n 22 y\u0131ll\u0131k birikimi ve tecr\u00fcbesinin proje a\u00e7\u0131s\u0131ndan b\u00fcy\u00fck \u00f6nem ta\u015f\u0131d\u0131\u011f\u0131n\u0131 belirterek, \u201cKentimizin tarihini, k\u00fclt\u00fcr\u00fcn\u00fc ve belle\u011fini koruyacak Ayval\u0131k Kent Ar\u015fivi ve Ara\u015ft\u0131rma Merkezi i\u00e7in \u00e7al\u0131\u015fmalar\u0131m\u0131z\u0131 s\u00fcrd\u00fcr\u00fcyoruz. Bu s\u00fcre\u00e7te bizlere g\u00f6r\u00fc\u015f ve destek sunan AP\u0130KAM ekibine te\u015fekk\u00fcr ediyoruz\u201d dedi.<\/span><\/span><\/span><\/span><\/span><\/span><\/p>\n<p>\u00a0<\/p>\n<p>\u00a0<\/p>\n<p>Kaynak: (BYZHA) Beyaz Haber Ajans\u0131<\/p>\n","protected":false},"excerpt":{"rendered":"<p>Ayval\u0131k Belediyesi\u2019nin kent belle\u011fini korumaya y\u00f6nelik \u00f6nemli bir ad\u0131m\u0131 daha somutla\u015ft\u0131. Ayval\u0131k Belediye Ba\u015fkan\u0131 Mesut Ergin\u2019in \u00f6nc\u00fcl\u00fc\u011f\u00fcnde kurulmas\u0131 planlanan Ayval\u0131k Kent Ar\u015fivi ve Ara\u015ft\u0131rma Merkezi i\u00e7in y\u00fcr\u00fct\u00fclen \u00e7al\u0131\u015fmalar kapsam\u0131nda, \u0130zmir\u2019den deneyimli bir ekip il\u00e7eyi ziyaret etti.<\/p>\n","protected":false},"author":1,"featured_media":48216,"comment_status":"open","ping_status":"open","sticky":false,"template":"","format":"standard","meta":{"footnotes":""},"categories":[4],"tags":[1284,1995,372,1380],"class_list":["post-48215","post","type-post","status-publish","format-standard","has-post-thumbnail","hentry","category-gundem","tag-arsiv","tag-ayvalik","tag-belediye","tag-kent"],"_links":{"self":[{"href":"https:\/\/bihavadis.com\/index.php\/wp-json\/wp\/v2\/posts\/48215","targetHints":{"allow":["GET"]}}],"collection":[{"href":"https:\/\/bihavadis.com\/index.php\/wp-json\/wp\/v2\/posts"}],"about":[{"href":"https:\/\/bihavadis.com\/index.php\/wp-json\/wp\/v2\/types\/post"}],"author":[{"embeddable":true,"href":"https:\/\/bihavadis.com\/index.php\/wp-json\/wp\/v2\/users\/1"}],"replies":[{"embeddable":true,"href":"https:\/\/bihavadis.com\/index.php\/wp-json\/wp\/v2\/comments?post=48215"}],"version-history":[{"count":1,"href":"https:\/\/bihavadis.com\/index.php\/wp-json\/wp\/v2\/posts\/48215\/revisions"}],"predecessor-version":[{"id":48217,"href":"https:\/\/bihavadis.com\/index.php\/wp-json\/wp\/v2\/posts\/48215\/revisions\/48217"}],"wp:featuredmedia":[{"embeddable":true,"href":"https:\/\/bihavadis.com\/index.php\/wp-json\/wp\/v2\/media\/48216"}],"wp:attachment":[{"href":"https:\/\/bihavadis.com\/index.php\/wp-json\/wp\/v2\/media?parent=48215"}],"wp:term":[{"taxonomy":"category","embeddable":true,"href":"https:\/\/bihavadis.com\/index.php\/wp-json\/wp\/v2\/categories?post=48215"},{"taxonomy":"post_tag","embeddable":true,"href":"https:\/\/bihavadis.com\/index.php\/wp-json\/wp\/v2\/tags?post=48215"}],"curies":[{"name":"wp","href":"https:\/\/api.w.org\/{rel}","templated":true}]}}