{"id":48245,"date":"2026-02-26T02:30:05","date_gmt":"2026-02-26T02:30:05","guid":{"rendered":"https:\/\/bihavadis.com\/?p=48245"},"modified":"2026-02-26T02:30:05","modified_gmt":"2026-02-26T02:30:05","slug":"baskan-sezer-ramazan-bereketini-golcuklulerle-paylasiyor","status":"publish","type":"post","link":"https:\/\/bihavadis.com\/index.php\/2026\/02\/26\/baskan-sezer-ramazan-bereketini-golcuklulerle-paylasiyor\/","title":{"rendered":"Ba\u015fkan Sezer Ramazan Bereketini G\u00f6lc\u00fckl\u00fclerle Payla\u015f\u0131yor"},"content":{"rendered":"<p>G\u00f6lc\u00fck Belediye Ba\u015fkan\u0131 Ali Y\u0131ld\u0131r\u0131m Sezer\u2019in Ramazan ay\u0131n\u0131n bereketini, her ak\u015fam il\u00e7enin ayr\u0131 bir k\u00f6\u015fesinde vatanda\u015flarla hemhal olarak payla\u015fmaya devam ediyor.<\/p>\n<p>G\u00f6lc\u00fck Belediye Ba\u015fkan\u0131 Ali Y\u0131ld\u0131r\u0131m Sezer, Ramazan ay\u0131n\u0131n ruhuna uygun olarak toplumun her kesimiyle bir araya gelmeye devam ediyor. Ba\u015fkan Sezer, iftar program\u0131ndan gazi ziyaretine, teravih sonras\u0131 mahalle bulu\u015fmalar\u0131na kadar dolu dolu bir programla, m\u00fcbarek Ramazan ay\u0131n\u0131 ge\u00e7iyor.<\/p>\n<p><b>Gen\u00e7lerle \u0130ftar Sofras\u0131nda Bulu\u015fma<\/b><\/p>\n<p>G\u00f6lc\u00fck Belediye Ba\u015fkan\u0131 Ali Y\u0131ld\u0131r\u0131m Sezer, Ramazan mesaisine G\u00f6lc\u00fck Fen Lisesi \u00f6\u011fretmen ve \u00f6\u011frencileriyle ba\u015flad\u0131. Gelece\u011fin teminat\u0131 olan gen\u00e7lerle iftar sofras\u0131nda bir araya gelen Sezer, samimi bir atmosferde orucunu a\u00e7t\u0131. \u0130ftar\u0131n ard\u0131ndan \u00f6\u011frencilerle bir s\u00fcre sohbet eden Ba\u015fkan, gen\u00e7lerin enerjisinden g\u00fc\u00e7 ald\u0131klar\u0131n\u0131 ifade ederek onlar\u0131n talep ve \u00f6nerilerini dinledi.<\/p>\n<p><b>K\u0131br\u0131s Gazisi Selahattin Salih\u2019e Vefa Ziyareti<\/b><\/p>\n<p>Teravih namaz\u0131 sonras\u0131 program\u0131na ara vermeden devam eden Ba\u015fkan Sezer, AK Parti \u0130l\u00e7e Ba\u015fkan\u0131 Kemal Yavuz ile birlikte anlaml\u0131 bir ziyarete imza att\u0131. K\u0131br\u0131s Gazisi Selahattin Salih\u2019i evinde ziyaret eden heyet, kahraman gazimizle hasbihal ederek hay\u0131r duas\u0131n\u0131 ald\u0131. Sezer, vatan savunmas\u0131nda g\u00f6rev alan gazilerin her zaman ba\u015f tac\u0131 oldu\u011funu vurgulad\u0131.<\/p>\n<p><b>Piyalepa\u015fa\u2019da \u00c7ay Molas\u0131<\/b><\/p>\n<p>Gecenin son dura\u011f\u0131 ise Piyalepa\u015fa Mahallesi oldu. Mahalledeki bir k\u0131raathanede vatanda\u015flarla bulu\u015fan Ba\u015fkan Sezer, s\u0131cak \u00e7ay e\u015fli\u011finde hem\u015fehrileriyle kucakla\u015ft\u0131. Samimi bir ortamda ger\u00e7ekle\u015fen sohbette Sezer; \u0130l\u00e7ede devam eden projeler, planlanan yat\u0131r\u0131mlar, mahalle bazl\u0131 \u00e7\u00f6z\u00fcm \u00f6nerileri konular\u0131nda vatanda\u015flara bilgiler verdi. Vatanda\u015flar\u0131n sorular\u0131n\u0131 i\u00e7tenlikle yan\u0131tlayan Sezer, &#8220;G\u00f6lc\u00fck\u2019\u00fc ortak ak\u0131lla y\u00f6netmeye devam ediyoruz&#8221; mesaj\u0131n\u0131 verdi.<\/p>\n<p>\u00a0<\/p>\n<p>\u00a0<\/p>\n<p>Kaynak: (BYZHA) Beyaz Haber Ajans\u0131<\/p>\n","protected":false},"excerpt":{"rendered":"<p>G\u00f6lc\u00fck Belediye Ba\u015fkan\u0131 Ali Y\u0131ld\u0131r\u0131m Sezer\u2019in Ramazan ay\u0131n\u0131n bereketini, her ak\u015fam il\u00e7enin ayr\u0131 bir k\u00f6\u015fesinde vatanda\u015flarla hemhal olarak payla\u015fmaya devam ediyor.<\/p>\n","protected":false},"author":1,"featured_media":48246,"comment_status":"open","ping_status":"open","sticky":false,"template":"","format":"standard","meta":{"footnotes":""},"categories":[4],"tags":[516,4216,4334,5676],"class_list":["post-48245","post","type-post","status-publish","format-standard","has-post-thumbnail","hentry","category-gundem","tag-baskan","tag-gazi","tag-sezer","tag-vatan"],"_links":{"self":[{"href":"https:\/\/bihavadis.com\/index.php\/wp-json\/wp\/v2\/posts\/48245","targetHints":{"allow":["GET"]}}],"collection":[{"href":"https:\/\/bihavadis.com\/index.php\/wp-json\/wp\/v2\/posts"}],"about":[{"href":"https:\/\/bihavadis.com\/index.php\/wp-json\/wp\/v2\/types\/post"}],"author":[{"embeddable":true,"href":"https:\/\/bihavadis.com\/index.php\/wp-json\/wp\/v2\/users\/1"}],"replies":[{"embeddable":true,"href":"https:\/\/bihavadis.com\/index.php\/wp-json\/wp\/v2\/comments?post=48245"}],"version-history":[{"count":1,"href":"https:\/\/bihavadis.com\/index.php\/wp-json\/wp\/v2\/posts\/48245\/revisions"}],"predecessor-version":[{"id":48247,"href":"https:\/\/bihavadis.com\/index.php\/wp-json\/wp\/v2\/posts\/48245\/revisions\/48247"}],"wp:featuredmedia":[{"embeddable":true,"href":"https:\/\/bihavadis.com\/index.php\/wp-json\/wp\/v2\/media\/48246"}],"wp:attachment":[{"href":"https:\/\/bihavadis.com\/index.php\/wp-json\/wp\/v2\/media?parent=48245"}],"wp:term":[{"taxonomy":"category","embeddable":true,"href":"https:\/\/bihavadis.com\/index.php\/wp-json\/wp\/v2\/categories?post=48245"},{"taxonomy":"post_tag","embeddable":true,"href":"https:\/\/bihavadis.com\/index.php\/wp-json\/wp\/v2\/tags?post=48245"}],"curies":[{"name":"wp","href":"https:\/\/api.w.org\/{rel}","templated":true}]}}