{"id":48251,"date":"2026-02-26T02:36:07","date_gmt":"2026-02-26T02:36:07","guid":{"rendered":"https:\/\/bihavadis.com\/?p=48251"},"modified":"2026-02-26T02:36:07","modified_gmt":"2026-02-26T02:36:07","slug":"baskan-altay-konya-bir-bisiklet-sehri","status":"publish","type":"post","link":"https:\/\/bihavadis.com\/index.php\/2026\/02\/26\/baskan-altay-konya-bir-bisiklet-sehri\/","title":{"rendered":"Ba\u015fkan Altay: &#8220;Konya bir bisiklet \u015fehri&#8221;"},"content":{"rendered":"<p> Konya B\u00fcy\u00fck\u015fehir Belediye Ba\u015fkan\u0131 U\u011fur \u0130brahim Altay, Konya&#8217;n\u0131n ev sahipli\u011fi yapt\u0131\u011f\u0131 UEC 2026 Avrupa Pist Bisikleti \u015eampiyonas\u0131&#8217;n\u0131 takip eden bas\u0131n mensuplar\u0131yla Velespit M\u00fczesi&#8217;ni gezdi.<\/p>\n<p>2026 y\u0131l\u0131 Avrupa Bisiklet Ba\u015fkenti Konya&#8217;da, Dar-\u00fcl M\u00fclk Projesi kapsam\u0131nda K\u0131l\u0131\u00e7arslan Meydan\u0131&#8217;ndaki Konya Meydan Evleri&#8217;nde olu\u015fturulan Velespit M\u00fczesi hizmet vermeye ba\u015flad\u0131. Konya B\u00fcy\u00fck\u015fehir Belediye Ba\u015fkan\u0131 U\u011fur \u0130brahim Altay, UEC 2026 Avrupa Pist Bisikleti \u015eampiyonas\u0131&#8217;n\u0131 takip eden bas\u0131n mensuplar\u0131yla Velespit M\u00fczesi&#8217;nde bir araya geldi. Burada bas\u0131n mensuplar\u0131na a\u00e7\u0131klamalarda bulunan Ba\u015fkan U\u011fur \u0130brahim Altay, Konya&#8217;n\u0131n bir bisiklet \u015fehri oldu\u011funu belirterek, &#8220;Ge\u00e7mi\u015ften itibaren \u00f6zellikle insanlar\u0131n ula\u015f\u0131m i\u00e7in bisiklet kulland\u0131\u011f\u0131 bir \u015fehirdeyiz. 1923&#8217;l\u00fc y\u0131llardan itibaren de \u015fehrimizde bisiklet yar\u0131\u015flar\u0131n\u0131n yap\u0131ld\u0131\u011f\u0131n\u0131 biliyoruz. 1949&#8217;da ilk veledromun yap\u0131lmas\u0131yla birlikte m\u00fcsabakalar da \u015fehrimizde yap\u0131lmaya ba\u015fland\u0131 ve bug\u00fcn gelinen noktada T\u00fcrkiye&#8217;nin ilk, d\u00fcnyan\u0131n 20 veledromundan birisi olan Konya Veledromu bir\u00e7ok etkinli\u011fimize ev sahibi oluyor. Konya Veledromu 2 bin 700 seyirci kapasitesi ile d\u00fcnyan\u0131n en h\u0131zl\u0131 pistlerinden birisi. G\u00f6rsel olarak da seyir keyfi y\u00fcksek yar\u0131\u015flara ev sahipli\u011fi yap\u0131yoruz. Ge\u00e7ti\u011fimiz y\u0131l uluslararas\u0131 kupay\u0131 d\u00fczenlemi\u015ftik. Bu y\u0131l Avrupa \u015fampiyonas\u0131n\u0131 birlikte icra ediyoruz. 26 \u00fclkeden 300&#8217;den fazla sporcu yar\u0131\u015fmalar\u0131n\u0131 ger\u00e7ekle\u015ftiriyor. Seyircilerin ilgisi de bizi \u00e7ok mutlu etti. Umar\u0131m ki artarak ilgi devam eder. T\u00fcm sporculara tekrar ba\u015far\u0131lar diliyoruz. \u015eehrimize ho\u015f geldiniz diyoruz. Nice etkinlikleri birlikte yapmay\u0131 arzu ediyoruz. Tabii T\u00fcrkiye Bisiklet Federasyonu&#8217;muzun olaya \u00e7ok b\u00fcy\u00fck katk\u0131s\u0131 var. Kendilerine te\u015fekk\u00fcr ediyorum. Ayr\u0131ca Avrupa Bisiklet Birli\u011fi&#8217;nin ba\u015fkan\u0131n\u0131 da d\u00fcn bu m\u00fczede a\u011f\u0131rlad\u0131k, birlikte ziyaret ettik. Konya&#8217;da bisikletle yapt\u0131\u011f\u0131m\u0131z \u015feylerden de bahsetmeyi imkan\u0131m\u0131z oldu&#8221; dedi.<\/p>\n<p>&#8220;Konya&#8217;da bisiklet kullan\u0131m\u0131n\u0131n art\u0131r\u0131lmas\u0131 i\u00e7in bug\u00fcne kadar 100 binden fazla bisikleti \u00e7ocuklar\u0131m\u0131zla bulu\u015fturduk&#8221;<\/p>\n<p>Konya&#8217;n\u0131n \u00e7ok h\u0131zl\u0131 bir \u015fekilde bir spor \u015fehrine d\u00f6n\u00fc\u015ft\u00fc\u011f\u00fcn\u00fc dile getiren Ba\u015fkan U\u011fur \u0130brahim Altay, &#8220;\u00c7ok uygun yap\u0131da spor tesislerimiz var ve her y\u0131l bir\u00e7ok uluslararas\u0131 m\u00fcsabakaya ev sahipli\u011fi yap\u0131yoruz. Art\u0131k \u015fehirde bu k\u00fclt\u00fcr de olu\u015ftu. Veledrom da bu manada bizim en \u00f6nemli yap\u0131lar\u0131m\u0131zdan birisi. Cumhurba\u015fkan\u0131m\u0131za, spor bakanlar\u0131m\u0131zla birlikte \u015fehrimize b\u00f6yle bir veledrom kazand\u0131r\u0131ld\u0131\u011f\u0131ndan dolay\u0131 te\u015fekk\u00fcr ediyoruz. Konya bir bisiklet \u015fehri. Hepimizin \u00e7ocuklu\u011funda bisikletle ilgili hat\u0131ralar var. Co\u011frafi olarak da Konya buna \u00e7ok uygun bir \u015fehir ama bug\u00fcn gelinen noktada 680 km bisiklet yoluyla Konya, T\u00fcrkiye&#8217;de a\u00e7\u0131k ara bisiklet yolunun en fazla oldu\u011fu \u015fehir. Bisiklet kullan\u0131m\u0131n\u0131 art\u0131rmak i\u00e7in \u00e7e\u015fitli etkinlikler ve organizasyonlar ger\u00e7ekle\u015ftiriyoruz. \u00d6zellikle bisiklet servisi yeni denemeye ba\u015flad\u0131\u011f\u0131m\u0131z pilot olarak \u00e7ocuklar\u0131n okula bisikletle gitmelerini sa\u011flad\u0131\u011f\u0131m\u0131z Emniyet M\u00fcd\u00fcrl\u00fc\u011f\u00fcm\u00fczle birlikte uygulamam\u0131z \u00e7ok b\u00fcy\u00fck bir etki olu\u015fturdu. Umar\u0131m okula giden \u00e7ocuklar\u0131n say\u0131s\u0131 h\u0131zla artar. Ayr\u0131ca g\u00fcnl\u00fck kullan\u0131m\u0131n\u0131zda bisikletle ilgili ihtiya\u00e7lar\u0131n\u0131z\u0131n giderebilece\u011fi her \u015fey \u015fehrimizde d\u00fc\u015f\u00fcn\u00fclm\u00fc\u015f durumda. Bisiklet parklar\u0131ndan ak\u0131ll\u0131 bisiklet ula\u015f\u0131m sistemine kadar bir\u00e7ok etkinlik olu\u015fturuyoruz. Ayr\u0131ca b\u00fct\u00fcn otoparklar\u0131m\u0131zda bisiklet park alanlar\u0131m\u0131z mevcut. Bisiklet yollar\u0131m\u0131zda bisiklet say\u0131mlar\u0131n\u0131 ger\u00e7ekle\u015ftiriyoruz ve Konya&#8217;da bisiklet kullan\u0131m\u0131n\u0131n artt\u0131r\u0131lmas\u0131 i\u00e7in bug\u00fcne kadar 100 binden fazla bisikleti \u00e7ocuklar\u0131m\u0131zla bulu\u015fturduk. Yani Konya&#8217;n\u0131n bir bisiklet \u015fehri olmas\u0131 konusunda bir \u00e7aba sarf ediyoruz. Bu konuda Konyal\u0131lar en b\u00fcy\u00fck destek\u00e7imiz. Bisikletle ilgili etkinlik de yapmaya bundan sonra da devam edece\u011fiz. Tekrar Konya Veledromu&#8217;ndaki yar\u0131\u015flar\u0131n \u00fclkemize hay\u0131rl\u0131 olmas\u0131n\u0131 temenni ediyorum. Konya B\u00fcy\u00fck\u015fehir Belediyemizin iki sporcusu da yar\u0131\u015flarda milli tak\u0131m ad\u0131na yar\u0131\u015ft\u0131. Bundan da b\u00fcy\u00fck bir mutluluk duyuyoruz. \u0130n\u015fallah federasyonumuzla birlikte bu sporu yapan sporcu say\u0131s\u0131n\u0131n artt\u0131r\u0131lmas\u0131 ile ilgili \u00e7al\u0131\u015fmalar\u0131 da y\u00fcr\u00fct\u00fcyoruz&#8221; ifadelerini kulland\u0131.<\/p>\n<p>&#8220;Velespit M\u00fczesi, Konya&#8217;ya gelenler i\u00e7in bir ziyaret mekan\u0131na d\u00f6n\u00fc\u015ft\u00fc&#8221;<\/p>\n<p>\u0130lk defa seyretti\u011fi yar\u0131\u015flar oldu\u011funu s\u00f6yleyen Ba\u015fkan Altay, &#8220;Hakikaten \u00e7ok etkili, \u00e7ok heyecanl\u0131, ayakta seyrettik. Umar\u0131m ki izleyici kitlesi de olu\u015fmaya devam edecektir. \u015eehrimizde bundan sonra da ulusal ve uluslararas\u0131 manada spor m\u00fcsabakalar\u0131 yapmaya devam edece\u011fiz. Bisikletin toplu ula\u015f\u0131mda kullan\u0131lmas\u0131yla ilgili \u00f6zellikle bisiklet tramvay\u0131m\u0131z da T\u00fcrkiye&#8217;ye \u00f6rnek bir i\u015f oldu. Bisikletinizle tramvayla istedi\u011finiz yere gidebiliyorsunuz. Velespit M\u00fczesi, Konya&#8217;ya gelenler i\u00e7in bir ziyaret mekan\u0131na d\u00f6n\u00fc\u015ft\u00fc. Buras\u0131 Konya&#8217;n\u0131n kalbinde K\u0131l\u0131\u00e7arslan Meydan\u0131&#8217;nda, Meydan Evleri&#8217;nin bir par\u00e7as\u0131. Burada yapm\u0131\u015f oldu\u011fumuz d\u00fczenlemelerle kafelerden otellere kadar bir dizi d\u00fczenleme ger\u00e7ekle\u015ftirdik ve Velespit M\u00fczesi&#8217;yle de bunu ta\u00e7land\u0131rd\u0131k. Konya&#8217;ya gelenlerin ziyaret edece\u011fi yeni bir m\u00fcze daha olu\u015fmu\u015f oldu. Konya 3 milyondan fazla turist alan bir \u015fehir ve her ge\u00e7en g\u00fcn yeni a\u00e7t\u0131\u011f\u0131m\u0131z m\u00fczeler, etkinlik alanlar\u0131m\u0131zla birlikte insanlar\u0131n hem konaklama s\u00fcreleri art\u0131yor hem de \u015fehirde kendilerine ilgi alanlar\u0131na g\u00f6re alanlar bulma imkan\u0131na kavu\u015fuyorlar&#8221; diye konu\u015ftu. &#8211; KONYA<\/p>\n","protected":false},"excerpt":{"rendered":"<p>Konya B\u00fcy\u00fck\u015fehir Belediye Ba\u015fkan\u0131 U\u011fur \u0130brahim Altay, Konya&#8217;n\u0131n ev sahipli\u011fi yapt\u0131\u011f\u0131 UEC 2026 Avrupa Pist Bisikleti \u015eampiyonas\u0131&#8217;n\u0131 takip eden bas\u0131n mensuplar\u0131yla Velespit M\u00fczesi&#8217;ni gezdi.<\/p>\n","protected":false},"author":1,"featured_media":48252,"comment_status":"open","ping_status":"open","sticky":false,"template":"","format":"standard","meta":{"footnotes":""},"categories":[14],"tags":[441,244,426,968,440],"class_list":["post-48251","post","type-post","status-publish","format-standard","has-post-thumbnail","hentry","category-spor","tag-bisiklet","tag-etki","tag-konya","tag-sehri","tag-spor"],"_links":{"self":[{"href":"https:\/\/bihavadis.com\/index.php\/wp-json\/wp\/v2\/posts\/48251","targetHints":{"allow":["GET"]}}],"collection":[{"href":"https:\/\/bihavadis.com\/index.php\/wp-json\/wp\/v2\/posts"}],"about":[{"href":"https:\/\/bihavadis.com\/index.php\/wp-json\/wp\/v2\/types\/post"}],"author":[{"embeddable":true,"href":"https:\/\/bihavadis.com\/index.php\/wp-json\/wp\/v2\/users\/1"}],"replies":[{"embeddable":true,"href":"https:\/\/bihavadis.com\/index.php\/wp-json\/wp\/v2\/comments?post=48251"}],"version-history":[{"count":1,"href":"https:\/\/bihavadis.com\/index.php\/wp-json\/wp\/v2\/posts\/48251\/revisions"}],"predecessor-version":[{"id":48253,"href":"https:\/\/bihavadis.com\/index.php\/wp-json\/wp\/v2\/posts\/48251\/revisions\/48253"}],"wp:featuredmedia":[{"embeddable":true,"href":"https:\/\/bihavadis.com\/index.php\/wp-json\/wp\/v2\/media\/48252"}],"wp:attachment":[{"href":"https:\/\/bihavadis.com\/index.php\/wp-json\/wp\/v2\/media?parent=48251"}],"wp:term":[{"taxonomy":"category","embeddable":true,"href":"https:\/\/bihavadis.com\/index.php\/wp-json\/wp\/v2\/categories?post=48251"},{"taxonomy":"post_tag","embeddable":true,"href":"https:\/\/bihavadis.com\/index.php\/wp-json\/wp\/v2\/tags?post=48251"}],"curies":[{"name":"wp","href":"https:\/\/api.w.org\/{rel}","templated":true}]}}