{"id":48305,"date":"2026-02-26T03:21:36","date_gmt":"2026-02-26T03:21:36","guid":{"rendered":"https:\/\/bihavadis.com\/?p=48305"},"modified":"2026-02-26T03:21:36","modified_gmt":"2026-02-26T03:21:36","slug":"ulkeyi-alarma-geciren-iddia-beyin-ornekleri-abdye-gonderildi","status":"publish","type":"post","link":"https:\/\/bihavadis.com\/index.php\/2026\/02\/26\/ulkeyi-alarma-geciren-iddia-beyin-ornekleri-abdye-gonderildi\/","title":{"rendered":"\u00dclkeyi alarma ge\u00e7iren iddia! Beyin \u00f6rnekleri ABD&#8217;ye g\u00f6nderildi"},"content":{"rendered":"<p>Kuzey Makedonya, kamuoyuyla payla\u015f\u0131lan yeni Jeffrey Epstein dosyalar\u0131ndaki e-postalar ve belgeler nedeniyle ba\u015flat\u0131lan bir insan ticareti soru\u015fturmas\u0131 ile g\u00fcndeme geldi. D\u0131\u015f bas\u0131nda yer alan haberlere g\u00f6re, yay\u0131mlanan Epstein e-posta i\u00e7eri\u011finde \u00fclkenin beyin ara\u015ft\u0131rmalar\u0131na dair materyallerle ba\u011flant\u0131l\u0131 olarak ad\u0131 ge\u00e7ti ve bunun \u00fczerine Makedon makamlar\u0131 konuyu titizlikle inceliyor. Ayr\u0131ca soru\u015fturman\u0131n, insan ticareti ile ba\u011f\u0131n\u0131n olup olmad\u0131\u011f\u0131 \u00fczerine odakland\u0131\u011f\u0131 bildirildi.<\/p>\n<p><b>BEY\u0130N \u00d6RNEKLER\u0130 ABD&#8217;YE G\u00d6NDER\u0130LD\u0130<\/b><\/p>\n<p>Epstein dosyalar\u0131ndaki bir e-postada, s\u00f6z konusu ar\u015fivin insan beyni ara\u015ft\u0131rmalar\u0131yla ilgili oldu\u011fu, bu ara\u015ft\u0131rma kapsam\u0131nda Kuzey Makedonya&#8217;dan beyin \u00f6rneklerinin ABD&#8217;ye g\u00f6nderildi\u011fi bilgisi yer ald\u0131. Bu belgede \u00f6rneklerin, Columbia \u00dcniversitesi ve Pittsburgh \u00dcniversitesi gibi kurumlardaki \u00e7al\u0131\u015fmalara dahil edildi\u011fi ve Epstein&#8217;a bu konuda bilgi verildi\u011fi belirtildi. Belgenin i\u00e7eri\u011fine g\u00f6re Kuzey Makedonya&#8217;dan g\u00f6nderilen beyin \u00f6rneklerinin ta\u015f\u0131nmas\u0131 s\u00fcreci ayr\u0131nt\u0131l\u0131 olarak anlat\u0131ld\u0131.<\/p>\n<p><b>SORU\u015eTURMA BA\u015eLATILDI<\/b><\/p>\n<p>Bu i\u00e7erik, Makedon yetkilileri harekete ge\u00e7irdi ve \u00fclkede yeni bir insan ticareti soru\u015fturmas\u0131n\u0131n ba\u015flat\u0131ld\u0131\u011f\u0131 iddia edildi. Soru\u015fturman\u0131n, Epstein ile ba\u011flant\u0131l\u0131 belgelerde \u00fclke ad\u0131n\u0131n an\u0131lmas\u0131 sonras\u0131 resmi mercilerce teyit edildi\u011fi belirtiliyor. Hen\u00fcz bu dosyan\u0131n insan ticaretiyle do\u011frudan bir ba\u011flant\u0131 i\u00e7erip i\u00e7ermedi\u011fi resmi olarak a\u00e7\u0131klanmad\u0131, ancak Makedonya&#8217;daki yasal makamlar ve g\u00fcvenlik birimleri olayla ilgili kapsaml\u0131 bir inceleme y\u00fcr\u00fct\u00fcyor.<\/p>\n<p><b>\u0130NSAN T\u0130CARET\u0130 TARTI\u015eMALARI S\u00dcR\u00dcYOR<\/b><\/p>\n<p>Uzmanlara g\u00f6re insan ticareti ile m\u00fccadele Kuzey Makedonya&#8217;da uzun s\u00fcredir g\u00fcndemde olan bir konu. \u00dclke hem kaynak hem transit \u00fclke olarak tan\u0131mlan\u0131yor ve kad\u0131n ile \u00e7ocuklar\u0131n zorla \u00e7al\u0131\u015ft\u0131r\u0131lma ve cinsel s\u00f6m\u00fcr\u00fcye maruz kald\u0131\u011f\u0131 vakalar daha \u00f6nce raporlanm\u0131\u015ft\u0131; bununla birlikte devlet kurumlar\u0131n\u0131n bu alanda soru\u015fturma ve kovu\u015fturma kapasitelerini g\u00fc\u00e7lendirmek i\u00e7in ad\u0131mlar att\u0131\u011f\u0131 kaydediliyor.<\/p>\n<p>Epstein dosyalar\u0131n\u0131n kamuya a\u00e7\u0131klanmas\u0131yla birlikte ortaya \u00e7\u0131kan bu yeni iddia, sadece Avrupa&#8217;da de\u011fil uluslararas\u0131 arenada da insan ticareti ve istismar a\u011flar\u0131yla ilgili tart\u0131\u015fmalar\u0131 yeniden g\u00fcndeme ta\u015f\u0131d\u0131. Uluslararas\u0131 hukuk \u00e7evreleri, belgelerin daha derinlemesine incelenmesinin gerekli oldu\u011funu, olas\u0131 su\u00e7 zincirlerinin ve payda\u015flar\u0131n netle\u015ftirilmesi gerekti\u011fini vurguluyor.<\/p>\n","protected":false},"excerpt":{"rendered":"<p>Jeffrey Epstein dosyalar\u0131nda Kuzey Makedonya&#8217;n\u0131n, ABD&#8217;ye g\u00f6nderildi\u011fi \u00f6ne s\u00fcr\u00fclen insan beyni \u00f6rnekleriyle an\u0131lmas\u0131n\u0131n ard\u0131ndan \u00fclke makamlar\u0131 insan ticareti ba\u011flant\u0131s\u0131 olup olmad\u0131\u011f\u0131n\u0131 ara\u015ft\u0131rmak \u00fczere soru\u015fturma ba\u015flat\u0131rken, d\u0131\u015f bas\u0131n bu geli\u015fmenin olas\u0131 uluslararas\u0131 bir skandal\u0131 g\u00fcndeme ta\u015f\u0131d\u0131\u011f\u0131n\u0131 yazd\u0131.<\/p>\n","protected":false},"author":1,"featured_media":48306,"comment_status":"open","ping_status":"open","sticky":false,"template":"","format":"standard","meta":{"footnotes":""},"categories":[6],"tags":[2183,6344,6343,1705,700],"class_list":["post-48305","post","type-post","status-publish","format-standard","has-post-thumbnail","hentry","category-dunya","tag-epstein","tag-insan-ticareti","tag-makedon","tag-sorusturma","tag-ulke"],"_links":{"self":[{"href":"https:\/\/bihavadis.com\/index.php\/wp-json\/wp\/v2\/posts\/48305","targetHints":{"allow":["GET"]}}],"collection":[{"href":"https:\/\/bihavadis.com\/index.php\/wp-json\/wp\/v2\/posts"}],"about":[{"href":"https:\/\/bihavadis.com\/index.php\/wp-json\/wp\/v2\/types\/post"}],"author":[{"embeddable":true,"href":"https:\/\/bihavadis.com\/index.php\/wp-json\/wp\/v2\/users\/1"}],"replies":[{"embeddable":true,"href":"https:\/\/bihavadis.com\/index.php\/wp-json\/wp\/v2\/comments?post=48305"}],"version-history":[{"count":1,"href":"https:\/\/bihavadis.com\/index.php\/wp-json\/wp\/v2\/posts\/48305\/revisions"}],"predecessor-version":[{"id":48307,"href":"https:\/\/bihavadis.com\/index.php\/wp-json\/wp\/v2\/posts\/48305\/revisions\/48307"}],"wp:featuredmedia":[{"embeddable":true,"href":"https:\/\/bihavadis.com\/index.php\/wp-json\/wp\/v2\/media\/48306"}],"wp:attachment":[{"href":"https:\/\/bihavadis.com\/index.php\/wp-json\/wp\/v2\/media?parent=48305"}],"wp:term":[{"taxonomy":"category","embeddable":true,"href":"https:\/\/bihavadis.com\/index.php\/wp-json\/wp\/v2\/categories?post=48305"},{"taxonomy":"post_tag","embeddable":true,"href":"https:\/\/bihavadis.com\/index.php\/wp-json\/wp\/v2\/tags?post=48305"}],"curies":[{"name":"wp","href":"https:\/\/api.w.org\/{rel}","templated":true}]}}