{"id":48342,"date":"2026-02-26T03:48:05","date_gmt":"2026-02-26T03:48:05","guid":{"rendered":"https:\/\/bihavadis.com\/?p=48342"},"modified":"2026-02-26T03:48:05","modified_gmt":"2026-02-26T03:48:05","slug":"baskan-hatice-gencay-projelerimizle-mavisehire-deger-katiyoruz","status":"publish","type":"post","link":"https:\/\/bihavadis.com\/index.php\/2026\/02\/26\/baskan-hatice-gencay-projelerimizle-mavisehire-deger-katiyoruz\/","title":{"rendered":"Ba\u015fkan Hatice Gen\u00e7ay: Projelerimizle Mavi\u015fehir&#8217;e De\u011fer Kat\u0131yoruz"},"content":{"rendered":"<p><span><span><span><span>Didimlilerin daha modern ve ya\u015fanabilir bir kentte ya\u015famalar\u0131 amac\u0131yla yat\u0131r\u0131mlar\u0131n\u0131 s\u00fcrd\u00fcren Didim Belediyesi, Mavi\u015fehir Mahallesi\u2019nde hayata ge\u00e7irdi\u011fi proje kapsam\u0131nda Mavi\u015fehir Pazaryeri ve \u00c7evre D\u00fczenlemesini t\u00fcm h\u0131z\u0131yla s\u00fcrd\u00fcr\u00fcyor.<\/span><\/span><\/span><\/span><\/p>\n<p><span><span><span><span>Proje B\u00f6lgenin Sosyal ve Fiziki \u0130htiya\u00e7lar\u0131na G\u00f6re Planland\u0131<\/span><\/span><\/span><\/span><\/p>\n<p><span><span><span><span>B\u00f6lgenin sosyal ve fiziki ihtiya\u00e7lar\u0131 dikkate al\u0131narak planlanan proje ile Mavi\u015fehir Mahallesi\u2019ne yeni bir kimlik kazand\u0131r\u0131lmas\u0131 hedefleniyor. Proje kapsam\u0131nda Mavi\u015fehir Pazaryeri\u2019nde devam eden \u00e7at\u0131 onar\u0131m\u0131, boyama ve genel yenileme \u00e7al\u0131\u015fmalar\u0131n\u0131 yerinde inceleyen Didim Belediye Ba\u015fkan\u0131 Hatice Gen\u00e7ay, birim amirlerinden \u00e7al\u0131\u015fmalar hakk\u0131nda bilgi ald\u0131.<\/span><\/span><\/span><\/span><\/p>\n<p><span><span><span><span>\u00c7al\u0131\u015fmalar\u0131n tamamlanmas\u0131yla birlikte Mavi\u015fehir Mahallesi; bisiklet yollar\u0131, y\u00fcr\u00fcy\u00fc\u015f alanlar\u0131, spor sahalar\u0131 ve dinlenme alanlar\u0131yla her ya\u015ftan halk\u0131n faydalanabilece\u011fi modern bir ya\u015fam alan\u0131na d\u00f6n\u00fc\u015fecek.<\/span><\/span><\/span><\/span><\/p>\n<p><span><span><span><span>Ba\u015fkan Gen\u00e7ay: \u201cMavi\u015fehir Hak Etti\u011fi De\u011fere Kavu\u015facak\u201d<\/span><\/span><\/span><\/span><\/p>\n<p><span><span><span><span>\u00c7al\u0131\u015fmalar hakk\u0131nda de\u011ferlendirmelerde bulunan Ba\u015fkan Hatice Gen\u00e7ay, \u015fu ifadeleri kulland\u0131:<\/span><\/span><\/span><\/span><\/p>\n<p><span><span><span><span>\u201cHalk\u0131m\u0131z\u0131 hizmetin en g\u00fczeliyle bulu\u015fturmak i\u00e7in \u00e7al\u0131\u015fmalar\u0131m\u0131za ara vermeden devam ediyoruz. Mavi\u015fehir Mahallemizde ba\u015flatt\u0131\u011f\u0131m\u0131z Pazaryeri ve \u00c7evresi Yenileme Projesi ile Mavi\u015fehir hak etti\u011fi de\u011fere kavu\u015facak. Pazaryerinde y\u00fcr\u00fct\u00fclen \u00e7at\u0131 onar\u0131m\u0131, boyama ve genel yenileme \u00e7al\u0131\u015fmalar\u0131n\u0131 yerinde inceledik. Projenin tamamlanmas\u0131yla birlikte b\u00f6lge; bisiklet yollar\u0131, y\u00fcr\u00fcy\u00fc\u015f ve spor alanlar\u0131 ile dinlenme alanlar\u0131n\u0131n yer ald\u0131\u011f\u0131 modern ve d\u00fczenli bir ya\u015fam alan\u0131na d\u00f6n\u00fc\u015fecek.\u201d<\/span><\/span><\/span><\/span><\/p>\n<p>\u00a0<\/p>\n<p>Kaynak: (BYZHA) Beyaz Haber Ajans\u0131<\/p>\n","protected":false},"excerpt":{"rendered":"<p>Didimlilerin daha modern ve ya\u015fanabilir bir kentte ya\u015famalar\u0131 amac\u0131yla yat\u0131r\u0131mlar\u0131n\u0131 s\u00fcrd\u00fcren Didim Belediyesi, Mavi\u015fehir Mahallesi\u2019nde hayata ge\u00e7irdi\u011fi proje kapsam\u0131nda Mavi\u015fehir Pazaryeri ve \u00c7evre D\u00fczenlemesini t\u00fcm h\u0131z\u0131yla s\u00fcrd\u00fcr\u00fcyor.<\/p>\n","protected":false},"author":1,"featured_media":48343,"comment_status":"open","ping_status":"open","sticky":false,"template":"","format":"standard","meta":{"footnotes":""},"categories":[4],"tags":[991,1264,237],"class_list":["post-48342","post","type-post","status-publish","format-standard","has-post-thumbnail","hentry","category-gundem","tag-calismalar","tag-mavisehir","tag-proje"],"_links":{"self":[{"href":"https:\/\/bihavadis.com\/index.php\/wp-json\/wp\/v2\/posts\/48342","targetHints":{"allow":["GET"]}}],"collection":[{"href":"https:\/\/bihavadis.com\/index.php\/wp-json\/wp\/v2\/posts"}],"about":[{"href":"https:\/\/bihavadis.com\/index.php\/wp-json\/wp\/v2\/types\/post"}],"author":[{"embeddable":true,"href":"https:\/\/bihavadis.com\/index.php\/wp-json\/wp\/v2\/users\/1"}],"replies":[{"embeddable":true,"href":"https:\/\/bihavadis.com\/index.php\/wp-json\/wp\/v2\/comments?post=48342"}],"version-history":[{"count":1,"href":"https:\/\/bihavadis.com\/index.php\/wp-json\/wp\/v2\/posts\/48342\/revisions"}],"predecessor-version":[{"id":48344,"href":"https:\/\/bihavadis.com\/index.php\/wp-json\/wp\/v2\/posts\/48342\/revisions\/48344"}],"wp:featuredmedia":[{"embeddable":true,"href":"https:\/\/bihavadis.com\/index.php\/wp-json\/wp\/v2\/media\/48343"}],"wp:attachment":[{"href":"https:\/\/bihavadis.com\/index.php\/wp-json\/wp\/v2\/media?parent=48342"}],"wp:term":[{"taxonomy":"category","embeddable":true,"href":"https:\/\/bihavadis.com\/index.php\/wp-json\/wp\/v2\/categories?post=48342"},{"taxonomy":"post_tag","embeddable":true,"href":"https:\/\/bihavadis.com\/index.php\/wp-json\/wp\/v2\/tags?post=48342"}],"curies":[{"name":"wp","href":"https:\/\/api.w.org\/{rel}","templated":true}]}}