{"id":48345,"date":"2026-02-26T03:51:05","date_gmt":"2026-02-26T03:51:05","guid":{"rendered":"https:\/\/bihavadis.com\/?p=48345"},"modified":"2026-02-26T03:51:05","modified_gmt":"2026-02-26T03:51:05","slug":"baris-yarkadas-abdullah-gul-chpnin-adayi-olabilir","status":"publish","type":"post","link":"https:\/\/bihavadis.com\/index.php\/2026\/02\/26\/baris-yarkadas-abdullah-gul-chpnin-adayi-olabilir\/","title":{"rendered":"Bar\u0131\u015f Yarkada\u015f: Abdullah G\u00fcl, CHP&#8217;nin aday\u0131 olabilir"},"content":{"rendered":"<p>CHP erken se\u00e7im \u00e7a\u011fr\u0131lar\u0131na devam etse de iktidar se\u00e7imlerin vaktinde yap\u0131laca\u011f\u0131 konusunda \u0131srarc\u0131.<\/p>\n<p>Fakat kamuoyunda 2027&#8217;nin son \u00e7eyre\u011finde bir se\u00e7im beklentisi var.<\/p>\n<p>Bu kapsamda CHP&#8217;nin aday adaylar\u0131 da g\u00fcndemden d\u00fc\u015fm\u00fcyor.<\/p>\n<p>tv100&#8217;de Erdo\u011fan Akta\u015f&#8217;\u0131n sundu\u011fu E\u015fit A\u011f\u0131rl\u0131k program\u0131na yorumcu olarak kat\u0131lan Bar\u0131\u015f Yarkada\u015f \u00e7arp\u0131c\u0131 bir iddiada bulundu.<\/p>\n<p>Bilgiye dayal\u0131 konu\u015ftu\u011funun alt\u0131n\u0131 \u00e7izen Yarkada\u015f, 11. Cumhurba\u015fkan\u0131 Abdullah G\u00fcl&#8217;\u00fcn 2018&#8217;de oldu\u011fu gibi yine CHP g\u00fcndeminde oldu\u011funu belirtti.<\/p>\n<p><strong>&#8220;ABDULLAH G\u00dcL \u0130SM\u0130 MASAYA GEL\u0130RSE \u015eA\u015eIRMAYIN&#8221;<\/strong><\/p>\n<p>Yarkada\u015f \u015f\u00f6yle konu\u015ftu:<\/p>\n<p><em><b>&#8220;Abdullah G\u00fcl CHP\u2019nin \u00f6n\u00fcm\u00fczdeki d\u00f6nemde cumhurba\u015fkan\u0131 adaylar\u0131 aras\u0131nda ciddi olarak masaya getirilirse \u015fa\u015f\u0131rmay\u0131n, bilgiye dayal\u0131 s\u00f6yl\u00fcyorum.<\/b><\/em><\/p>\n<p><em><b>Yeni bilgi. Abdullah G\u00fcl, 2018&#8217;de de konu\u015fuldu biz o zaman milletvekiliydik. Kapal\u0131 toplant\u0131da da konu\u015fuldu. Biz itiraz ettik. \u0130tiraz edenlerin ba\u015f\u0131na da bir s\u00fcr\u00fc \u015fey geldi. Siyaseten tasfiye edildi. Bunu daha \u00f6nceden de s\u00f6ylemi\u015ftim.\u00a0<\/b><\/em><\/p>\n<p><em><b>Ama 2028 se\u00e7imleri i\u00e7in, alt\u0131n\u0131 \u00e7izerek s\u00f6yl\u00fcyorum. Abdullah G\u00fcl ad\u0131 adaylar aras\u0131na gelirse \u015fa\u015f\u0131rmay\u0131n diyorum. Bu tarih de herkes not etsin.&#8221;<\/b><\/em><\/p>\n<p><img decoding=\"async\" src=\"https:\/\/bihavadis.com\/wp-content\/uploads\/2026\/02\/baris-yarkadas-abdullah-gul-chpnin-adayi-olabilir-0-1P7qq7IF.jpg\"\/><\/p>\n","protected":false},"excerpt":{"rendered":"<p>Bar\u0131\u015f Yarkada\u015f, 11. Cumhurba\u015fkan\u0131 Abdullah G\u00fcl&#8217;\u00fcn CHP&#8217;de yine adaylar aras\u0131nda d\u00fc\u015f\u00fcn\u00fclebilece\u011fini, b\u00f6yle bir durum ya\u015fan\u0131rsa kimsenin \u015fa\u015f\u0131rmamas\u0131n\u0131 s\u00f6yledi. Yarkada\u015f bu iddiay\u0131 bilgiye dayal\u0131 olarak TV ekranlar\u0131nda dile getirdi\u011fini de belirtti.<\/p>\n","protected":false},"author":1,"featured_media":48346,"comment_status":"open","ping_status":"open","sticky":false,"template":"","format":"standard","meta":{"footnotes":""},"categories":[9,13],"tags":[6346],"class_list":["post-48345","post","type-post","status-publish","format-standard","has-post-thumbnail","hentry","category-genel","category-son-dakika","tag-abdullah-gul"],"_links":{"self":[{"href":"https:\/\/bihavadis.com\/index.php\/wp-json\/wp\/v2\/posts\/48345","targetHints":{"allow":["GET"]}}],"collection":[{"href":"https:\/\/bihavadis.com\/index.php\/wp-json\/wp\/v2\/posts"}],"about":[{"href":"https:\/\/bihavadis.com\/index.php\/wp-json\/wp\/v2\/types\/post"}],"author":[{"embeddable":true,"href":"https:\/\/bihavadis.com\/index.php\/wp-json\/wp\/v2\/users\/1"}],"replies":[{"embeddable":true,"href":"https:\/\/bihavadis.com\/index.php\/wp-json\/wp\/v2\/comments?post=48345"}],"version-history":[{"count":1,"href":"https:\/\/bihavadis.com\/index.php\/wp-json\/wp\/v2\/posts\/48345\/revisions"}],"predecessor-version":[{"id":48348,"href":"https:\/\/bihavadis.com\/index.php\/wp-json\/wp\/v2\/posts\/48345\/revisions\/48348"}],"wp:featuredmedia":[{"embeddable":true,"href":"https:\/\/bihavadis.com\/index.php\/wp-json\/wp\/v2\/media\/48346"}],"wp:attachment":[{"href":"https:\/\/bihavadis.com\/index.php\/wp-json\/wp\/v2\/media?parent=48345"}],"wp:term":[{"taxonomy":"category","embeddable":true,"href":"https:\/\/bihavadis.com\/index.php\/wp-json\/wp\/v2\/categories?post=48345"},{"taxonomy":"post_tag","embeddable":true,"href":"https:\/\/bihavadis.com\/index.php\/wp-json\/wp\/v2\/tags?post=48345"}],"curies":[{"name":"wp","href":"https:\/\/api.w.org\/{rel}","templated":true}]}}