{"id":48401,"date":"2026-02-26T04:36:36","date_gmt":"2026-02-26T04:36:36","guid":{"rendered":"https:\/\/bihavadis.com\/?p=48401"},"modified":"2026-02-26T04:36:36","modified_gmt":"2026-02-26T04:36:36","slug":"cumhurbaskani-erdogan-misirda-2","status":"publish","type":"post","link":"https:\/\/bihavadis.com\/index.php\/2026\/02\/26\/cumhurbaskani-erdogan-misirda-2\/","title":{"rendered":"Cumhurba\u015fkan\u0131 Erdo\u011fan, M\u0131s\u0131r&#8217;da"},"content":{"rendered":"<p>Cumhurba\u015fkan\u0131 Recep Tayyip Erdo\u011fan, Suudi Arabistan temaslar\u0131n\u0131n ard\u0131ndan geldi\u011fi Kahire Uluslararas\u0131 Havaliman\u0131&#8217;nda M\u0131s\u0131r Cumhurba\u015fkan\u0131 Abdulfettah es-Sisi taraf\u0131ndan kar\u015f\u0131land\u0131.<\/p>\n<p>Cumhurba\u015fkan\u0131 Recep Tayyip Erdo\u011fan, Suudi Arabistan temaslar\u0131n\u0131 tamamlayarak M\u0131s\u0131r&#8217;a ge\u00e7ti. Riyad Kral Halid Uluslararas\u0131 Havaliman\u0131&#8217;ndan &#8220;TUR&#8221; u\u00e7a\u011f\u0131yla M\u0131s\u0131r&#8217;\u0131n ba\u015fkenti Kahire&#8217;ye gelen Cumhurba\u015fkan\u0131 Erdo\u011fan, Kahire Uluslararas\u0131 Havaliman\u0131&#8217;nda M\u0131s\u0131r Cumhurba\u015fkan\u0131 Abdulfettah es-Sisi ve e\u015fi Entissar Amer ile T\u00fcrkiye&#8217;nin Kahire B\u00fcy\u00fckel\u00e7isi Salih Mutlu \u015een taraf\u0131ndan kar\u015f\u0131land\u0131. Sisi ile havaliman\u0131nda bir araya gelen Erdo\u011fan, havaliman\u0131ndan Al-\u0130ttihadiye Saray\u0131&#8217;na ge\u00e7erek Sisi ile \u00f6nce ikili ard\u0131ndan da heyetleraras\u0131 g\u00f6r\u00fc\u015fme ger\u00e7ekle\u015ftirecek. Cumhurba\u015fkan\u0131 Erdo\u011fan, Kahire temaslar\u0131 kapsam\u0131nda iki \u00fclke aras\u0131nda anla\u015fmalar\u0131n imza t\u00f6renine de kat\u0131lacak. Cumhurba\u015fkan\u0131 Erdo\u011fan ve Sisi&#8217;nin g\u00f6r\u00fc\u015fmelerin ard\u0131ndan ortak bas\u0131n toplant\u0131s\u0131 d\u00fczenlemesi bekleniyor.<\/p>\n<p>Cumhurba\u015fkan\u0131 Erdo\u011fan&#8217;\u0131n, T\u00fcrkiye-M\u0131s\u0131r \u0130\u015f Forumu&#8217;na kat\u0131larak Kahire temaslar\u0131n\u0131 tamamlamas\u0131 bekleniyor.<\/p>\n<p>Cumhurba\u015fkan\u0131 Erdo\u011fan&#8217;a M\u0131s\u0131r ziyaretinde; e\u015fi Emine Erdo\u011fan, D\u0131\u015fi\u015fleri Bakan\u0131 Hakan Fidan, Hazine ve Maliye Bakan\u0131 Mehmet \u015eim\u015fek, Aile ve Sosyal Hizmetler Bakan\u0131 Mahinur \u00d6zdemir G\u00f6kta\u015f, Enerji ve Tabii Kaynaklar Bakan\u0131 Alparslan Bayraktar, Sanayi ve Teknoloji Bakan\u0131 Mehmet Fatih Kac\u0131r, Gen\u00e7lik ve Spor Bakan\u0131 Osman A\u015fk\u0131n Bak, Milli Savunma Bakan\u0131 Ya\u015far G\u00fcler ile Sa\u011fl\u0131k Bakan\u0131 Kemal Memi\u015fo\u011flu e\u015flik ediyor. &#8211; KAH\u0130RE<\/p>\n","protected":false},"excerpt":{"rendered":"<p>Cumhurba\u015fkan\u0131 Recep Tayyip Erdo\u011fan, Suudi Arabistan temaslar\u0131n\u0131n ard\u0131ndan geldi\u011fi Kahire Uluslararas\u0131 Havaliman\u0131&#8217;nda M\u0131s\u0131r Cumhurba\u015fkan\u0131 Abdulfettah es-Sisi taraf\u0131ndan kar\u015f\u0131land\u0131.<\/p>\n","protected":false},"author":1,"featured_media":48402,"comment_status":"open","ping_status":"open","sticky":false,"template":"","format":"standard","meta":{"footnotes":""},"categories":[12],"tags":[2169,6349,899,6350],"class_list":["post-48401","post","type-post","status-publish","format-standard","has-post-thumbnail","hentry","category-siyaset","tag-cumhurbaskani-erdogan","tag-kahire","tag-misir","tag-sisi"],"_links":{"self":[{"href":"https:\/\/bihavadis.com\/index.php\/wp-json\/wp\/v2\/posts\/48401","targetHints":{"allow":["GET"]}}],"collection":[{"href":"https:\/\/bihavadis.com\/index.php\/wp-json\/wp\/v2\/posts"}],"about":[{"href":"https:\/\/bihavadis.com\/index.php\/wp-json\/wp\/v2\/types\/post"}],"author":[{"embeddable":true,"href":"https:\/\/bihavadis.com\/index.php\/wp-json\/wp\/v2\/users\/1"}],"replies":[{"embeddable":true,"href":"https:\/\/bihavadis.com\/index.php\/wp-json\/wp\/v2\/comments?post=48401"}],"version-history":[{"count":1,"href":"https:\/\/bihavadis.com\/index.php\/wp-json\/wp\/v2\/posts\/48401\/revisions"}],"predecessor-version":[{"id":48403,"href":"https:\/\/bihavadis.com\/index.php\/wp-json\/wp\/v2\/posts\/48401\/revisions\/48403"}],"wp:featuredmedia":[{"embeddable":true,"href":"https:\/\/bihavadis.com\/index.php\/wp-json\/wp\/v2\/media\/48402"}],"wp:attachment":[{"href":"https:\/\/bihavadis.com\/index.php\/wp-json\/wp\/v2\/media?parent=48401"}],"wp:term":[{"taxonomy":"category","embeddable":true,"href":"https:\/\/bihavadis.com\/index.php\/wp-json\/wp\/v2\/categories?post=48401"},{"taxonomy":"post_tag","embeddable":true,"href":"https:\/\/bihavadis.com\/index.php\/wp-json\/wp\/v2\/tags?post=48401"}],"curies":[{"name":"wp","href":"https:\/\/api.w.org\/{rel}","templated":true}]}}