{"id":48407,"date":"2026-02-26T04:42:07","date_gmt":"2026-02-26T04:42:07","guid":{"rendered":"https:\/\/bihavadis.com\/?p=48407"},"modified":"2026-02-26T04:42:07","modified_gmt":"2026-02-26T04:42:07","slug":"mhpden-ocalan-ve-demirtasin-tahliyesiyle-ilgili-yeni-aciklama","status":"publish","type":"post","link":"https:\/\/bihavadis.com\/index.php\/2026\/02\/26\/mhpden-ocalan-ve-demirtasin-tahliyesiyle-ilgili-yeni-aciklama\/","title":{"rendered":"MHP&#8217;den \u00d6calan ve Demirta\u015f&#8217;\u0131n tahliyesiyle ilgili yeni a\u00e7\u0131klama"},"content":{"rendered":"<p>Milliyet\u00e7i Hareket Partisi (MHP) Genel Ba\u015fkan\u0131 Devlet Bah\u00e7eli&#8217;nin, partisinin T\u00fcrkiye B\u00fcy\u00fck Millet Meclisi&#8217;ndeki (TBMM) grup toplant\u0131s\u0131nda sarf etti\u011fi s\u00f6zler siyaset g\u00fcndemine damga vurdu.<\/p>\n<p>Bah\u00e7eli, konu\u015fmas\u0131n\u0131n sonunda Ter\u00f6rs\u00fcz T\u00fcrkiye s\u00fcrecine ili\u015fkin &#8220;Anadolu huzura, \u00d6calan umuda, Ahmet&#8217;ler makama, Demirta\u015f yuvas\u0131na d\u00f6n\u00fcnceye kadar karar\u0131m\u0131z nettir.&#8221; ifadelerini kulland\u0131. MHP liderinin bu s\u00f6zleri k\u0131sa s\u00fcrede g\u00fcndem oldu.<\/p>\n<div>\n<figure><img decoding=\"async\" src=\"https:\/\/bihavadis.com\/wp-content\/uploads\/2026\/02\/mhpden-ocalan-ve-demirtasin-tahliyesiyle-ilgili-yeni-aciklama-0-pVEACTlL.jpg\"\/><\/figure>\n<\/div>\n<p><b>&#8220;SON TOPLANTI MI BELL\u0130 OLMAZ AMA M\u00dcMK\u00dcN&#8221;<\/b><\/p>\n<p>Son olarak, MHP Genel Ba\u015fkan Yard\u0131mc\u0131s\u0131 Feti Y\u0131ld\u0131z, saat 14.00&#8217;te TBMM&#8217;de yap\u0131lacak komisyon toplant\u0131s\u0131 \u00f6ncesi a\u00e7\u0131klamalarda bulundu.<\/p>\n<p>Komisyon g\u00fcndemine ili\u015fkin konu\u015fan Y\u0131ld\u0131z, bir \u00e7er\u00e7eve metni haz\u0131rlanaca\u011f\u0131n\u0131, s\u00fcrecin \u00e7ok uzamayaca\u011f\u0131n\u0131 s\u00f6yledi ve &#8220;Son toplant\u0131 m\u0131 belli olmaz ama m\u00fcmk\u00fcn, sondan bir \u00f6nceki olabilir. Biz \u00e7er\u00e7eve metni haz\u0131rlayaca\u011f\u0131z. \u00c7ok uzamaz diye d\u00fc\u015f\u00fcn\u00fcyorum. Bug\u00fcnden kesin bir s\u00fcre veremeyiz ama \u00e7ok uzamaz. Nisan ge\u00e7 bir ay&#8221; dedi.<\/p>\n<p><b>&#8220;L\u0130DER\u0130M\u0130Z, T\u00dcM S\u00dcREC\u0130 \u00d6ZETLEYEN B\u0130R A\u00c7IKLAMA YAPTI&#8221;<\/b><\/p>\n<p>Bah\u00e7eli&#8217;nin d\u00fcn partisinin grup toplant\u0131s\u0131nda yapt\u0131\u011f\u0131 ve g\u00fcndeme oturan s\u00f6zleri de de\u011ferlendiren Y\u0131ld\u0131z, gazetecilerin Demirta\u015f ve \u00d6calan sorusunu \u015f\u00f6yle yan\u0131tlad\u0131:<\/p>\n<p>&#8220;Demirta\u015f&#8217;\u0131n tahliyesine mahkemeler karar verir. A\u0130HM kararlar\u0131na uymak laz\u0131m. E\u011fer A\u0130HM bir ihlal g\u00f6rd\u00fcyse, tahliyesi konusunda beyan varsa tahliyesi laz\u0131m. Liderimiz, t\u00fcm s\u00fcreci \u00f6zetleyen bir a\u00e7\u0131klama yapt\u0131. Bunun \u00fczerine bizim a\u00e7\u0131klama yapmam\u0131za gerek yok asl\u0131nda.&#8221;<\/p>\n<p>Y\u0131ld\u0131z, &#8220;\u00d6calan&#8217;a umut hakk\u0131&#8221; tart\u0131\u015fmalar\u0131na dair de, &#8220;Umut hakk\u0131 konusunda Cumhur \u0130ttifak\u0131&#8217;nda ayr\u0131\u015fma yok&#8221; dedi.<\/p>\n<p><b>SOSYAL MEDYADAN DA B\u0130R PAYLA\u015eIM YAPTI<\/b><\/p>\n<p>Toplant\u0131ya k\u0131sa s\u00fcre kala sosyal medya hesab\u0131ndan da bir payla\u015f\u0131m yapan Y\u0131ld\u0131z, \u015funlar\u0131 kaydetti:<\/p>\n<p>&#8220;Milli Dayan\u0131\u015fma, Karde\u015flik ve Demokrasi Komisyonu, Saat 14.00&#8217;de Meclis Ba\u015fkan\u0131m\u0131z\u0131n y\u00f6netiminde uzla\u015fma i\u00e7inde m\u00fc\u015fterek rapor haz\u0131rlamak i\u00e7in bir araya gelecektir. S\u00fcrece ili\u015fkin hukuki d\u00fczenlemelerin \u00e7er\u00e7evesi a\u00e7\u0131k, \u00f6ng\u00f6r\u00fclebilir ve hukuk devleti ilkeleriyle uyumlu, A\u0130HM ve AYM kararlar\u0131 ile \u00e7eli\u015fmeyen, hukukun \u00fcst\u00fcnl\u00fc\u011f\u00fc ilkesine ba\u011fl\u0131, hukuk normlar\u0131n\u0131n ta\u015f\u0131y\u0131c\u0131 de\u011ferler sistemini \u00f6rselemeyen bir \u00e7er\u00e7evede olu\u015fturulacakt\u0131r. &#8216;Ter\u00f6rs\u00fcz T\u00fcrkiye&#8217; ideali yaln\u0131zca i\u00e7 g\u00fcvenlik stratejisi olmaktan \u00e7\u0131k\u0131p b\u00f6lgesel g\u00fcvenlik mimarisinin merkezine yerle\u015fmi\u015ftir.&#8221;<\/p>\n","protected":false},"excerpt":{"rendered":"<p>MHP Genel Ba\u015fkan\u0131 Bah\u00e7eli&#8217;nin &#8220;Anadolu huzura, \u00d6calan umuda, Ahmet&#8217;ler makama, Demirta\u015f yuvas\u0131na d\u00f6n\u00fcnceye kadar karar\u0131m\u0131z nettir&#8221; ifadesi geni\u015f yank\u0131 buldu. MHP Genel Ba\u015fkan Yard\u0131mc\u0131s\u0131 Feti Y\u0131ld\u0131z, Bah\u00e7eli&#8217;nin s\u00f6zlerinin t\u00fcm s\u00fcreci \u00f6zetledi\u011fini belirterek,&#8221; Demirta\u015f&#8217;\u0131n tahliyesine mahkemeler karar verir. A\u0130HM kararlar\u0131na uymak laz\u0131m. E\u011fer A\u0130HM bir ihlal g\u00f6rd\u00fcyse, tahliyesi konusunda beyan varsa tahliyesi laz\u0131m&#8221; dedi. Y\u0131ld\u0131z, &#8220;umut hakk\u0131&#8221; sorusuna da yan\u0131t verdi.<\/p>\n","protected":false},"author":1,"featured_media":48408,"comment_status":"open","ping_status":"open","sticky":false,"template":"","format":"standard","meta":{"footnotes":""},"categories":[12],"tags":[544,1058,1161],"class_list":["post-48407","post","type-post","status-publish","format-standard","has-post-thumbnail","hentry","category-siyaset","tag-sure","tag-toplanti","tag-yildiz"],"_links":{"self":[{"href":"https:\/\/bihavadis.com\/index.php\/wp-json\/wp\/v2\/posts\/48407","targetHints":{"allow":["GET"]}}],"collection":[{"href":"https:\/\/bihavadis.com\/index.php\/wp-json\/wp\/v2\/posts"}],"about":[{"href":"https:\/\/bihavadis.com\/index.php\/wp-json\/wp\/v2\/types\/post"}],"author":[{"embeddable":true,"href":"https:\/\/bihavadis.com\/index.php\/wp-json\/wp\/v2\/users\/1"}],"replies":[{"embeddable":true,"href":"https:\/\/bihavadis.com\/index.php\/wp-json\/wp\/v2\/comments?post=48407"}],"version-history":[{"count":1,"href":"https:\/\/bihavadis.com\/index.php\/wp-json\/wp\/v2\/posts\/48407\/revisions"}],"predecessor-version":[{"id":48410,"href":"https:\/\/bihavadis.com\/index.php\/wp-json\/wp\/v2\/posts\/48407\/revisions\/48410"}],"wp:featuredmedia":[{"embeddable":true,"href":"https:\/\/bihavadis.com\/index.php\/wp-json\/wp\/v2\/media\/48408"}],"wp:attachment":[{"href":"https:\/\/bihavadis.com\/index.php\/wp-json\/wp\/v2\/media?parent=48407"}],"wp:term":[{"taxonomy":"category","embeddable":true,"href":"https:\/\/bihavadis.com\/index.php\/wp-json\/wp\/v2\/categories?post=48407"},{"taxonomy":"post_tag","embeddable":true,"href":"https:\/\/bihavadis.com\/index.php\/wp-json\/wp\/v2\/tags?post=48407"}],"curies":[{"name":"wp","href":"https:\/\/api.w.org\/{rel}","templated":true}]}}