{"id":48537,"date":"2026-02-26T06:06:06","date_gmt":"2026-02-26T06:06:06","guid":{"rendered":"https:\/\/bihavadis.com\/?p=48537"},"modified":"2026-02-26T06:06:06","modified_gmt":"2026-02-26T06:06:06","slug":"ilkay-gundogandan-juventus-sozleri-cok-guclu-bir-takim","status":"publish","type":"post","link":"https:\/\/bihavadis.com\/index.php\/2026\/02\/26\/ilkay-gundogandan-juventus-sozleri-cok-guclu-bir-takim\/","title":{"rendered":"\u0130lkay G\u00fcndo\u011fan&#8217;dan Juventus s\u00f6zleri: \u00c7ok g\u00fc\u00e7l\u00fc bir tak\u0131m"},"content":{"rendered":"<p>Galatasaray&#8217;\u0131n sezon ba\u015f\u0131nda Manchester City&#8217;den transfer etti\u011fi \u0130lkay G\u00fcndo\u011fan, Juventus kar\u015f\u0131la\u015fmas\u0131 \u00f6ncesi dikkat \u00e7eken a\u00e7\u0131klamalarda bulundu.<\/p>\n<p>UEFA&#8217;ya \u00f6zel bir r\u00f6portaj veren \u0130lkay, \u0130talyan ekibiyle oynayacaklar\u0131 ma\u00e7\u0131n \u00f6nemine de\u011findi.<\/p>\n<p><strong>&#8220;JUVENTUS G\u00dc\u00c7L\u00dc AMA B\u0130Z DE B\u00dcY\u00dcK \u0130\u015eLER BA\u015eARAB\u0130L\u0130R\u0130Z&#8221;<\/strong><\/p>\n<p>\u015eampiyonlar Ligi&#8217;nde art\u0131k her ma\u00e7\u0131n final gibi oldu\u011funa vurgu yapan G\u00fcndo\u011fan, Juventus&#8217;un \u00e7ok iyi bir tak\u0131m oldu\u011funu bildiklerini s\u00f6yledi.<\/p>\n<p><b><em>&#8216;Juventus \u00e7ok g\u00fc\u00e7l\u00fc bir tak\u0131m ama biz de birlikte b\u00fcy\u00fck i\u015fler ba\u015farabilece\u011fimize inan\u0131yoruz.&#8217;<\/em><\/b> diyen G\u00fcndo\u011fan, tur \u015fans\u0131n\u0131n sahada g\u00f6sterecekleri performansa ba\u011fl\u0131 oldu\u011funu belirtti.<\/p>\n<p><img decoding=\"async\" src=\"https:\/\/bihavadis.com\/wp-content\/uploads\/2026\/02\/ilkay-gundogandan-juventus-sozleri-cok-guclu-bir-takim-0-BXThudcx.jpg\"\/><\/p>\n<p><strong>&#8220;MANCHESTER CITY MA\u00c7INDAN \u00c7IKARACA\u011eIMIZ DERSLER VAR&#8221;<\/strong><\/p>\n<p>\u0130lkay G\u00fcndo\u011fan&#8217;\u0131n konuyla ilgili ifadeleri \u015fu \u015fekilde:<\/p>\n<p>Manchester\u2019a geri d\u00f6n\u00fcp City\u2019ye kar\u015f\u0131 oynamak benim i\u00e7in harika bir duyguydu. Onlar h\u00e2l\u00e2 d\u00fcnyan\u0131n en iyi tak\u0131mlar\u0131ndan biri ve her y\u0131l kupan\u0131n favorilerinden.<\/p>\n<p>Ama Juventus ma\u00e7\u0131 \u00f6ncesinde o kar\u015f\u0131la\u015fmadan \u00e7\u0131karabilece\u011fimiz dersler var. Tak\u0131m olarak h\u00e2l\u00e2 \u015eampiyonlar Ligi\u2019nde ilk ya da ikinci sezonunu ya\u015fayan bir\u00e7ok oyuncumuz var. Bu deneyimleri birlikte biriktirmeli ve ders \u00e7\u0131karmal\u0131y\u0131z.<\/p>\n<p><strong>&#8220;EN \u0130Y\u0130 YAPTI\u011eIMIZ \u015eEYLER\u0130 SAHAYA YANSITMALIYIZ&#8221;<\/strong><\/p>\n<p>\u015eimdi \u00f6nemli olan oynad\u0131\u011f\u0131m\u0131z ma\u00e7lar\u0131 unutmamak ve Juventus\u2019u yenebilmek i\u00e7in iyi yapt\u0131\u011f\u0131m\u0131z \u015feyleri sahaya yans\u0131tmak. Eleme a\u015famas\u0131nday\u0131z ve her ma\u00e7 bir final gibi. Juventus \u00e7ok g\u00fc\u00e7l\u00fc bir tak\u0131m ama biz de birlikte b\u00fcy\u00fck i\u015fler ba\u015farabilece\u011fimize inan\u0131yoruz. \u0130yi bir performans sergilersek, tur \u015fans\u0131m\u0131z otomatik olarak artacakt\u0131r ve bir \u00fcst tura \u00e7\u0131kabiliriz.<\/p>\n<p><img decoding=\"async\" src=\"https:\/\/bihavadis.com\/wp-content\/uploads\/2026\/02\/ilkay-gundogandan-juventus-sozleri-cok-guclu-bir-takim-1-aeBKEUJV.jpg\"\/><\/p>\n","protected":false},"excerpt":{"rendered":"<p>Galatasaray&#8217;\u0131n y\u0131ld\u0131z oyuncusu \u0130lkay G\u00fcndo\u011fan, Juventus ma\u00e7\u0131 \u00f6ncesi UEFA&#8217;ya \u00f6zel r\u00f6portaj verdi. Juventus e\u015fle\u015fmesi hakk\u0131nda konu\u015fan G\u00fcndo\u011fan, &#8220;Eleme a\u015famas\u0131nday\u0131z ve her ma\u00e7 bir final gibi. Juventus \u00e7ok g\u00fc\u00e7l\u00fc bir tak\u0131m ama biz de birlikte b\u00fcy\u00fck i\u015fler ba\u015farabilece\u011fimize inan\u0131yoruz.&#8221; dedi.<\/p>\n","protected":false},"author":1,"featured_media":48538,"comment_status":"open","ping_status":"open","sticky":false,"template":"","format":"standard","meta":{"footnotes":""},"categories":[14],"tags":[2147,364,366],"class_list":["post-48537","post","type-post","status-publish","format-standard","has-post-thumbnail","hentry","category-spor","tag-juventus","tag-mac","tag-takim"],"_links":{"self":[{"href":"https:\/\/bihavadis.com\/index.php\/wp-json\/wp\/v2\/posts\/48537","targetHints":{"allow":["GET"]}}],"collection":[{"href":"https:\/\/bihavadis.com\/index.php\/wp-json\/wp\/v2\/posts"}],"about":[{"href":"https:\/\/bihavadis.com\/index.php\/wp-json\/wp\/v2\/types\/post"}],"author":[{"embeddable":true,"href":"https:\/\/bihavadis.com\/index.php\/wp-json\/wp\/v2\/users\/1"}],"replies":[{"embeddable":true,"href":"https:\/\/bihavadis.com\/index.php\/wp-json\/wp\/v2\/comments?post=48537"}],"version-history":[{"count":1,"href":"https:\/\/bihavadis.com\/index.php\/wp-json\/wp\/v2\/posts\/48537\/revisions"}],"predecessor-version":[{"id":48541,"href":"https:\/\/bihavadis.com\/index.php\/wp-json\/wp\/v2\/posts\/48537\/revisions\/48541"}],"wp:featuredmedia":[{"embeddable":true,"href":"https:\/\/bihavadis.com\/index.php\/wp-json\/wp\/v2\/media\/48538"}],"wp:attachment":[{"href":"https:\/\/bihavadis.com\/index.php\/wp-json\/wp\/v2\/media?parent=48537"}],"wp:term":[{"taxonomy":"category","embeddable":true,"href":"https:\/\/bihavadis.com\/index.php\/wp-json\/wp\/v2\/categories?post=48537"},{"taxonomy":"post_tag","embeddable":true,"href":"https:\/\/bihavadis.com\/index.php\/wp-json\/wp\/v2\/tags?post=48537"}],"curies":[{"name":"wp","href":"https:\/\/api.w.org\/{rel}","templated":true}]}}