{"id":48557,"date":"2026-02-26T06:18:06","date_gmt":"2026-02-26T06:18:06","guid":{"rendered":"https:\/\/bihavadis.com\/?p=48557"},"modified":"2026-02-26T06:18:06","modified_gmt":"2026-02-26T06:18:06","slug":"gunler-sonra-ortaya-cikti-zirhli-arac-protestoculari-boyle-ezmis","status":"publish","type":"post","link":"https:\/\/bihavadis.com\/index.php\/2026\/02\/26\/gunler-sonra-ortaya-cikti-zirhli-arac-protestoculari-boyle-ezmis\/","title":{"rendered":"G\u00fcnler sonra ortaya \u00e7\u0131kt\u0131! Z\u0131rhl\u0131 ara\u00e7 protestocular\u0131 b\u00f6yle ezmi\u015f"},"content":{"rendered":"<p> \u0130ran&#8217;\u0131n kuzeybat\u0131s\u0131ndaki Ardabil kentinde 8\u20139 Ocak tarihlerinde devam eden geni\u015f \u00e7apl\u0131 anti-h\u00fck\u00fcmet g\u00f6sterilerinde, devletin g\u00fcvenlik g\u00fc\u00e7lerine ait z\u0131rhl\u0131 bir arac\u0131n g\u00f6stericilerin aras\u0131na dald\u0131\u011f\u0131 anlara ait video g\u00f6r\u00fcnt\u00fcleri d\u0131\u015f bas\u0131na s\u0131zd\u0131. <\/p>\n<p>G\u00f6r\u00fcnt\u00fclerin, \u0130ran International&#8217;a g\u00f6nderildi\u011fi ve protestocularla g\u00fcvenlik g\u00fc\u00e7leri aras\u0131ndaki \u00e7at\u0131\u015fmalar\u0131n en sert anlar\u0131ndan biri oldu\u011fu belirtiliyor. Bu olay, \u0130ran&#8217;daki protesto dalgas\u0131n\u0131n bir ba\u015fka dramatik boyutu olarak d\u00fcnya g\u00fcndemine yans\u0131d\u0131.<\/p>\n<p><b>B\u0130R KADIN \u00d6LD\u00dc, \u00c7OK SAYIDA YARALI VAR<\/b><\/p>\n<p>Videolarda, z\u0131rhl\u0131 arac\u0131n kalabal\u0131\u011f\u0131n i\u00e7ine h\u0131zla girerek g\u00f6stericileri da\u011f\u0131tmaya \u00e7al\u0131\u015ft\u0131\u011f\u0131 ve bunun sonucunda en az bir kad\u0131n\u0131n \u00f6ld\u00fc\u011f\u00fc iddia ediliyor; ayr\u0131ca \u00fc\u00e7 ki\u015finin de yaraland\u0131\u011f\u0131 bildirildi. G\u00f6rg\u00fc tan\u0131klar\u0131, g\u00fcvenlik g\u00fc\u00e7lerinin ate\u015f a\u00e7t\u0131\u011f\u0131n\u0131 ve kalabal\u0131\u011f\u0131n panikle da\u011f\u0131ld\u0131\u011f\u0131n\u0131 aktar\u0131yor.<\/p>\n<p><b><i>\u00d6L\u00dcMC\u00dcL G\u00dc\u00c7 KULLANMAYA DEVAM ED\u0130YORLAR<\/i><\/b><\/p>\n<p>Uluslararas\u0131 insan haklar\u0131 \u00f6rg\u00fctleri ve d\u0131\u015f bas\u0131n, \u0130ran g\u00fcvenlik g\u00fc\u00e7lerinin protestolar\u0131 bast\u0131rmak i\u00e7in \u00f6l\u00fcmc\u00fcl g\u00fc\u00e7 kullanmaya devam etti\u011fini yaz\u0131yor. \u0130ran&#8217;da internet ve ileti\u015fim kesintileri nedeniyle olay yerinden bilgi ak\u0131\u015f\u0131 s\u0131n\u0131rl\u0131 olsa da bir\u00e7ok kentte benzer \u00e7at\u0131\u015fma ve devlet bask\u0131s\u0131 raporlar\u0131 geliyor.<\/p>\n<p>\u00d6te yandan bu protestolar, ekonomi krizine, siyasi bask\u0131lara ve h\u00fck\u00fcmet kar\u015f\u0131t\u0131 duygulara ili\u015fkin daha geni\u015f bir toplumsal \u00f6fkenin d\u0131\u015fa vurumu olarak g\u00f6r\u00fcl\u00fcyor. G\u00f6steriler \u00fclke geneline yay\u0131larak \u0130ran rejimine kar\u015f\u0131 en b\u00fcy\u00fck kitlesel \u00e7\u0131k\u0131\u015flardan biri haline geldi.<\/p>\n","protected":false},"excerpt":{"rendered":"<p>\u0130ran&#8217;\u0131n Ardabil kentinde 8\u20139 Ocak&#8217;ta d\u00fczenlenen protestolarda g\u00fcvenlik g\u00fc\u00e7lerine ait z\u0131rhl\u0131 bir arac\u0131n kalabal\u0131\u011f\u0131n aras\u0131na dald\u0131\u011f\u0131 anlara ait g\u00f6r\u00fcnt\u00fcler d\u0131\u015f bas\u0131na yans\u0131rken, olayda en az bir kad\u0131n\u0131n hayat\u0131n\u0131 kaybetti\u011fi, \u00fc\u00e7 ki\u015finin de yaraland\u0131\u011f\u0131 bildirildi.<\/p>\n","protected":false},"author":1,"featured_media":48558,"comment_status":"open","ping_status":"open","sticky":false,"template":"","format":"standard","meta":{"footnotes":""},"categories":[12],"tags":[1946,271],"class_list":["post-48557","post","type-post","status-publish","format-standard","has-post-thumbnail","hentry","category-siyaset","tag-guc","tag-iran"],"_links":{"self":[{"href":"https:\/\/bihavadis.com\/index.php\/wp-json\/wp\/v2\/posts\/48557","targetHints":{"allow":["GET"]}}],"collection":[{"href":"https:\/\/bihavadis.com\/index.php\/wp-json\/wp\/v2\/posts"}],"about":[{"href":"https:\/\/bihavadis.com\/index.php\/wp-json\/wp\/v2\/types\/post"}],"author":[{"embeddable":true,"href":"https:\/\/bihavadis.com\/index.php\/wp-json\/wp\/v2\/users\/1"}],"replies":[{"embeddable":true,"href":"https:\/\/bihavadis.com\/index.php\/wp-json\/wp\/v2\/comments?post=48557"}],"version-history":[{"count":1,"href":"https:\/\/bihavadis.com\/index.php\/wp-json\/wp\/v2\/posts\/48557\/revisions"}],"predecessor-version":[{"id":48559,"href":"https:\/\/bihavadis.com\/index.php\/wp-json\/wp\/v2\/posts\/48557\/revisions\/48559"}],"wp:featuredmedia":[{"embeddable":true,"href":"https:\/\/bihavadis.com\/index.php\/wp-json\/wp\/v2\/media\/48558"}],"wp:attachment":[{"href":"https:\/\/bihavadis.com\/index.php\/wp-json\/wp\/v2\/media?parent=48557"}],"wp:term":[{"taxonomy":"category","embeddable":true,"href":"https:\/\/bihavadis.com\/index.php\/wp-json\/wp\/v2\/categories?post=48557"},{"taxonomy":"post_tag","embeddable":true,"href":"https:\/\/bihavadis.com\/index.php\/wp-json\/wp\/v2\/tags?post=48557"}],"curies":[{"name":"wp","href":"https:\/\/api.w.org\/{rel}","templated":true}]}}