{"id":48618,"date":"2026-02-26T07:01:49","date_gmt":"2026-02-26T07:01:49","guid":{"rendered":"https:\/\/bihavadis.com\/?p=48618"},"modified":"2026-02-26T07:01:49","modified_gmt":"2026-02-26T07:01:49","slug":"25-yildir-besiktasin-her-macini-tek-tek-not-ediyor","status":"publish","type":"post","link":"https:\/\/bihavadis.com\/index.php\/2026\/02\/26\/25-yildir-besiktasin-her-macini-tek-tek-not-ediyor\/","title":{"rendered":"25 y\u0131ld\u0131r Be\u015fikta\u015f&#8217;\u0131n her ma\u00e7\u0131n\u0131 tek tek not ediyor"},"content":{"rendered":"<p>Evli ve iki k\u0131z \u00e7ocu\u011fu babas\u0131 Hakan Altundal (47), 1999-2000 sezonundan bu yana Be\u015fikta\u015f&#8217;\u0131n oynad\u0131\u011f\u0131 hi\u00e7bir ma\u00e7\u0131 ka\u00e7\u0131rm\u0131yor. Altundal, her kar\u015f\u0131la\u015fman\u0131n ard\u0131ndan skoru, hakemleri ve ma\u00e7\u0131n detaylar\u0131n\u0131 el yaz\u0131s\u0131yla \u00f6zel defterine not ediyor. Bunu &#8220;hastal\u0131k&#8221; de\u011fil, &#8220;not etme al\u0131\u015fkanl\u0131\u011f\u0131&#8221; olarak tan\u0131mlayan Altundal, vatani g\u00f6revini yapt\u0131\u011f\u0131 d\u00f6nemde bile seriyi bozmad\u0131\u011f\u0131n\u0131 anlatt\u0131.<\/p>\n<p>2002-2003 y\u0131llar\u0131nda \u0130zmir Yeni Fo\u00e7a&#8217;da askerlik yaparken defterini e\u015fine emanet eden Altundal, o d\u00f6nemdeki ma\u00e7lar\u0131 e\u015fine yazd\u0131rd\u0131\u011f\u0131n\u0131 aktard\u0131. Defterine &#8220;Jandarma \u00c7avu\u015f Hakan Altundal&#8221; notunu d\u00fc\u015fen fanatik taraftar, askerlik an\u0131s\u0131 olarak Diyarbak\u0131rspor&#8217;dan yedikleri gol\u00fc ve ka\u00e7an \u015fampiyonlu\u011fu unutamad\u0131\u011f\u0131n\u0131 belirtti.<\/p>\n<div>\n<figure><img decoding=\"async\" src=\"https:\/\/bihavadis.com\/wp-content\/uploads\/2026\/02\/25-yildir-besiktasin-her-macini-tek-tek-not-ediyor-0-dx2brmLR.jpg\"\/><\/figure>\n<\/div>\n<p>Y\u0131llar \u00f6nce k\u00fc\u00e7\u00fck bir defterde ba\u015flad\u0131\u011f\u0131 not etme al\u0131\u015fkanl\u0131\u011f\u0131n\u0131 devam ettirdi\u011fini anlatan Hakan Altundal, &#8220;Bu bir heves, hobi gibi oldu. Hastal\u0131k de\u011fil, not etme al\u0131\u015fkanl\u0131\u011f\u0131m var. \u00d6rne\u011fin ev i\u00e7in ald\u0131\u011f\u0131m\u0131z t\u00fcm malzemeleri ne kadar ald\u0131k, nereden ald\u0131k, kimden ald\u0131k vs. gibi \u015feyleri de yaz\u0131yorum&#8221; dedi.<\/p>\n<p><b>&#8220;NOTLARIMI MA\u00c7TAN SONRA YAZIYORUM&#8221;<\/b><\/p>\n<p>Ma\u00e7 izlerken herhangi bir \u015feyle ilgilenmedi\u011fini, tamamen oyuna odakland\u0131\u011f\u0131n\u0131 ifade eden Altundal, &#8220;Notlar\u0131m\u0131 ma\u00e7tan sonra yaz\u0131yorum. Ma\u00e7 esnas\u0131nda kesinlikle bir \u015fey yazmamaya \u00e7al\u0131\u015f\u0131yorum. E\u011fer kaybediyorsak sinirle, \u00f6fkeyle zaman zaman yazabiliyorum ama kaybetmiyorsak sonuna kadar izliyorum. Bu bir totem gibi bir \u015fey oldu. Tarihleri yaz\u0131yorum, hakemleri yaz\u0131yorum. Hatta bir de duvar takvimim var. Duvar takvimlerine de ma\u00e7 g\u00fcnlerini muhakkak not al\u0131r\u0131m&#8221; diye konu\u015ftu.<\/p>\n<div>\n<figure><img decoding=\"async\" src=\"https:\/\/bihavadis.com\/wp-content\/uploads\/2026\/02\/25-yildir-besiktasin-her-macini-tek-tek-not-ediyor-1-1uJhFvul.jpg\"\/><\/figure>\n<\/div>\n<p><b>&#8220;MA\u00c7 \u0130ZLERKEN FORMA G\u0130YMEM&#8221;<\/b><\/p>\n<p>Ma\u00e7 izlerken kendine has totemleri oldu\u011funu dile getiren Altundal, \u015funlar\u0131 kaydetti:<\/p>\n<p>&#8220;Baz\u0131 totemlerim var. Ma\u00e7 izlerken kesinlikle forma giymem. Y\u00fcz\u00fc\u011f\u00fcm, saatim falan vard\u0131r. Onlar\u0131 muhakkak takar\u0131m. Tespihim vard\u0131r ve o elimde olur. Ma\u00e7\u0131 da en \u00f6nden izlerim. Oturup da rahat rahat ma\u00e7 izlemem, g\u00f6r\u00fclmemi\u015ftir. Y\u00fcz\u00fc\u011f\u00fc, saati ve tesbihi ba\u015fka hi\u00e7bir yerde kullanmam, sadece ma\u00e7ta. Kendime bir sistem belirledim. Oyun s\u0131ras\u0131, tak\u0131mlar, galibiyet, ma\u011flubiyet, beraberlik, yedi\u011fimiz gol, att\u0131\u011f\u0131m\u0131z gol, puan vs. not al\u0131r\u0131m.&#8221;<\/p>\n<p><b>ASKERDE DEFTER\u0130 E\u015e\u0130NE DEVRETT\u0130<\/b><\/p>\n<p>2002-2003 y\u0131llar\u0131nda \u0130zmir Yeni Fo\u00e7a&#8217;da jandarma \u00e7avu\u015f olarak askerlik g\u00f6revini yerine getiren Altundal, o d\u00f6nemde defterin bo\u015f kalmamas\u0131 i\u00e7in g\u00f6revi e\u015fine devretti\u011fini anlatt\u0131. Defterine o d\u00f6nemi &#8220;Jandarma \u00c7avu\u015f Hakan Altundal&#8221; imzas\u0131yla not d\u00fc\u015ft\u00fc\u011f\u00fcn\u00fc belirten fanatik taraftar, format\u0131n\u0131n y\u0131llar i\u00e7inde hi\u00e7 de\u011fi\u015fmedi\u011fini s\u00f6yledi.<\/p>\n<div>\n<figure><img decoding=\"async\" src=\"https:\/\/bihavadis.com\/wp-content\/uploads\/2026\/02\/25-yildir-besiktasin-her-macini-tek-tek-not-ediyor-2-Mm8pc9CP.jpg\"\/><\/figure>\n<\/div>\n<p>Altundal, askerlik d\u00f6nemine dair en k\u00f6t\u00fc hat\u0131ras\u0131n\u0131n ise Be\u015fikta\u015f&#8217;\u0131n 100. y\u0131l\u0131nda \u015fampiyonlu\u011fa giderken Diyarbak\u0131rspor ma\u00e7\u0131nda yedi\u011fi gol oldu\u011funu s\u00f6yledi.<\/p>\n<p>Ayr\u0131ca Altundal, Fenerbah\u00e7eli bir arkada\u015f\u0131yla girdi\u011fi &#8220;\u0130lk S\u00fcper Kupa&#8217;y\u0131 kim ald\u0131?&#8221; iddias\u0131n\u0131 da, tuttu\u011fu ar\u015fiv sayesinde kazand\u0131\u011f\u0131n\u0131 ve dondurma \u0131smarlatt\u0131\u011f\u0131n\u0131 da anlatt\u0131.<\/p>\n<p>&#8220;Fikst\u00fcr a\u00e7\u0131kland\u0131\u011f\u0131nda evdekilere &#8216;Buna g\u00f6re ya\u015f\u0131yoruz&#8217; derim&#8221;<\/p>\n<p>Kendisini Be\u015fikta\u015fl\u0131 yapan amcas\u0131 Yavuz Altundal&#8217;a minnettar oldu\u011funu dile getiren Hakan Altundal, hayat\u0131n\u0131n merkezine tak\u0131m\u0131n\u0131n ma\u00e7 takvimini koydu\u011funu vurgulad\u0131. Fikst\u00fcr a\u00e7\u0131kland\u0131\u011f\u0131nda ma\u00e7 g\u00fcnlerini duvar takvimine i\u015fledi\u011fini belirten Altundal, \u015f\u00f6yle konu\u015ftu:<\/p>\n<div>\n<figure><img decoding=\"async\" src=\"https:\/\/bihavadis.com\/wp-content\/uploads\/2026\/02\/25-yildir-besiktasin-her-macini-tek-tek-not-ediyor-3-PV7WuNrj.jpg\"\/><\/figure>\n<\/div>\n<p>&#8220;Ma\u00e7lar\u0131n oynanaca\u011f\u0131 tarihler bellidir ve bu tarihlere g\u00f6re o g\u00fcn\u00fcn plan\u0131n\u0131 yapar\u0131m. O g\u00fcn ma\u00e7 18.00&#8217;da ise o saatte evde olmaya \u00e7al\u0131\u015f\u0131r\u0131m, i\u015fimi ona g\u00f6re ayarlar\u0131m. Mesela bir ma\u00e7 saatinde hal\u0131 sahaya gitmek zorunda kald\u0131m. Arkada\u015flar\u0131m\u0131 k\u0131ramam\u0131\u015ft\u0131m. D\u00f6nd\u00fc\u011f\u00fcmde ikinci yar\u0131ya zor yeti\u015ftim. Belki de bu uzun zamandan beri Be\u015fikta\u015f ma\u00e7\u0131n\u0131 ilk ka\u00e7\u0131rd\u0131\u011f\u0131m ma\u00e7 diyebilirim. Fikst\u00fcr a\u00e7\u0131klan\u0131r a\u00e7\u0131klanmaz buraya notumu al\u0131r\u0131m ve evdekilere, &#8216;Bu tarihe g\u00f6re hareket ediyoruz. Be\u015fikta\u015f ma\u00e7\u0131na g\u00f6re&#8217; derim \u00e7\u00fcnk\u00fc ba\u015fka bir \u015feyim yok. Hal\u0131 saha ve Be\u015fikta\u015f ma\u00e7\u0131ndan ba\u015fka oturup yapt\u0131\u011f\u0131m, keyif ald\u0131\u011f\u0131m \u00e7ok fazla bir \u015fey yok.&#8221;<\/p>\n<p><b>&#8220;BEN\u0130M \u0130\u00c7\u0130N \u015eAMP\u0130YON BELL\u0130&#8221;<\/b><\/p>\n<p>Tak\u0131m\u0131n\u0131n performans\u0131 ne olursa olsun deste\u011fini esirgemedi\u011finin alt\u0131n\u0131 \u00e7izen Hakan Altundal, rakip tak\u0131m taraftarlar\u0131n\u0131n baz\u0131 sata\u015fmalar\u0131na kar\u015f\u0131 ise tahamm\u00fcl\u00fc olmad\u0131\u011f\u0131n\u0131 ifade etti. Altundal, &#8220;Zaten \u00e7ok iyi durumda de\u011filiz ama b\u0131rakmad\u0131k. O g\u00fcn de b\u0131rakmad\u0131k, bug\u00fcn de b\u0131rakmayaca\u011f\u0131z&#8221; ifadelerini kulland\u0131.<\/p>\n","protected":false},"excerpt":{"rendered":"<p>Bolu&#8217;da ya\u015fayan Be\u015fikta\u015f tutkunu Hakan Altundal, 1999 y\u0131l\u0131ndan bu yana siyah-beyazl\u0131 tak\u0131m\u0131n oynad\u0131\u011f\u0131 t\u00fcm ma\u00e7lar\u0131, skordan hakem bilgilerine kadar her detay\u0131yla defterine kaydediyor. Kendine has totemleri bulunan; ma\u00e7 izlerken asla forma giymeyen ancak u\u011furlu sayd\u0131\u011f\u0131 y\u00fcz\u00fc\u011f\u00fcn\u00fc, saatini ve tespihini yan\u0131ndan ay\u0131rmayan Altundal, t\u00fcm hayat\u0131n\u0131 Be\u015fikta\u015f&#8217;\u0131n fikst\u00fcr\u00fcne g\u00f6re planl\u0131yor.<\/p>\n","protected":false},"author":1,"featured_media":48619,"comment_status":"open","ping_status":"open","sticky":false,"template":"","format":"standard","meta":{"footnotes":""},"categories":[14],"tags":[651,2245,5696,236,364],"class_list":["post-48618","post","type-post","status-publish","format-standard","has-post-thumbnail","hentry","category-spor","tag-besiktas","tag-bir-sey","tag-defteri","tag-gun","tag-mac"],"_links":{"self":[{"href":"https:\/\/bihavadis.com\/index.php\/wp-json\/wp\/v2\/posts\/48618","targetHints":{"allow":["GET"]}}],"collection":[{"href":"https:\/\/bihavadis.com\/index.php\/wp-json\/wp\/v2\/posts"}],"about":[{"href":"https:\/\/bihavadis.com\/index.php\/wp-json\/wp\/v2\/types\/post"}],"author":[{"embeddable":true,"href":"https:\/\/bihavadis.com\/index.php\/wp-json\/wp\/v2\/users\/1"}],"replies":[{"embeddable":true,"href":"https:\/\/bihavadis.com\/index.php\/wp-json\/wp\/v2\/comments?post=48618"}],"version-history":[{"count":1,"href":"https:\/\/bihavadis.com\/index.php\/wp-json\/wp\/v2\/posts\/48618\/revisions"}],"predecessor-version":[{"id":48624,"href":"https:\/\/bihavadis.com\/index.php\/wp-json\/wp\/v2\/posts\/48618\/revisions\/48624"}],"wp:featuredmedia":[{"embeddable":true,"href":"https:\/\/bihavadis.com\/index.php\/wp-json\/wp\/v2\/media\/48619"}],"wp:attachment":[{"href":"https:\/\/bihavadis.com\/index.php\/wp-json\/wp\/v2\/media?parent=48618"}],"wp:term":[{"taxonomy":"category","embeddable":true,"href":"https:\/\/bihavadis.com\/index.php\/wp-json\/wp\/v2\/categories?post=48618"},{"taxonomy":"post_tag","embeddable":true,"href":"https:\/\/bihavadis.com\/index.php\/wp-json\/wp\/v2\/tags?post=48618"}],"curies":[{"name":"wp","href":"https:\/\/api.w.org\/{rel}","templated":true}]}}