{"id":48647,"date":"2026-02-26T07:15:06","date_gmt":"2026-02-26T07:15:06","guid":{"rendered":"https:\/\/bihavadis.com\/?p=48647"},"modified":"2026-02-26T07:15:06","modified_gmt":"2026-02-26T07:15:06","slug":"epstein-belgelerinde-adi-gecen-pritzker-hyatt-hotelsteki-gorevinden-istifa-etti","status":"publish","type":"post","link":"https:\/\/bihavadis.com\/index.php\/2026\/02\/26\/epstein-belgelerinde-adi-gecen-pritzker-hyatt-hotelsteki-gorevinden-istifa-etti\/","title":{"rendered":"Epstein belgelerinde ad\u0131 ge\u00e7en Pritzker, Hyatt Hotels&#8217;teki g\u00f6revinden istifa etti"},"content":{"rendered":"<p>Epstein dosyas\u0131nda yeni skandallar a\u00e7\u0131\u011fa \u00e7\u0131kmaya devam ediyor.<\/p>\n<p>Dosyada ad\u0131 ge\u00e7en isimlerden yeni geli\u015fmeler gelirken bu kez de milyarder i\u015f insan\u0131 Tom Pritzker&#8217;den bir a\u00e7\u0131klama geldi.<\/p>\n<p>The New York Times&#8217;\u0131n (NYT) haberine g\u00f6re, ABD&#8217;de re\u015fit olmayan k\u0131z \u00e7ocuklar\u0131na y\u00f6nelik cinsel istismar ve fuhu\u015f a\u011f\u0131 kurma su\u00e7lamas\u0131yla tutuklu yarg\u0131lan\u0131rken hapishanede \u00f6l\u00fc bulunan milyarder Jeffrey Epstein ile ilgili payla\u015f\u0131lan belgelerde bir\u00e7ok kez ad\u0131 ge\u00e7en Pritzker, Epstein ile ba\u011flant\u0131s\u0131 nedeniyle g\u00f6revinden ayr\u0131lan en son isim oldu.<\/p>\n<p><strong>&#8220;EPSTE\u0130N VE MAXWELL \u0130LE OLAN \u0130L\u0130\u015eK\u0130MDEN DER\u0130N P\u0130\u015eMANLIK DUYUYORUM&#8221;<\/strong><\/p>\n<p>Pritzker, Hyatt Y\u00f6netim Kuruluna g\u00f6nderdi\u011fi mektupta, g\u00f6revinden derhal ayr\u0131ld\u0131\u011f\u0131n\u0131 belirterek, <em><b>&#8220;\u0130yi bir y\u00f6netim sergilemek, Hyatt&#8217;\u0131 korumak anlam\u0131na da gelmektedir, \u00f6zellikle derin pi\u015fmanl\u0131k duydu\u011fum, Jeffrey Epstein ve Ghislaine Maxwell ile ili\u015fkim ba\u011flam\u0131nda.&#8221;<\/b><\/em> ifadesini kulland\u0131.<\/p>\n<p>\u0130kili ile ileti\u015fimi s\u00fcrd\u00fcrmekle <em><b>&#8220;\u00e7ok k\u00f6t\u00fc bir karar&#8221;<\/b><\/em> verdi\u011fine i\u015faret eden Pritzker, Epstein ve Maxwell&#8217;den daha \u00f6nce uzakla\u015fmamak i\u00e7in <em><b>&#8220;hi\u00e7bir mazereti olmad\u0131\u011f\u0131n\u0131&#8221;<\/b><\/em> da kaydetti.<\/p>\n<p><strong>EPSTE\u0130N&#8217;LE \u0130LET\u0130\u015e\u0130M HAL\u0130NDE OLDU\u011eU A\u00c7I\u011eA \u00c7IKTI<\/strong><\/p>\n<p>ABD Adalet Bakanl\u0131\u011f\u0131 taraf\u0131ndan yay\u0131mlanan Epstein belgelerinde, Pritzker&#8217;\u0131n, Epstein ile Haziran 2008&#8217;de su\u00e7lu oldu\u011funu kabul ettikten sonra bile d\u00fczenli olarak ileti\u015fim halinde oldu\u011fu ve ikilinin yemek ve randevular\u0131 teyit etmek i\u00e7in s\u0131k s\u0131k yaz\u0131\u015ft\u0131\u011f\u0131 ortaya \u00e7\u0131km\u0131\u015ft\u0131.<\/p>\n<p><strong>JEFFREY EPSTE\u0130N OLAYI<\/strong><\/p>\n<p>En k\u00fc\u00e7\u00fc\u011f\u00fc 14 olmak \u00fczere 18 ya\u015f alt\u0131ndaki onlarca k\u0131z \u00e7ocu\u011funa cinsel istismarda bulunmak ve fuhu\u015f a\u011f\u0131 olu\u015fturmak su\u00e7lamas\u0131yla yarg\u0131lanan Epstein, tutuklu oldu\u011fu New York Manhattan Metropolitan Merkez Hapishanesi&#8217;ndeki h\u00fccresinde 10 A\u011fustos 2019&#8217;da \u00f6l\u00fc bulunmu\u015ftu.<\/p>\n<p>A\u00e7\u0131klanan Epstein dava dosyalar\u0131nda Prens Andrew, ABD Ba\u015fkan\u0131 Donald Trump, eski ABD Ba\u015fkan\u0131 Bill Clinton, eski \u0130srail Ba\u015fbakan\u0131 Ehud Barak, eski ABD Ba\u015fkan Yard\u0131mc\u0131s\u0131 Al Gore, akt\u00f6r Kevin Spacey, \u015fark\u0131c\u0131 Michael Jackson, ill\u00fczyonist David Copperfield, avukat Alan Dershowitz ve eski New Mexico Valisi Bill Richardson gibi \u00fcnl\u00fc isimler yer alm\u0131\u015ft\u0131.<\/p>\n<p><strong>&#8216;M\u00dc\u015eTER\u0130 L\u0130STES\u0130&#8217; \u0130NCELEMEYE ALINDI<\/strong><\/p>\n<p>ABD Federal Soru\u015fturma B\u00fcrosu (FBI) da ABD Adalet Bakanl\u0131\u011f\u0131 ile yapt\u0131\u011f\u0131 inceleme sonucunda, \u00fcnl\u00fc isimlerden olu\u015fan<em><b> &#8220;m\u00fc\u015fteri listesi<\/b><\/em>&#8220;nin tutuldu\u011funa dair herhangi bir kan\u0131ta ula\u015f\u0131lamad\u0131\u011f\u0131n\u0131, aralar\u0131nda h\u00fck\u00fcmet yetkilileri, \u00fcnl\u00fcler ve i\u015f insanlar\u0131n\u0131n da bulundu\u011fu ki\u015filerin su\u00e7una ortak oldu\u011fu gerek\u00e7esiyle \u00f6rtbas amac\u0131yla \u00f6ld\u00fcr\u00fcld\u00fc\u011f\u00fc \u00f6ne s\u00fcr\u00fclen Epstein&#8217;in ise asl\u0131nda h\u00fccresinde intihar etti\u011fi sonucuna var\u0131ld\u0131\u011f\u0131n\u0131 a\u00e7\u0131klam\u0131\u015ft\u0131.<\/p>\n<p><img decoding=\"async\" src=\"https:\/\/bihavadis.com\/wp-content\/uploads\/2026\/02\/epstein-belgelerinde-adi-gecen-pritzker-hyatt-hotelsteki-gorevinden-istifa-etti-0-17FU9TAR.jpg\"\/><\/p>\n","protected":false},"excerpt":{"rendered":"<p>Epstein belgelerinde ad\u0131 ge\u00e7en, Hyatt oteller zincirinin varisi milyarder i\u015f insan\u0131 Tom Pritzker, Hyatt Hotels \u015firketinin Y\u00f6netim Kurulu Ba\u015fkanl\u0131\u011f\u0131 g\u00f6revinden istifa etti\u011fini duyurdu.<\/p>\n","protected":false},"author":1,"featured_media":48648,"comment_status":"open","ping_status":"open","sticky":false,"template":"","format":"standard","meta":{"footnotes":""},"categories":[6],"tags":[272,2183],"class_list":["post-48647","post","type-post","status-publish","format-standard","has-post-thumbnail","hentry","category-dunya","tag-abd","tag-epstein"],"_links":{"self":[{"href":"https:\/\/bihavadis.com\/index.php\/wp-json\/wp\/v2\/posts\/48647","targetHints":{"allow":["GET"]}}],"collection":[{"href":"https:\/\/bihavadis.com\/index.php\/wp-json\/wp\/v2\/posts"}],"about":[{"href":"https:\/\/bihavadis.com\/index.php\/wp-json\/wp\/v2\/types\/post"}],"author":[{"embeddable":true,"href":"https:\/\/bihavadis.com\/index.php\/wp-json\/wp\/v2\/users\/1"}],"replies":[{"embeddable":true,"href":"https:\/\/bihavadis.com\/index.php\/wp-json\/wp\/v2\/comments?post=48647"}],"version-history":[{"count":1,"href":"https:\/\/bihavadis.com\/index.php\/wp-json\/wp\/v2\/posts\/48647\/revisions"}],"predecessor-version":[{"id":48650,"href":"https:\/\/bihavadis.com\/index.php\/wp-json\/wp\/v2\/posts\/48647\/revisions\/48650"}],"wp:featuredmedia":[{"embeddable":true,"href":"https:\/\/bihavadis.com\/index.php\/wp-json\/wp\/v2\/media\/48648"}],"wp:attachment":[{"href":"https:\/\/bihavadis.com\/index.php\/wp-json\/wp\/v2\/media?parent=48647"}],"wp:term":[{"taxonomy":"category","embeddable":true,"href":"https:\/\/bihavadis.com\/index.php\/wp-json\/wp\/v2\/categories?post=48647"},{"taxonomy":"post_tag","embeddable":true,"href":"https:\/\/bihavadis.com\/index.php\/wp-json\/wp\/v2\/tags?post=48647"}],"curies":[{"name":"wp","href":"https:\/\/api.w.org\/{rel}","templated":true}]}}