{"id":48674,"date":"2026-02-26T07:42:07","date_gmt":"2026-02-26T07:42:07","guid":{"rendered":"https:\/\/bihavadis.com\/?p=48674"},"modified":"2026-02-26T07:42:07","modified_gmt":"2026-02-26T07:42:07","slug":"mhp-lideri-bahceliden-onemli-aciklamalar","status":"publish","type":"post","link":"https:\/\/bihavadis.com\/index.php\/2026\/02\/26\/mhp-lideri-bahceliden-onemli-aciklamalar\/","title":{"rendered":"MHP Lideri Bah\u00e7eli&#8217;den \u00f6nemli a\u00e7\u0131klamalar"},"content":{"rendered":"<p>MHP Lideri Devlet Bah\u00e7eli, partisinin grup toplant\u0131s\u0131nda T\u00fcrkiye B\u00fcy\u00fck Millet Meclisi&#8217;nde konu\u015fuyor.\u00a0<\/p>\n<p>S\u00f6zlerine Ramazan ay\u0131n\u0131n geli\u015fini de\u011ferlendirerek ba\u015flayan ve Gazze ile devam eden Bah\u00e7eli, akabinde de Cumhurba\u015fkan\u0131 Recep Tayyip Erdo\u011fan&#8217;\u0131n d\u0131\u015f siyasette att\u0131\u011f\u0131 ad\u0131mlara de\u011findi.\u00a0<\/p>\n<p>Cumhurba\u015fkan\u0131 Erdo\u011fan ve D\u0131\u015fi\u015fleri Bakan\u0131 Hakan Fidan&#8217;\u0131n d\u0131\u015f siyasette att\u0131\u011f\u0131 ad\u0131mlar\u0131 ba\u015far\u0131l\u0131 buldu\u011funu belirten Bah\u00e7eli, s\u00fcper g\u00fc\u00e7 T\u00fcrkiye&#8217;nin ayak seslerinin duyulmaya ba\u015flad\u0131\u011f\u0131n\u0131 belirtti.\u00a0<\/p>\n<p>Bah\u00e7eli \u015f\u00f6yle konu\u015ftu;<\/p>\n<p><em><b>&#8220;Gazze&#8217;de son y\u00fczy\u0131l\u0131n en a\u011f\u0131r insanl\u0131k su\u00e7u ilenmi\u015ftir. Emzikli sabilerin \u00f6l\u00fcme terk edilen kad\u0131nlar\u0131n, ya\u015fl\u0131lar\u0131n, su\u00e7suz, g\u00fcnahs\u0131z bir sivil halk\u0131n \u00e7\u0131\u011fl\u0131klar\u0131 yeterince duyulmam\u0131\u015ft\u0131r.<\/b><\/em><\/p>\n<p><em><b> Ramazan denilince ak\u0131llara ve g\u00f6n\u00fcllere d\u00fc\u015fen sab\u0131rd\u0131r, \u015fefkattir, duad\u0131r, ho\u015fg\u00f6r\u00fcd\u00fcr. A\u00e7\u0131k doyurup, a\u00e7\u0131kta kalana el uzatmakt\u0131r. <\/b><\/em><\/p>\n<p><em><b>Allah&#8217;\u0131n bir bildi\u011fi vard\u0131r ve hi\u00e7 zalim bununla boy \u00f6l\u00e7\u00fc\u015femez. Son vahim geli\u015fmeler, bar\u0131\u015f\u00e7\u0131l aray\u0131\u015flar\u0131 zehirliyor, iki devletli \u00e7\u00f6z\u00fcm aray\u0131\u015f\u0131n\u0131 zora sokuyor.\u00a0\u00a0<\/b><\/em><\/p>\n<p><em><b>Bozuk plak gibi ayn\u0131 nakarata tak\u0131l\u0131p kalanlar\u0131n zoruna gitse de alay\u0131n\u0131n uykular\u0131 ka\u00e7sa da s\u00fcper g\u00fc\u00e7 T\u00fcrkiye&#8217;nin ad\u0131mlar\u0131 duyulmaya ba\u015flam\u0131\u015ft\u0131r. Ramazan ay\u0131nda sa\u011f duyu ve s\u00fckunet i\u00e7in, insanl\u0131\u011f\u0131n hal ve gidi\u015fat\u0131n\u0131 mutlaka g\u00f6zden ge\u00e7irmeliyiz.\u00a0<\/b><\/em><\/p>\n<p><em><b>Bir ba\u015fka m\u00fchim mesele de Filistin Devleti ile iligildir. Ba\u011f\u0131ms\u0131z ve egemen bir Filistin Cumhuriyeti&#8217;nin kurulmas\u0131ndan ba\u015fka ikinci bir se\u00e7enek yoktur. Huzurlar\u0131n\u0131zda t\u00fcm \u0130slam aleminin Ramazan \u015feriflerini tebrik ediyorum.\u00a0<\/b><\/em><\/p>\n<p><em><b>K\u00fc\u00e7\u00fcc\u00fck yavrular\u0131n so\u011futan titreyen ellerinden tutar\u0131z, darda kalanlar\u0131n nefesi oluruz. Biz b\u00fcy\u00fck bir aileyiz, soylu bir milletin sevdal\u0131lar\u0131y\u0131z. G\u00f6z\u00fcm\u00fcz\u00fcn g\u00f6rd\u00fc\u011f\u00fc hi\u00e7bir \u015feyden korkuya gerek yoktur.\u00a0<\/b><\/em><\/p>\n","protected":false},"excerpt":{"rendered":"<p>MHP Lideri Devlet Bah\u00e7eli, partisinin grup toplant\u0131s\u0131nda T\u00fcrkiye B\u00fcy\u00fck Millet Meclisi&#8217;nde konu\u015fuyor.<\/p>\n","protected":false},"author":1,"featured_media":48675,"comment_status":"open","ping_status":"open","sticky":false,"template":"","format":"standard","meta":{"footnotes":""},"categories":[9,13],"tags":[],"class_list":["post-48674","post","type-post","status-publish","format-standard","has-post-thumbnail","hentry","category-genel","category-son-dakika"],"_links":{"self":[{"href":"https:\/\/bihavadis.com\/index.php\/wp-json\/wp\/v2\/posts\/48674","targetHints":{"allow":["GET"]}}],"collection":[{"href":"https:\/\/bihavadis.com\/index.php\/wp-json\/wp\/v2\/posts"}],"about":[{"href":"https:\/\/bihavadis.com\/index.php\/wp-json\/wp\/v2\/types\/post"}],"author":[{"embeddable":true,"href":"https:\/\/bihavadis.com\/index.php\/wp-json\/wp\/v2\/users\/1"}],"replies":[{"embeddable":true,"href":"https:\/\/bihavadis.com\/index.php\/wp-json\/wp\/v2\/comments?post=48674"}],"version-history":[{"count":1,"href":"https:\/\/bihavadis.com\/index.php\/wp-json\/wp\/v2\/posts\/48674\/revisions"}],"predecessor-version":[{"id":48676,"href":"https:\/\/bihavadis.com\/index.php\/wp-json\/wp\/v2\/posts\/48674\/revisions\/48676"}],"wp:featuredmedia":[{"embeddable":true,"href":"https:\/\/bihavadis.com\/index.php\/wp-json\/wp\/v2\/media\/48675"}],"wp:attachment":[{"href":"https:\/\/bihavadis.com\/index.php\/wp-json\/wp\/v2\/media?parent=48674"}],"wp:term":[{"taxonomy":"category","embeddable":true,"href":"https:\/\/bihavadis.com\/index.php\/wp-json\/wp\/v2\/categories?post=48674"},{"taxonomy":"post_tag","embeddable":true,"href":"https:\/\/bihavadis.com\/index.php\/wp-json\/wp\/v2\/tags?post=48674"}],"curies":[{"name":"wp","href":"https:\/\/api.w.org\/{rel}","templated":true}]}}