{"id":48751,"date":"2026-02-26T08:48:28","date_gmt":"2026-02-26T08:48:28","guid":{"rendered":"https:\/\/bihavadis.com\/?p=48751"},"modified":"2026-02-26T08:48:28","modified_gmt":"2026-02-26T08:48:28","slug":"bahceliden-puskevit-aciklamasi","status":"publish","type":"post","link":"https:\/\/bihavadis.com\/index.php\/2026\/02\/26\/bahceliden-puskevit-aciklamasi\/","title":{"rendered":"Bah\u00e7eli&#8217;den &#8216;p\u00fcskevit&#8217; a\u00e7\u0131klamas\u0131"},"content":{"rendered":"<p>Milliyet\u00e7i Hareket Partisi Genel Ba\u015fkan\u0131 Devlet Bah\u00e7eli, partisinin TBMM\u2019deki grup toplant\u0131s\u0131nda yapt\u0131\u011f\u0131 konu\u015fmada i\u00e7 ve d\u0131\u015f politikaya ili\u015fkin de\u011ferlendirmelerde bulundu. T\u00fcrkiye\u2019nin etkin ve g\u00fc\u00e7l\u00fc bir \u00fclke konumuna ilerledi\u011fini belirten Bah\u00e7eli, Ramazan ay\u0131 dolay\u0131s\u0131yla birlik ve karde\u015flik mesaj\u0131 verdi.<\/p>\n<p><strong>&#8220;T\u00dcRK\u0130YE, NEREDE B\u0130R SORUN VARSA ORADADIR&#8221;<\/strong><\/p>\n<p>Milliyet\u00e7i Hareket Partisi Genel Ba\u015fkan\u0131 Bah\u00e7eli, T\u00fcrkiye\u2019nin k\u00fcresel \u00f6l\u00e7ekte etkin bir rol \u00fcstlendi\u011fini ifade ederek, <em><b>\u201cNerede bir sorun varsa T\u00fcrkiye m\u00fcessir bir \u015fekilde oradad\u0131r\u201d<\/b><\/em> dedi:<\/p>\n<p>Bozuk plak gibi ayn\u0131 nakarata tak\u0131l\u0131p kalanlar\u0131n kara propaganday\u0131 marifet saymas\u0131 ger\u00e7e\u011fi de\u011fi\u015ftirmez. S\u00fcper G\u00fc\u00e7 T\u00fcrkiye\u2019nin muktedir ad\u0131mlar\u0131 duyulmaya ba\u015flam\u0131\u015ft\u0131r.<\/p>\n<p><strong>&#8220;KUCAKLA\u015eMAK VARKEN KUTUPLA\u015eMAK VAHAMETT\u0130R&#8221;<\/strong><\/p>\n<p>Toplumsal birlik ve beraberlik vurgusu yapan Bah\u00e7eli, kutupla\u015fman\u0131n T\u00fcrkiye\u2019ye zarar verdi\u011fini belirterek, <b><em>\u201cKucakla\u015fmak varken kutupla\u015fmak vahamettir. Konu\u015fmak varken kavga etmek insani hasletlere vedad\u0131r\u201d <\/em><\/b>diye konu\u015ftu.<\/p>\n<p><strong>&#8220;HAN\u0130 BEN\u0130M P\u00dcSKEV\u0130T\u0130M, \u00c7\u0130KOLATAM&#8221; \u0130FADELER\u0130<\/strong><\/p>\n<p>Ramazan ay\u0131n\u0131n manevi iklimine dikkat \u00e7eken Bah\u00e7eli, vatanda\u015flara dayan\u0131\u015fma \u00e7a\u011fr\u0131s\u0131nda bulundu.<\/p>\n<p>Konu\u015fmas\u0131nda ge\u00e7mi\u015f y\u0131llarda yapt\u0131\u011f\u0131 bir konu\u015fmaya da at\u0131fta bulunan Bah\u00e7eli, \u00e7ocuklar\u0131n beklentilerine dikkat \u00e7ekmek amac\u0131yla sarf etti\u011fi s\u00f6zleri hat\u0131rlatt\u0131:<\/p>\n<p>Hat\u0131rlay\u0131n\u0131z y\u0131llar \u00f6nce bir konu\u015fmamda anas\u0131n\u0131n babas\u0131n\u0131n y\u00fcz\u00fcne bakan yurdumun masum \u00e7ocuklar\u0131n\u0131n s\u00f6zc\u00fcs\u00fc olmak istemi\u015ftim. Memleketim olan Gavurda\u011f\u0131 s\u00f6yleyi\u015fiyle &#8220;Hani benim p\u00fcskevitim \u00e7ikolatam demi\u015ftim.&#8221; O g\u00fcn bu konu\u015fmay\u0131 anlamayan gafiller, haftalar boyu m\u00fcstehzi ifadelerle p\u00fcskevit kelimesini dillerine dolam\u0131\u015flard\u0131. Vars\u0131n olsun hata da insanlar i\u00e7indir. Bu Ramazan da hep birlikte sofralar\u0131n ocaklar\u0131n gen\u00e7lerin ya\u015fl\u0131lar\u0131n ve kad\u0131nlar\u0131n sesi olal\u0131m.<\/p>\n<p><strong>BAH\u00c7EL\u0130 NE DEM\u0130\u015eT\u0130<\/strong><\/p>\n<p>2011 se\u00e7imleri \u00f6ncesinde Devlet Bah\u00e7eli, Yozgat&#8217;teki mitingde \u015fu ifadeleri kullanm\u0131\u015ft\u0131:<\/p>\n<p>Evinizde \u00e7ocuklar, televizyonun kar\u015f\u0131s\u0131na dizilmi\u015f oturuyorlar. Kar\u015f\u0131n\u0131zda reklamlara \u00e7\u0131kan \u00e7ocuklar\u0131n elinde \u00e7ikolatalar, p\u00fcskevitler. Birbirlerine ikram ediyorlar, birbirleriyle yiyorlar, \u015fakala\u015f\u0131yorlar. O \u00e7ocuk akl\u0131ndan ge\u00e7iriyor. &#8216;Benim de bir \u00e7ikolatam olsa, benim de bir p\u00fcskevitim olsa&#8217; diyor. &#8216;Anne bana niye alm\u0131yorsunuz&#8217; diyor, &#8216;biz de niye yok&#8217; diyor.<\/p>\n","protected":false},"excerpt":{"rendered":"<p>MHP Genel Ba\u015fkan\u0131 Devlet Bah\u00e7eli, muhalefetteyden s\u00f6yledi\u011fi &#8216;Hani benim p\u00fcskevitim, \u00e7ikolatam&#8217; ifadelerinin \u00e7ocuklar\u0131n beklentilerine dikkat \u00e7ekmek amac\u0131 ta\u015f\u0131d\u0131\u011f\u0131n\u0131 belirtti.<\/p>\n","protected":false},"author":1,"featured_media":48752,"comment_status":"open","ping_status":"open","sticky":false,"template":"","format":"standard","meta":{"footnotes":""},"categories":[9,4,12],"tags":[2621,242,197],"class_list":["post-48751","post","type-post","status-publish","format-standard","has-post-thumbnail","hentry","category-genel","category-gundem","category-siyaset","tag-bahceli","tag-cocuk","tag-turkiye"],"_links":{"self":[{"href":"https:\/\/bihavadis.com\/index.php\/wp-json\/wp\/v2\/posts\/48751","targetHints":{"allow":["GET"]}}],"collection":[{"href":"https:\/\/bihavadis.com\/index.php\/wp-json\/wp\/v2\/posts"}],"about":[{"href":"https:\/\/bihavadis.com\/index.php\/wp-json\/wp\/v2\/types\/post"}],"author":[{"embeddable":true,"href":"https:\/\/bihavadis.com\/index.php\/wp-json\/wp\/v2\/users\/1"}],"replies":[{"embeddable":true,"href":"https:\/\/bihavadis.com\/index.php\/wp-json\/wp\/v2\/comments?post=48751"}],"version-history":[{"count":1,"href":"https:\/\/bihavadis.com\/index.php\/wp-json\/wp\/v2\/posts\/48751\/revisions"}],"predecessor-version":[{"id":48753,"href":"https:\/\/bihavadis.com\/index.php\/wp-json\/wp\/v2\/posts\/48751\/revisions\/48753"}],"wp:featuredmedia":[{"embeddable":true,"href":"https:\/\/bihavadis.com\/index.php\/wp-json\/wp\/v2\/media\/48752"}],"wp:attachment":[{"href":"https:\/\/bihavadis.com\/index.php\/wp-json\/wp\/v2\/media?parent=48751"}],"wp:term":[{"taxonomy":"category","embeddable":true,"href":"https:\/\/bihavadis.com\/index.php\/wp-json\/wp\/v2\/categories?post=48751"},{"taxonomy":"post_tag","embeddable":true,"href":"https:\/\/bihavadis.com\/index.php\/wp-json\/wp\/v2\/tags?post=48751"}],"curies":[{"name":"wp","href":"https:\/\/api.w.org\/{rel}","templated":true}]}}