{"id":48757,"date":"2026-02-26T08:54:10","date_gmt":"2026-02-26T08:54:10","guid":{"rendered":"https:\/\/bihavadis.com\/?p=48757"},"modified":"2026-02-26T08:54:10","modified_gmt":"2026-02-26T08:54:10","slug":"tuncelide-ekiplerin-yollari-acmak-icin-calismasi-suruyor","status":"publish","type":"post","link":"https:\/\/bihavadis.com\/index.php\/2026\/02\/26\/tuncelide-ekiplerin-yollari-acmak-icin-calismasi-suruyor\/","title":{"rendered":"Tunceli&#8217;de ekiplerin yollar\u0131 a\u00e7mak i\u00e7in \u00e7al\u0131\u015fmas\u0131 s\u00fcr\u00fcyor"},"content":{"rendered":"<p>Tunceli&#8217;de yo\u011fun kar ya\u011f\u0131\u015f\u0131..<\/p>\n<p>Meteoroloji&#8217;nin uyar\u0131 yapt\u0131\u011f\u0131 Tunceli&#8217;de yo\u011fun kar ya\u011f\u0131\u015f\u0131 ve buzlanma nedeniyle 362 k\u00f6y yolunun b\u00fcy\u00fck bir k\u0131sm\u0131 ula\u015f\u0131ma kapand\u0131.<\/p>\n<p><strong>2 K\u00d6Y YOLUNDA \u00c7ALI\u015eMALAR S\u00dcR\u00dcYOR<\/strong><\/p>\n<p>Tunceli Valili\u011fi&#8217;nin koordinasyonu, \u0130l \u00d6zel \u0130daresi, karayollar\u0131 ve ilgili birimlerin yo\u011fun ve koordineli \u00e7al\u0131\u015fmas\u0131 neticesinde kapanan y\u00fczlerce k\u00f6y yoluna ula\u015f\u0131m yeniden sa\u011fland\u0131.<\/p>\n<p>\u00d6te yandan 2 k\u00f6y yolunda ise \u00e7al\u0131\u015fmalar\u0131n s\u00fcrd\u00fc\u011f\u00fc bildirildi.<\/p>\n<p><img decoding=\"async\" src=\"https:\/\/bihavadis.com\/wp-content\/uploads\/2026\/02\/tuncelide-ekiplerin-yollari-acmak-icin-calismasi-suruyor-0-6uLGZwOs.jpg\"\/><\/p>\n<p><img decoding=\"async\" src=\"https:\/\/bihavadis.com\/wp-content\/uploads\/2026\/02\/tuncelide-ekiplerin-yollari-acmak-icin-calismasi-suruyor-1-CKM2kAIi.jpg\"\/><\/p>\n<p><img decoding=\"async\" src=\"https:\/\/bihavadis.com\/wp-content\/uploads\/2026\/02\/tuncelide-ekiplerin-yollari-acmak-icin-calismasi-suruyor-2-X3sVsMX2.jpg\"\/><\/p>\n","protected":false},"excerpt":{"rendered":"<p>Tunceli&#8217;de yo\u011fun kar ya\u011f\u0131\u015f\u0131 ve buzlanma nedeniyle ula\u015f\u0131ma kapanan k\u00f6y yollar\u0131n\u0131n a\u00e7\u0131lmas\u0131 i\u00e7in ekipler aral\u0131ks\u0131z bir \u015fekilde \u00e7al\u0131\u015f\u0131yor.<\/p>\n","protected":false},"author":1,"featured_media":48758,"comment_status":"open","ping_status":"open","sticky":false,"template":"","format":"standard","meta":{"footnotes":""},"categories":[4,13],"tags":[],"class_list":["post-48757","post","type-post","status-publish","format-standard","has-post-thumbnail","hentry","category-gundem","category-son-dakika"],"_links":{"self":[{"href":"https:\/\/bihavadis.com\/index.php\/wp-json\/wp\/v2\/posts\/48757","targetHints":{"allow":["GET"]}}],"collection":[{"href":"https:\/\/bihavadis.com\/index.php\/wp-json\/wp\/v2\/posts"}],"about":[{"href":"https:\/\/bihavadis.com\/index.php\/wp-json\/wp\/v2\/types\/post"}],"author":[{"embeddable":true,"href":"https:\/\/bihavadis.com\/index.php\/wp-json\/wp\/v2\/users\/1"}],"replies":[{"embeddable":true,"href":"https:\/\/bihavadis.com\/index.php\/wp-json\/wp\/v2\/comments?post=48757"}],"version-history":[{"count":1,"href":"https:\/\/bihavadis.com\/index.php\/wp-json\/wp\/v2\/posts\/48757\/revisions"}],"predecessor-version":[{"id":48762,"href":"https:\/\/bihavadis.com\/index.php\/wp-json\/wp\/v2\/posts\/48757\/revisions\/48762"}],"wp:featuredmedia":[{"embeddable":true,"href":"https:\/\/bihavadis.com\/index.php\/wp-json\/wp\/v2\/media\/48758"}],"wp:attachment":[{"href":"https:\/\/bihavadis.com\/index.php\/wp-json\/wp\/v2\/media?parent=48757"}],"wp:term":[{"taxonomy":"category","embeddable":true,"href":"https:\/\/bihavadis.com\/index.php\/wp-json\/wp\/v2\/categories?post=48757"},{"taxonomy":"post_tag","embeddable":true,"href":"https:\/\/bihavadis.com\/index.php\/wp-json\/wp\/v2\/tags?post=48757"}],"curies":[{"name":"wp","href":"https:\/\/api.w.org\/{rel}","templated":true}]}}