{"id":48772,"date":"2026-02-26T09:06:32","date_gmt":"2026-02-26T09:06:32","guid":{"rendered":"https:\/\/bihavadis.com\/?p=48772"},"modified":"2026-02-26T09:06:32","modified_gmt":"2026-02-26T09:06:32","slug":"gazzede-cadirlar-arasinda-ramazan-hazirligi","status":"publish","type":"post","link":"https:\/\/bihavadis.com\/index.php\/2026\/02\/26\/gazzede-cadirlar-arasinda-ramazan-hazirligi\/","title":{"rendered":"Gazze\u2019de \u00e7ad\u0131rlar aras\u0131nda Ramazan haz\u0131rl\u0131\u011f\u0131"},"content":{"rendered":"<p>Gazze \u015eeridi\u2019nde \u0130srail\u2019in sald\u0131r\u0131lar\u0131 ve abluka ko\u015fullar\u0131 alt\u0131nda ya\u015fam m\u00fccadelesi veren Filistinliler, \u00fc\u00e7\u00fcnc\u00fc y\u0131l\u0131na giren \u00e7ad\u0131r hayat\u0131n\u0131n zorluklar\u0131na ra\u011fmen\u00a0Ramazan&#8217;\u0131 umutla kar\u015f\u0131l\u0131yor.<\/p>\n<p>Han Yunus kentindeki Necat M\u00fclteci Kamp\u0131 sakinleri, yokluk ve belirsizlik i\u00e7inde daha g\u00fczel ramazanlar\u0131n hayalini kuruyor.<\/p>\n<p><strong>\u00c7ADIRLAR FENER VE BAYRAKLARLA S\u00dcSLEND\u0130<\/strong><\/p>\n<p>Kamp sakinleri, ramazan hilalinin \u00e7ad\u0131rlarda da s\u00f6nmeyece\u011fini g\u00f6stermek i\u00e7in kollar\u0131 s\u0131vad\u0131. \u00c7ad\u0131rlara <b><em>\u201cHay\u0131rl\u0131 Ramazanlar\u201d <\/em><\/b>yaz\u0131lar\u0131 as\u0131ld\u0131, kartonlardan fenerler yap\u0131ld\u0131, kamp alan\u0131 Filistin bayraklar\u0131yla donat\u0131ld\u0131.<\/p>\n<p>Ak\u015famlar\u0131 ayd\u0131nlatma sa\u011flamak i\u00e7in bayraklar\u0131n aras\u0131na lambalar ve led \u0131\u015f\u0131klar yerle\u015ftirilirken, mescidin dire\u011fine dev bir ramazan feneri as\u0131ld\u0131. \u00c7ocuklar i\u00e7in kamp meydan\u0131na sal\u0131ncak ve trambolin kurularak k\u00fc\u00e7\u00fck de olsa bir bayram havas\u0131 olu\u015fturulmaya \u00e7al\u0131\u015f\u0131ld\u0131.<\/p>\n<p><img decoding=\"async\" src=\"https:\/\/bihavadis.com\/wp-content\/uploads\/2026\/02\/gazzede-cadirlar-arasinda-ramazan-hazirligi-0-1m8FsOSI.jpg\"\/><\/p>\n<p><strong>&#8220;SOFRADA K\u0130MSE EKS\u0130K OLMASIN&#8221;<\/strong><\/p>\n<p>Ramazan&#8217;\u0131n s\u00fcslemeler, iftar ve sahur bulu\u015fmalar\u0131yla anlam kazand\u0131\u011f\u0131n\u0131 belirten Fucu, \u0130slam d\u00fcnyas\u0131na \u015fu \u00e7a\u011fr\u0131da bulundu:<\/p>\n<p><img decoding=\"async\" src=\"https:\/\/bihavadis.com\/wp-content\/uploads\/2026\/02\/gazzede-cadirlar-arasinda-ramazan-hazirligi-1-15r7EykK.jpg\"\/><\/p>\n<p>Yahudilere, sava\u015f\u0131 durdurmalar\u0131n\u0131, Ramazan ay\u0131nda bizi bombalamamalar\u0131n\u0131 s\u00f6ylesinler. \u00c7\u00fcnk\u00fc bu m\u00fcbarek ayda kimseyi kaybetmek istemiyoruz. Biz sofraya oturdu\u011fumuzda birinin eksik olmas\u0131n\u0131 istemiyoruz. Pek \u00e7ok aile yar\u0131n o sofraya fertleri eksik bir \u015fekilde oturacak.<\/p>\n<p>Eski Ramazanlar\u0131 \u00f6zlemle and\u0131\u011f\u0131n\u0131 ifade eden Fucu, sava\u015f\u0131n geride b\u00fcy\u00fck kay\u0131plar ve derin yaralar b\u0131rakt\u0131\u011f\u0131n\u0131 dile getirdi.<\/p>\n<p><img decoding=\"async\" src=\"https:\/\/bihavadis.com\/wp-content\/uploads\/2026\/02\/gazzede-cadirlar-arasinda-ramazan-hazirligi-2-7t2bnV1d.jpg\"\/><\/p>\n<p><strong>&#8220;RAMAZAN&#8217;I EV\u0130M\u0130ZDE KAR\u015eILAYACA\u011eIZ&#8221;<\/strong><\/p>\n<p><b><em>\u201cRamazan ay\u0131n\u0131 b\u00fcy\u00fck bir mutluluk ve evimize d\u00f6nme umuduyla kar\u015f\u0131lad\u0131k. Refah\u2019\u0131 \u00e7ok \u00f6zledik ama in\u015fallah en k\u0131sa zamanda evimize d\u00f6nece\u011fiz. Burada kalmayaca\u011f\u0131z, in\u015fallah d\u00f6nece\u011fiz.\u201d<\/em><\/b> s\u00f6zleriyle temennisini dile getiren Zu\u011frub, ramazan\u0131 \u00e7ad\u0131rlarda de\u011fil evlerinde kar\u015f\u0131lad\u0131klar\u0131 g\u00fcnlerin hayalini kurduklar\u0131n\u0131 s\u00f6yledi.<\/p>\n<p><img decoding=\"async\" src=\"https:\/\/bihavadis.com\/wp-content\/uploads\/2026\/02\/gazzede-cadirlar-arasinda-ramazan-hazirligi-3-WFJPctmM.jpg\"\/><\/p>\n<p><strong>&#8220;BU YIL DAHA \u0130Y\u0130 OLSUN&#8221;<\/strong><\/p>\n<p>Kamp sakinlerinden Ebu Mahmud A\u015fur ise Refah\u2019tan Han Yunus\u2019a g\u00f6\u00e7 ettiklerini belirterek, Gazzelilerin bu y\u0131l da Ramazan&#8217;\u0131 zorlu ko\u015fullar alt\u0131nda kar\u015f\u0131lad\u0131\u011f\u0131n\u0131 ifade etti.<\/p>\n<p>A\u015fur, <em><b>\u201cBu y\u0131lki\u00a0Ramazan<\/b><\/em><em><b>, in\u015fallah \u00f6ncekilerden daha iyi olur\u201d<\/b><\/em> diyerek bar\u0131\u015f ve huzur temennisinde bulundu.<\/p>\n<p>Sava\u015f\u0131n g\u00f6lgesinde ge\u00e7en y\u0131llara ra\u011fmen Necat Kamp\u0131\u2019nda y\u00fckselen s\u00fcslemeler ve \u00e7ocuklar\u0131n ne\u015fesi, Gazzelilerin umudu ayakta tutma \u00e7abas\u0131n\u0131 g\u00f6zler \u00f6n\u00fcne serdi.<\/p>\n<p><img decoding=\"async\" src=\"https:\/\/bihavadis.com\/wp-content\/uploads\/2026\/02\/gazzede-cadirlar-arasinda-ramazan-hazirligi-4-I2heUVz6.jpg\"\/><\/p>\n<p><img decoding=\"async\" src=\"https:\/\/bihavadis.com\/wp-content\/uploads\/2026\/02\/gazzede-cadirlar-arasinda-ramazan-hazirligi-5-sK2Hw6rN.jpg\"\/><\/p>\n<p><img decoding=\"async\" src=\"https:\/\/bihavadis.com\/wp-content\/uploads\/2026\/02\/gazzede-cadirlar-arasinda-ramazan-hazirligi-6-Qel8fbgk.jpg\"\/><\/p>\n<p><img decoding=\"async\" src=\"https:\/\/bihavadis.com\/wp-content\/uploads\/2026\/02\/gazzede-cadirlar-arasinda-ramazan-hazirligi-7-8Jw6v1ae.jpg\"\/><\/p>\n<p><img decoding=\"async\" src=\"https:\/\/bihavadis.com\/wp-content\/uploads\/2026\/02\/gazzede-cadirlar-arasinda-ramazan-hazirligi-8-5PcW5SAf.jpg\"\/><\/p>\n<p><img decoding=\"async\" src=\"https:\/\/bihavadis.com\/wp-content\/uploads\/2026\/02\/gazzede-cadirlar-arasinda-ramazan-hazirligi-9-VIGqAhVE.jpg\"\/><\/p>\n<p><img decoding=\"async\" src=\"https:\/\/bihavadis.com\/wp-content\/uploads\/2026\/02\/gazzede-cadirlar-arasinda-ramazan-hazirligi-10-kq8UG1k3.jpg\"\/><\/p>\n<p><img decoding=\"async\" src=\"https:\/\/bihavadis.com\/wp-content\/uploads\/2026\/02\/gazzede-cadirlar-arasinda-ramazan-hazirligi-11-GURJ3Yix.jpg\"\/><\/p>\n<p><img decoding=\"async\" src=\"https:\/\/bihavadis.com\/wp-content\/uploads\/2026\/02\/gazzede-cadirlar-arasinda-ramazan-hazirligi-12-H4PV8gqp.jpg\"\/><\/p>\n<p><img decoding=\"async\" src=\"https:\/\/bihavadis.com\/wp-content\/uploads\/2026\/02\/gazzede-cadirlar-arasinda-ramazan-hazirligi-13-xh4cdCWc.jpg\"\/><\/p>\n<p><img decoding=\"async\" src=\"https:\/\/bihavadis.com\/wp-content\/uploads\/2026\/02\/gazzede-cadirlar-arasinda-ramazan-hazirligi-14-eaK5n5Hv.jpg\"\/><\/p>\n<p><img decoding=\"async\" src=\"https:\/\/bihavadis.com\/wp-content\/uploads\/2026\/02\/gazzede-cadirlar-arasinda-ramazan-hazirligi-15-dvgWO2fW.jpg\"\/><\/p>\n<p><img decoding=\"async\" src=\"https:\/\/bihavadis.com\/wp-content\/uploads\/2026\/02\/gazzede-cadirlar-arasinda-ramazan-hazirligi-16-qb33kf92.jpg\"\/><\/p>\n<p><img decoding=\"async\" src=\"https:\/\/bihavadis.com\/wp-content\/uploads\/2026\/02\/gazzede-cadirlar-arasinda-ramazan-hazirligi-17-77GRUVAK.jpg\"\/><\/p>\n<p><img decoding=\"async\" src=\"https:\/\/bihavadis.com\/wp-content\/uploads\/2026\/02\/gazzede-cadirlar-arasinda-ramazan-hazirligi-18-aiQihhgv.jpg\"\/><\/p>\n<p><img decoding=\"async\" src=\"https:\/\/bihavadis.com\/wp-content\/uploads\/2026\/02\/gazzede-cadirlar-arasinda-ramazan-hazirligi-19-ZPKqR1pK.jpg\"\/><\/p>\n<p><img decoding=\"async\" src=\"https:\/\/bihavadis.com\/wp-content\/uploads\/2026\/02\/gazzede-cadirlar-arasinda-ramazan-hazirligi-20-5iiCUWIC.jpg\"\/><\/p>\n<p><img decoding=\"async\" src=\"https:\/\/bihavadis.com\/wp-content\/uploads\/2026\/02\/gazzede-cadirlar-arasinda-ramazan-hazirligi-21-54MX351Q.jpg\"\/><\/p>\n<p><img decoding=\"async\" src=\"https:\/\/bihavadis.com\/wp-content\/uploads\/2026\/02\/gazzede-cadirlar-arasinda-ramazan-hazirligi-22-8lLCbIKw.jpg\"\/><\/p>\n<p><img decoding=\"async\" src=\"https:\/\/bihavadis.com\/wp-content\/uploads\/2026\/02\/gazzede-cadirlar-arasinda-ramazan-hazirligi-23-iyDDbJuF.jpg\"\/><\/p>\n<p><img decoding=\"async\" src=\"https:\/\/bihavadis.com\/wp-content\/uploads\/2026\/02\/gazzede-cadirlar-arasinda-ramazan-hazirligi-24-dmbNrpXa.jpg\"\/><\/p>\n<p><img decoding=\"async\" src=\"https:\/\/bihavadis.com\/wp-content\/uploads\/2026\/02\/gazzede-cadirlar-arasinda-ramazan-hazirligi-25-q2PRkVxa.jpg\"\/><\/p>\n<p><img decoding=\"async\" src=\"https:\/\/bihavadis.com\/wp-content\/uploads\/2026\/02\/gazzede-cadirlar-arasinda-ramazan-hazirligi-26-k7erhsvM.jpg\"\/><\/p>\n<p><img decoding=\"async\" src=\"https:\/\/bihavadis.com\/wp-content\/uploads\/2026\/02\/gazzede-cadirlar-arasinda-ramazan-hazirligi-27-t9jaS5bN.jpg\"\/><\/p>\n<p><img decoding=\"async\" src=\"https:\/\/bihavadis.com\/wp-content\/uploads\/2026\/02\/gazzede-cadirlar-arasinda-ramazan-hazirligi-28-2w59d6s3.jpg\"\/><\/p>\n<p><img decoding=\"async\" src=\"https:\/\/bihavadis.com\/wp-content\/uploads\/2026\/02\/gazzede-cadirlar-arasinda-ramazan-hazirligi-29-4u3S7K8v.jpg\"\/><\/p>\n","protected":false},"excerpt":{"rendered":"<p>Gazze \u015eeridi\u2019nin g\u00fcneyindeki Han Yunus kentinde bulunan Necat M\u00fclteci Kamp\u0131\u2019nda ya\u015fayan Filistinliler, sava\u015f\u0131n ve yoksunlu\u011fun g\u00f6lgesinde Ramazan ay\u0131na haz\u0131rlan\u0131yor.<\/p>\n","protected":false},"author":1,"featured_media":48773,"comment_status":"open","ping_status":"open","sticky":false,"template":"","format":"standard","meta":{"footnotes":""},"categories":[6],"tags":[1898,2744,2714],"class_list":["post-48772","post","type-post","status-publish","format-standard","has-post-thumbnail","hentry","category-dunya","tag-cadir","tag-kamp","tag-ramazan"],"_links":{"self":[{"href":"https:\/\/bihavadis.com\/index.php\/wp-json\/wp\/v2\/posts\/48772","targetHints":{"allow":["GET"]}}],"collection":[{"href":"https:\/\/bihavadis.com\/index.php\/wp-json\/wp\/v2\/posts"}],"about":[{"href":"https:\/\/bihavadis.com\/index.php\/wp-json\/wp\/v2\/types\/post"}],"author":[{"embeddable":true,"href":"https:\/\/bihavadis.com\/index.php\/wp-json\/wp\/v2\/users\/1"}],"replies":[{"embeddable":true,"href":"https:\/\/bihavadis.com\/index.php\/wp-json\/wp\/v2\/comments?post=48772"}],"version-history":[{"count":1,"href":"https:\/\/bihavadis.com\/index.php\/wp-json\/wp\/v2\/posts\/48772\/revisions"}],"predecessor-version":[{"id":48804,"href":"https:\/\/bihavadis.com\/index.php\/wp-json\/wp\/v2\/posts\/48772\/revisions\/48804"}],"wp:featuredmedia":[{"embeddable":true,"href":"https:\/\/bihavadis.com\/index.php\/wp-json\/wp\/v2\/media\/48773"}],"wp:attachment":[{"href":"https:\/\/bihavadis.com\/index.php\/wp-json\/wp\/v2\/media?parent=48772"}],"wp:term":[{"taxonomy":"category","embeddable":true,"href":"https:\/\/bihavadis.com\/index.php\/wp-json\/wp\/v2\/categories?post=48772"},{"taxonomy":"post_tag","embeddable":true,"href":"https:\/\/bihavadis.com\/index.php\/wp-json\/wp\/v2\/tags?post=48772"}],"curies":[{"name":"wp","href":"https:\/\/api.w.org\/{rel}","templated":true}]}}