{"id":48808,"date":"2026-02-26T09:12:07","date_gmt":"2026-02-26T09:12:07","guid":{"rendered":"https:\/\/bihavadis.com\/?p=48808"},"modified":"2026-02-26T09:12:07","modified_gmt":"2026-02-26T09:12:07","slug":"ramazanda-baklavaya-zam-yok","status":"publish","type":"post","link":"https:\/\/bihavadis.com\/index.php\/2026\/02\/26\/ramazanda-baklavaya-zam-yok\/","title":{"rendered":"Ramazan&#8217;da baklavaya zam yok"},"content":{"rendered":"<p>11 ay\u0131n sultan\u0131 Ramazan ay\u0131 Per\u015fembe (19 \u015eubat) g\u00fcn\u00fc ba\u015flayacak.<\/p>\n<p>Ramazan ay\u0131 \u00f6ncesinde g\u0131da al\u0131\u015fveri\u015fleri yap\u0131l\u0131yor.<\/p>\n<p>Ay boyunca k\u0131rm\u0131z\u0131 et ve tatl\u0131 sofralar\u0131n vazge\u00e7ilmezi olacak.<\/p>\n<p>Bu s\u00fcre\u00e7te \u0130stanbul ve Ankara&#8217;da bulunan PERDER \u00fcyesi zincir marketler, Et ve S\u00fct Kurumu (ESK) i\u015f birli\u011fine giderek, k\u0131rm\u0131z\u0131 etin ve tereya\u011f\u0131n fiyatlar\u0131 sabitledi.\u00a0<\/p>\n<p>Kuru g\u0131da ve yemi\u015f toptanc\u0131lar\u0131 da bu karara kat\u0131ld\u0131klar\u0131n\u0131 beyan etti.<\/p>\n<p>Tar\u0131m Kooperatif&#8217;in KOOP MARKET ma\u011fazalar\u0131 da fiyatlarda Ramazan boyunca fiyat indirimine gitti.<\/p>\n<p>Vatanda\u015f\u0131n g\u0131daya eri\u015fimini kolayla\u015ft\u0131rmak i\u00e7in ilan edilen bu a\u00e7\u0131klama bug\u00fcn bir yenisi daha eklendi.<\/p>\n<p><strong>&#8220;RAMAZAN&#8217;DA BAKLAVAYA ZAM YOK&#8221;<\/strong><\/p>\n<p>Ramazan ay\u0131nda baklavaya zam yap\u0131lmayaca\u011f\u0131n\u0131 dile getiren Baklava ve Tatl\u0131 \u00dcreticileri Derne\u011fi (BAKTAD) Ba\u015fkan\u0131 Mehmet Y\u0131ld\u0131r\u0131m, <b><em>&#8220;Ramazanda g\u00fcnl\u00fck ortalama 3 bin ton baklava t\u00fcketilece\u011fini \u00f6ng\u00f6r\u00fcyoruz. Tabii bayramda biraz daha fazla oluyor. Bayramda ise (g\u00fcnl\u00fck) 5 bin ton baklava t\u00fcketilece\u011fini \u00f6ng\u00f6r\u00fcyoruz. <\/em><\/b><\/p>\n<p><b><em>T\u00fcketicilerimiz rahat olsunlar. Ramazanda ve Ramazan Bayram\u0131&#8217;nda baklava sekt\u00f6r\u00fc olarak kesinlikle zam yapmayaca\u011f\u0131z.&#8221;<\/em><\/b> a\u00e7\u0131klamas\u0131nda bulundu.<\/p>\n<p><img decoding=\"async\" src=\"https:\/\/bihavadis.com\/wp-content\/uploads\/2026\/02\/ramazanda-baklavaya-zam-yok-0-JbgZuhlh.jpg\"\/><\/p>\n<p><strong>&#8220;RAMAZAN&#8217;DA TATLI T\u00dcKET\u0130M\u0130 ARTIYOR&#8221;<\/strong><\/p>\n<p>G\u00fcn boyu a\u00e7 kalan ve kan \u015fekeri d\u00fc\u015fen ki\u015filerin\u00a0baklava\u00a0ve tatl\u0131ya daha \u00e7ok ilgi g\u00f6sterdi\u011fini anlatan Y\u0131ld\u0131r\u0131m, <b><em>&#8220;Baklava\u00a0milli tatl\u0131m\u0131z.&#8221;<\/em><\/b> diyerek, Ramazan&#8217;da tatl\u0131 t\u00fcketiminin en az iki kat, bayramda ise \u00fc\u00e7 kat artt\u0131\u011f\u0131n\u0131 vurgulad\u0131.<\/p>\n<p>Ramazanda tatl\u0131 t\u00fcketiminin en az iki kat, bayramda ise \u00fc\u00e7 kat artt\u0131\u011f\u0131n\u0131 vurgulayan Y\u0131ld\u0131r\u0131m, <b><em>&#8220;Yapt\u0131\u011f\u0131m\u0131z ortalama hesaplara g\u00f6re ramazanda g\u00fcnl\u00fck ortalama 3 bin ton\u00a0baklava\u00a0t\u00fcketilece\u011fini \u00f6ng\u00f6r\u00fcyoruz. Tabii bayramda biraz daha fazla oluyor. Bayramda ise (g\u00fcnl\u00fck) 5 bin ton\u00a0baklava\u00a0t\u00fcketilece\u011fini \u00f6ng\u00f6r\u00fcyoruz.<\/em><\/b>&#8221; ifadelerini kulland\u0131.<\/p>\n<p><strong>&#8220;F\u0130YATLAR 300 L\u0130RADAN BA\u015eLIYOR&#8221;<\/strong><\/p>\n<p>BAKTAD Ba\u015fkan\u0131 Y\u0131ld\u0131r\u0131m, Ramazan ay\u0131n\u0131n ve bayram\u0131n dayan\u0131\u015fma ve karde\u015flik duygusu i\u00e7erisinde ge\u00e7mesi gerekti\u011fini belirterek,<b><em> &#8220;T\u00fcketicilerimiz rahat olsunlar. Ramazanda ve Ramazan Bayram\u0131&#8217;nda\u00a0baklava\u00a0sekt\u00f6r\u00fc olarak kesinlikle zam yapmayaca\u011f\u0131z. Bu zams\u0131z g\u00fcnlerin de uzamas\u0131n\u0131 diliyoruz. Hatta biz &#8216;hi\u00e7bir zaman zam yapmayal\u0131m&#8217; istiyoruz.&#8221;<\/em><\/b> \u015feklinde konu\u015ftu.<\/p>\n<p><img decoding=\"async\" src=\"https:\/\/bihavadis.com\/wp-content\/uploads\/2026\/02\/ramazanda-baklavaya-zam-yok-1-UM8pd7ha.jpg\"\/><\/p>\n<p><strong>BAKLAVA F\u0130YATLARI<\/strong><\/p>\n<p>Baklava\u00a0fiyatlar\u0131na ili\u015fkin bilgi veren Y\u0131ld\u0131r\u0131m, s\u00f6zlerini \u015f\u00f6yle s\u00fcrd\u00fcrd\u00fc:<\/p>\n<p>T\u00fcketici, ekonomik durumuna g\u00f6re her t\u00fcrl\u00fc fiyattan baklava bulabiliyor. Baklava fiyatlar\u0131 300 liradan ba\u015fl\u0131yor, 2 bin liraya kadar \u00e7\u0131k\u0131yor. Kaliteye g\u00f6re de\u011fi\u015fiyor ama birinci kalite, y\u00fczde 100 tereya\u011fl\u0131, bol f\u0131st\u0131kl\u0131, el i\u015f\u00e7ili\u011fiyle yap\u0131lm\u0131\u015f bir baklavay\u0131 keyifle yemek istedi\u011finizde 1800-2 bin lira aras\u0131nda fiyatlar oluyor. Baklavada fiyat\u0131 olu\u015fturan as\u0131l etken i\u00e7erisine kulland\u0131\u011f\u0131n\u0131z ham madde ve malzemenin kalitesiyle alakal\u0131. Bir de el i\u015f\u00e7ili\u011fi olunca ustal\u0131k ciddi manada maliyet getiriyor. Bunu da g\u00f6z ard\u0131 etmemek laz\u0131m.<\/p>\n<p><strong>&#8220;UCUZ \u00dcR\u00dcNE \u015e\u00dcPHE \u0130LE BAKIN&#8221;<\/strong><\/p>\n<p>Mehmet Y\u0131ld\u0131r\u0131m,\u00a0baklava\u00a0veya tatl\u0131 al\u0131rken \u00e7ok ucuz \u00fcr\u00fcnlere \u015f\u00fcpheyle bak\u0131lmas\u0131 gerekti\u011fini belirterek, <b><em>&#8220;Bilinen ve g\u00fcvenilir yerlerden al\u0131\u015fveri\u015f yapmak laz\u0131m ki sa\u011fl\u0131\u011f\u0131m\u0131z\u0131 tehlikeye atmam\u0131\u015f oluruz. 500 liral\u0131k, 600 liral\u0131k, 700 liral\u0131k\u00a0baklava\u00a0yenmez mi? Yenir ama dedi\u011fim gibi biraz kalitesi d\u00fc\u015f\u00fck olur.&#8221;<\/em><\/b> dedi.<\/p>\n","protected":false},"excerpt":{"rendered":"<p>Baklavac\u0131lar\u0131n ba\u011fl\u0131 oldu\u011fu BAKTAD Ba\u015fkan\u0131 Mehmet Y\u0131ld\u0131r\u0131m, Ramazan&#8217;da ve Ramazan Bayram\u0131&#8217;nda s\u0131k t\u00fcketilen baklavaya zam yap\u0131lmayaca\u011f\u0131n\u0131 a\u00e7\u0131klayarak &#8220;T\u00fcketicilerimiz rahat olsun.&#8221; dedi.<\/p>\n","protected":false},"author":1,"featured_media":48809,"comment_status":"open","ping_status":"open","sticky":false,"template":"","format":"standard","meta":{"footnotes":""},"categories":[8],"tags":[3575,412,801,2714,699],"class_list":["post-48808","post","type-post","status-publish","format-standard","has-post-thumbnail","hentry","category-ekonomi","tag-baklava","tag-fiyat","tag-lira","tag-ramazan","tag-tatli"],"_links":{"self":[{"href":"https:\/\/bihavadis.com\/index.php\/wp-json\/wp\/v2\/posts\/48808","targetHints":{"allow":["GET"]}}],"collection":[{"href":"https:\/\/bihavadis.com\/index.php\/wp-json\/wp\/v2\/posts"}],"about":[{"href":"https:\/\/bihavadis.com\/index.php\/wp-json\/wp\/v2\/types\/post"}],"author":[{"embeddable":true,"href":"https:\/\/bihavadis.com\/index.php\/wp-json\/wp\/v2\/users\/1"}],"replies":[{"embeddable":true,"href":"https:\/\/bihavadis.com\/index.php\/wp-json\/wp\/v2\/comments?post=48808"}],"version-history":[{"count":1,"href":"https:\/\/bihavadis.com\/index.php\/wp-json\/wp\/v2\/posts\/48808\/revisions"}],"predecessor-version":[{"id":48812,"href":"https:\/\/bihavadis.com\/index.php\/wp-json\/wp\/v2\/posts\/48808\/revisions\/48812"}],"wp:featuredmedia":[{"embeddable":true,"href":"https:\/\/bihavadis.com\/index.php\/wp-json\/wp\/v2\/media\/48809"}],"wp:attachment":[{"href":"https:\/\/bihavadis.com\/index.php\/wp-json\/wp\/v2\/media?parent=48808"}],"wp:term":[{"taxonomy":"category","embeddable":true,"href":"https:\/\/bihavadis.com\/index.php\/wp-json\/wp\/v2\/categories?post=48808"},{"taxonomy":"post_tag","embeddable":true,"href":"https:\/\/bihavadis.com\/index.php\/wp-json\/wp\/v2\/tags?post=48808"}],"curies":[{"name":"wp","href":"https:\/\/api.w.org\/{rel}","templated":true}]}}