{"id":48858,"date":"2026-02-26T09:39:22","date_gmt":"2026-02-26T09:39:22","guid":{"rendered":"https:\/\/bihavadis.com\/?p=48858"},"modified":"2026-02-26T09:39:22","modified_gmt":"2026-02-26T09:39:22","slug":"hazir-giyim-ve-moda-fuari-istanbulda-basladi","status":"publish","type":"post","link":"https:\/\/bihavadis.com\/index.php\/2026\/02\/26\/hazir-giyim-ve-moda-fuari-istanbulda-basladi\/","title":{"rendered":"Haz\u0131r Giyim ve Moda Fuar\u0131 \u0130stanbul&#8217;da Ba\u015flad\u0131"},"content":{"rendered":"<p>\n<p>T\u0130CARET Bakan Yard\u0131mc\u0131s\u0131 \u00d6zg\u00fcr Volkan A\u011far, \u0130stanbul Fuar Merkezi&#8217;nde 9&#8217;uncu kez kap\u0131lar\u0131n\u0131 a\u00e7an Haz\u0131r Giyim ve Moda Fuar\u0131&#8217;nda (IFCO) konu\u015ftu. A\u011far, &#8220;Bug\u00fcn d\u00fcnyada h\u0131zl\u0131 teslimat, esnek \u00fcretim, s\u00fcrd\u00fcr\u00fclebilirlik ve kalite gibi alanlarda \u00f6ne \u00e7\u0131kan T\u00fcrk haz\u0131r giyim ve konfeksiyon sekt\u00f6r\u00fcm\u00fcz, d\u00fcnyan\u0131n d\u00f6rt bir yan\u0131nda tercih edilen g\u00fcvenilir bir tedarik\u00e7i konumundad\u0131r&#8221; dedi. Fuar\u0131 de\u011ferlendiren T\u00fcrkiye \u0130hracat\u00e7\u0131lar Meclisi (T\u0130M) Ba\u015fkan\u0131 Mustafa G\u00fcltepe ise, &#8220;Haz\u0131r giyim sekt\u00f6r\u00fc bir fuar kazand\u0131. Bu b\u00fcy\u00fck bir \u015fey. Herkes bu fuar\u0131 takip ediyor. 30 bin ile 40 bin ki\u015fi aras\u0131nda ziyaret\u00e7i geliyor. Bizim amac\u0131m\u0131z, hem mal sekt\u00f6r\u00fcn\u00fc hem de hizmet sekt\u00f6r\u00fcn\u00fc orta vadede T\u00fcrkiye&#8217;nin d\u00fcnyada ilk 10 \u00fclke aras\u0131na girmesi&#8221; diye konu\u015ftu.<\/p>\n<p>\u0130stanbul Haz\u0131r Giyim ve Konfeksiyon \u0130hracat\u00e7\u0131lar\u0131 Birli\u011fi (\u0130HK\u0130B) taraf\u0131ndan d\u00fczenlenen \u0130stanbul Haz\u0131r Giyim ve Moda Fuar\u0131 (IFCO), \u0130stanbul Fuar Merkezi&#8217;nde bug\u00fcn kap\u0131lar\u0131n\u0131 a\u00e7t\u0131. Fuar\u0131n resmi a\u00e7\u0131l\u0131\u015f\u0131, Ticaret Bakan Yard\u0131mc\u0131s\u0131 \u00d6zg\u00fcr Volkan A\u011far ve T\u00fcrkiye \u0130hracat\u00e7\u0131lar Meclisi (T\u0130M) Ba\u015fkan\u0131 Mustafa G\u00fcltepe&#8217;nin kat\u0131l\u0131m\u0131yla ger\u00e7ekle\u015fti. K\u00fcresel markalar\u0131n al\u0131m gruplar\u0131n\u0131n ve moda profesyonellerinin ilgi g\u00f6sterdi\u011fi fuara, be\u015f k\u0131tadan yakla\u015f\u0131k 30 bin ziyaret\u00e7inin kat\u0131lmas\u0131 bekleniyor.<\/p>\n<p>&#8216;T\u00dcRK\u0130YE&#8217;N\u0130N \u0130HRACAT H\u0130KAYES\u0130NDE, HER ZAMAN \u0130LK SAYFALARDA YER ALDI&#8217;<\/p>\n<p>A\u00e7\u0131l\u0131\u015f t\u00f6reninde konu\u015fan Ticaret Bakan Yard\u0131mc\u0131s\u0131 \u00d6zg\u00fcr Volkan A\u011far, &#8220;\u0130hracat\u0131m\u0131z\u0131 bug\u00fcn hep birlikte 396 milyar dolarl\u0131k seviyelere ula\u015ft\u0131rd\u0131ysak, bunda tabiiki de haz\u0131r giyim ve konfeksiyon sekt\u00f6r\u00fcm\u00fcz\u00fcn \u00e7ok b\u00fcy\u00fck katk\u0131lar\u0131 var. T\u00fcrkiye&#8217;nin ihracat hikayesi yaz\u0131l\u0131rken, her zaman bu hikayenin ilk sayfalar\u0131nda yer alan, k\u00f6kl\u00fc sanayi gelene\u011fine sahip olan haz\u0131r giyim sekt\u00f6r\u00fcm\u00fcz, 2024 y\u0131l\u0131nda 19,7 milyar dolarl\u0131k ihracatla d\u00fcnya s\u0131ralamas\u0131nda yine 7&#8217;nci, Avrupa Birli\u011fi&#8217;nde ise yine 3&#8217;\u00fcnc\u00fc s\u0131radaki g\u00fc\u00e7l\u00fc konumunu s\u00fcrd\u00fcrm\u00fc\u015ft\u00fcr. 2025 y\u0131l\u0131nda ise k\u00fcresel ekonomik yava\u015flama, sipari\u015f hacimlerindeki daralma ve uluslararas\u0131 ticarette artan belirsizliklere ra\u011fmen sekt\u00f6r ihracat\u0131m\u0131z 18,6 milyar dolar seviyesinde ger\u00e7ekle\u015ferek, net ihracat\u00e7\u0131 pozisyonunu da ba\u015far\u0131yla s\u00fcrd\u00fcrm\u00fc\u015ft\u00fcr. \u0130hracat fazlas\u0131, d\u0131\u015f ticaret fazlas\u0131 bu sekt\u00f6r\u00fcm\u00fczde 14,1 milyar dolard\u0131r&#8221; diye konu\u015ftu.<\/p>\n<p>&#8216;T\u00dcRK HAZIR G\u0130Y\u0130M VE KONFEKS\u0130YON SEKT\u00d6R\u00dcM\u00dcZ, TERC\u0130H ED\u0130LEN G\u00dcVEN\u0130L\u0130R B\u0130R TEDAR\u0130K\u00c7\u0130 KONUMUNDADIR&#8217;<\/p>\n<p>A\u011far, &#8220;Bug\u00fcn d\u00fcnyada h\u0131zl\u0131 teslimat, esnek \u00fcretim, s\u00fcrd\u00fcr\u00fclebilirlik ve kalite gibi alanlarda \u00f6ne \u00e7\u0131kan T\u00fcrk haz\u0131r giyim ve konfeksiyon sekt\u00f6r\u00fcm\u00fcz, d\u00fcnyan\u0131n d\u00f6rt bir yan\u0131nda tercih edilen g\u00fcvenilir bir tedarik\u00e7i konumundad\u0131r. Ancak \u015fu da bir ger\u00e7ek ki; g\u00fcn\u00fcm\u00fczde d\u00fcnya sahnesinde kal\u0131c\u0131 olmak, g\u00fc\u00e7l\u00fc markalar yaratmakla, g\u00fcven veren \u00fcr\u00fcnler \u00fcretmekle m\u00fcmk\u00fcn. K\u00fcresel \u00f6l\u00e7ekte g\u00fc\u00e7l\u00fc bir konum elde etmek ve bunu s\u00fcrd\u00fcr\u00fclebilir k\u0131lmak, T\u00fcrk haz\u0131r giyim sekt\u00f6r\u00fcn\u00fcn tasar\u0131m, markala\u015fma ve ye\u015fil d\u00f6n\u00fc\u015f\u00fcm alanlar\u0131na odaklanarak rekabet avantaj\u0131 sa\u011flamas\u0131yla m\u00fcmk\u00fcn olacakt\u0131r. Biz de dijitalle\u015fmeden s\u00fcrd\u00fcr\u00fclebilirli\u011fe, ihracat\u0131n finansman\u0131ndan pazar \u00e7e\u015fitlendirmeye, e\u011fitimden markala\u015fmaya, \u00f6zel sekt\u00f6r\u00fcm\u00fczle el ele vererek y\u00fcr\u00fctt\u00fc\u011f\u00fcm\u00fcz daha bir\u00e7ok faaliyetimizle sizleri desteklemeye, rekabet g\u00fcc\u00fcn\u00fcz\u00fc art\u0131rmaya devam ediyoruz&#8221; ifadelerini kulland\u0131.<\/p>\n<p>&#8216;2025 YILINDA YAKLA\u015eIK 33 M\u0130LYAR TL TUTARINDA B\u0130R DESTEK SUNDUK&#8217;<\/p>\n<p>A\u011far son olarak, &#8220;Nitekim 2025 y\u0131l\u0131nda yakla\u015f\u0131k 33 milyar TL tutar\u0131nda bir deste\u011fi ihracat\u00e7\u0131lar\u0131m\u0131za sunduk. 2026 y\u0131l\u0131nda toplam 45 milyar lira tutar\u0131nda bir b\u00fct\u00e7e \u00f6ng\u00f6r\u00fcyoruz. Tekstil ve haz\u0131r giyim sekt\u00f6r\u00fcm\u00fcz\u00fcn de Bakanl\u0131\u011f\u0131m\u0131z desteklerinden \u00e7ok aktif bir \u015fekilde faydaland\u0131\u011f\u0131n\u0131 g\u00f6rmekten b\u00fcy\u00fck bir memnuniyet duyuyorum&#8221; dedi.<\/p>\n<p>&#8216;T\u00dcRK\u0130YE \u00dcRET\u0130MDEN B\u00dcY\u00dcS\u00dcN&#8217;<\/p>\n<p>T\u00fcrkiye \u0130hracat\u00e7\u0131lar Meclisi (T\u0130M) Ba\u015fkan\u0131 Mustafa G\u00fcltepe de yapt\u0131\u011f\u0131 konu\u015fmada ger\u00e7ekle\u015fen fuar\u0131 de\u011ferlendirerek, &#8220;Haz\u0131r giyim sekt\u00f6r\u00fc bir fuar kazand\u0131. Bu b\u00fcy\u00fck bir \u015fey. Art\u0131k takibe girdi, herkes bu fuar\u0131 takip ediyor. 30 bin ile 40 bin ki\u015fi aras\u0131nda ziyaret\u00e7i geliyor. Tabii bu bir hizmet sekt\u00f6r\u00fc, hizmet sekt\u00f6r\u00fc zaten mal sekt\u00f6r\u00fcnden daha iyi gidiyor. Bizim amac\u0131m\u0131z, hem mal sekt\u00f6r\u00fcn\u00fc hem de hizmet sekt\u00f6r\u00fcn\u00fc orta vadede T\u00fcrkiye&#8217;nin d\u00fcnyada ilk 10 \u00fclke aras\u0131na girmesi. B\u00fct\u00fcn amac\u0131m\u0131z bu. \u00d6zellikle \u00fcretim anlam\u0131nda, \u00fcretimle ilgili yapt\u0131\u011f\u0131m\u0131z projeler, projeksiyonlar, \u00e7al\u0131\u015fmalar, sanayile\u015fme, yat\u0131r\u0131m. Amac\u0131m\u0131z sadece bu. T\u00fcrkiye gelecekle ilgili \u00e7ok b\u00fcy\u00fck bir \u00fclke olsun. T\u00fcrkiye \u00fcretimden b\u00fcy\u00fcs\u00fcn&#8221; diye konu\u015ftu.<\/p>\n<p>&#8216;\u00dcRET\u0130M\u0130N \u00c7OK DAHA FAZLA DESTEKLENMES\u0130 GEREK\u0130YOR&#8217;<\/p>\n<p>G\u00fcltepe son olarak, &#8220;T\u00fcketimden b\u00fcy\u00fcrken en az diyoruz ki, yar\u0131s\u0131n\u0131 da \u00fcretimden b\u00fcy\u00fcs\u00fcn. B\u00fct\u00fcn gayemiz, b\u00fct\u00fcn amac\u0131m\u0131z bu. \u00c7\u00fcnk\u00fc e\u011fer \u00fcretimden b\u00fcy\u00fcme olmazsa, b\u00fcy\u00fcme kal\u0131c\u0131 kalmaz. O y\u00fczden b\u00fcy\u00fcmenin kal\u0131c\u0131 kalmas\u0131 i\u00e7in \u00fcretimin, ihracat\u0131n oldu\u011fundan \u00e7ok daha fazla desteklenmesi gerekiyor. Dolay\u0131s\u0131yla bu sekt\u00f6r T\u00fcrkiye&#8217;nin ge\u00e7mi\u015finde vard\u0131. Her zaman s\u00f6yl\u00fcyoruz, ilkleri \u00f6\u011freten sekt\u00f6r, \u00fcretimi \u00f6\u011freten sekt\u00f6r, ihracat\u0131 \u00f6\u011freten sekt\u00f6r. Bu sekt\u00f6rden hi\u00e7 kimsenin vazge\u00e7me hakk\u0131, hukuku olmaz, olamaz&#8221; ifadelerini kulland\u0131.<\/p>\n<p>Konu\u015fmalar\u0131n ard\u0131ndan fuar\u0131n a\u00e7\u0131l\u0131\u015f kurdelesi kesildi. Fuar 7 \u015eubat Cumartesi g\u00fcn\u00fcne kadar ziyaret\u00e7ilere a\u00e7\u0131k olacak.<\/p>\n","protected":false},"excerpt":{"rendered":"<p>Ticaret Bakan Yard\u0131mc\u0131s\u0131 A\u011far, T\u00fcrk haz\u0131r giyim sekt\u00f6r\u00fcn\u00fcn d\u00fcnya \u00e7ap\u0131nda g\u00fcvenilir tedarik\u00e7i oldu\u011funu vurgulad\u0131.<\/p>\n","protected":false},"author":1,"featured_media":48859,"comment_status":"open","ping_status":"open","sticky":false,"template":"","format":"standard","meta":{"footnotes":""},"categories":[8],"tags":[437,433,396,517,375],"class_list":["post-48858","post","type-post","status-publish","format-standard","has-post-thumbnail","hentry","category-ekonomi","tag-dunya","tag-fuar","tag-ihracat","tag-turk","tag-uretim"],"_links":{"self":[{"href":"https:\/\/bihavadis.com\/index.php\/wp-json\/wp\/v2\/posts\/48858","targetHints":{"allow":["GET"]}}],"collection":[{"href":"https:\/\/bihavadis.com\/index.php\/wp-json\/wp\/v2\/posts"}],"about":[{"href":"https:\/\/bihavadis.com\/index.php\/wp-json\/wp\/v2\/types\/post"}],"author":[{"embeddable":true,"href":"https:\/\/bihavadis.com\/index.php\/wp-json\/wp\/v2\/users\/1"}],"replies":[{"embeddable":true,"href":"https:\/\/bihavadis.com\/index.php\/wp-json\/wp\/v2\/comments?post=48858"}],"version-history":[{"count":1,"href":"https:\/\/bihavadis.com\/index.php\/wp-json\/wp\/v2\/posts\/48858\/revisions"}],"predecessor-version":[{"id":48860,"href":"https:\/\/bihavadis.com\/index.php\/wp-json\/wp\/v2\/posts\/48858\/revisions\/48860"}],"wp:featuredmedia":[{"embeddable":true,"href":"https:\/\/bihavadis.com\/index.php\/wp-json\/wp\/v2\/media\/48859"}],"wp:attachment":[{"href":"https:\/\/bihavadis.com\/index.php\/wp-json\/wp\/v2\/media?parent=48858"}],"wp:term":[{"taxonomy":"category","embeddable":true,"href":"https:\/\/bihavadis.com\/index.php\/wp-json\/wp\/v2\/categories?post=48858"},{"taxonomy":"post_tag","embeddable":true,"href":"https:\/\/bihavadis.com\/index.php\/wp-json\/wp\/v2\/tags?post=48858"}],"curies":[{"name":"wp","href":"https:\/\/api.w.org\/{rel}","templated":true}]}}