{"id":48919,"date":"2026-02-26T10:18:38","date_gmt":"2026-02-26T10:18:38","guid":{"rendered":"https:\/\/bihavadis.com\/?p=48919"},"modified":"2026-02-26T10:18:38","modified_gmt":"2026-02-26T10:18:38","slug":"karsta-hasta-cocuklar-kar-kureme-araciyla-kurtarildi","status":"publish","type":"post","link":"https:\/\/bihavadis.com\/index.php\/2026\/02\/26\/karsta-hasta-cocuklar-kar-kureme-araciyla-kurtarildi\/","title":{"rendered":"Kars&#8217;ta Hasta \u00c7ocuklar, Kar K\u00fcreme Arac\u0131yla Kurtar\u0131ld\u0131"},"content":{"rendered":"<p>Milli Savunma Bakanl\u0131\u011f\u0131, Kars&#8217;ta hasta iki \u00e7ocu\u011fun, yo\u011fun kar ya\u011f\u0131\u015f\u0131 nedeniyle yollar\u0131n kapal\u0131 olmas\u0131ndan dolay\u0131 kar k\u00fcreme arac\u0131 ile evlerinden al\u0131narak sa\u011fl\u0131k ekiplerine teslim edildi\u011fini bildirdi.<\/p>\n<p>Bakanl\u0131\u011f\u0131n NSosyal hesab\u0131ndan yap\u0131lan payla\u015f\u0131mda, &#8220;Kars&#8217;\u0131n Akyaka il\u00e7esindeki \u0130bi\u015f k\u00f6y\u00fcnde ate\u015f ve nefes darl\u0131\u011f\u0131 problemi ya\u015fayan iki \u00e7ocu\u011fumuz, yo\u011fun kar ya\u011f\u0131\u015f\u0131 nedeniyle yollar\u0131n kapal\u0131 olmas\u0131ndan dolay\u0131 kar k\u00fcreme arac\u0131 ile evlerinden al\u0131narak sa\u011fl\u0131k ekiplerine teslim edildi.&#8221; ifadeleri kullan\u0131ld\u0131.<\/p>\n<p>Payla\u015f\u0131mda, \u00e7ocuklar\u0131n nakline ili\u015fkin foto\u011fraflara da yer verildi.<\/p>\n","protected":false},"excerpt":{"rendered":"<p>Yo\u011fun kar ya\u011f\u0131\u015f\u0131 nedeniyle yollar kapal\u0131yd\u0131; iki hasta \u00e7ocuk kar k\u00fcreme arac\u0131yla sa\u011fl\u0131k ekiplerine ula\u015ft\u0131r\u0131ld\u0131.<\/p>\n","protected":false},"author":1,"featured_media":48920,"comment_status":"open","ping_status":"open","sticky":false,"template":"","format":"standard","meta":{"footnotes":""},"categories":[9,4,13],"tags":[297],"class_list":["post-48919","post","type-post","status-publish","format-standard","has-post-thumbnail","hentry","category-genel","category-gundem","category-son-dakika","tag-kar"],"_links":{"self":[{"href":"https:\/\/bihavadis.com\/index.php\/wp-json\/wp\/v2\/posts\/48919","targetHints":{"allow":["GET"]}}],"collection":[{"href":"https:\/\/bihavadis.com\/index.php\/wp-json\/wp\/v2\/posts"}],"about":[{"href":"https:\/\/bihavadis.com\/index.php\/wp-json\/wp\/v2\/types\/post"}],"author":[{"embeddable":true,"href":"https:\/\/bihavadis.com\/index.php\/wp-json\/wp\/v2\/users\/1"}],"replies":[{"embeddable":true,"href":"https:\/\/bihavadis.com\/index.php\/wp-json\/wp\/v2\/comments?post=48919"}],"version-history":[{"count":1,"href":"https:\/\/bihavadis.com\/index.php\/wp-json\/wp\/v2\/posts\/48919\/revisions"}],"predecessor-version":[{"id":48921,"href":"https:\/\/bihavadis.com\/index.php\/wp-json\/wp\/v2\/posts\/48919\/revisions\/48921"}],"wp:featuredmedia":[{"embeddable":true,"href":"https:\/\/bihavadis.com\/index.php\/wp-json\/wp\/v2\/media\/48920"}],"wp:attachment":[{"href":"https:\/\/bihavadis.com\/index.php\/wp-json\/wp\/v2\/media?parent=48919"}],"wp:term":[{"taxonomy":"category","embeddable":true,"href":"https:\/\/bihavadis.com\/index.php\/wp-json\/wp\/v2\/categories?post=48919"},{"taxonomy":"post_tag","embeddable":true,"href":"https:\/\/bihavadis.com\/index.php\/wp-json\/wp\/v2\/tags?post=48919"}],"curies":[{"name":"wp","href":"https:\/\/api.w.org\/{rel}","templated":true}]}}