{"id":48922,"date":"2026-02-26T10:21:07","date_gmt":"2026-02-26T10:21:07","guid":{"rendered":"https:\/\/bihavadis.com\/?p=48922"},"modified":"2026-02-26T10:21:07","modified_gmt":"2026-02-26T10:21:07","slug":"fatih-terim-juventus-maci-oncesi-italyan-basinina-konustu-bu-turun-en-iyisi","status":"publish","type":"post","link":"https:\/\/bihavadis.com\/index.php\/2026\/02\/26\/fatih-terim-juventus-maci-oncesi-italyan-basinina-konustu-bu-turun-en-iyisi\/","title":{"rendered":"Fatih Terim, Juventus ma\u00e7\u0131 \u00f6ncesi \u0130talyan bas\u0131n\u0131na konu\u015ftu: Bu turun en iyisi!"},"content":{"rendered":"<p>Galatasaray&#8217;\u0131n efsane teknik direkt\u00f6r\u00fc Fatih Terim, sar\u0131-k\u0131rm\u0131z\u0131l\u0131lar\u0131n \u015eampiyonlar Ligi&#8217;nde oynayaca\u011f\u0131 Juventus ma\u00e7\u0131 \u00f6ncesi a\u00e7\u0131klamalarda bulundu.<\/p>\n<p>\u0130talyan bas\u0131n\u0131ndan\u00a0Tuttosport&#8217;a konu\u015fan Terim,\u00a0Galatasaray ile Juventus aras\u0131ndaki e\u015fle\u015fmenin play-off turunun en iyi ma\u00e7\u0131na sahne olaca\u011f\u0131n\u0131 dile getirdi.<\/p>\n<p><strong>\u0130TALYANLARA KONU\u015eTU: E\u015eLE\u015eMEY\u0130 DE\u011eERLEND\u0130RD\u0130<\/strong><\/p>\n<p>Terim,\u00a0<b><em>&#8220;\u00c7ok heyecan verici, merakla beklenen, s\u00fcr\u00fckleyici. Tarafs\u0131z bir bak\u0131\u015f a\u00e7\u0131s\u0131yla izleseydim de kesinlikle \u0130stanbul&#8217;daki ma\u00e7\u0131 izlerdim, di\u011ferlerini de\u011fil.&#8221;<\/em><\/b> dedi.<\/p>\n<p>\u00dcnl\u00fc teknik adam daha sonra 1998 ve 2003&#8217;te oynanan ma\u00e7lar\u0131 hat\u0131rlatt\u0131 ve,<b><em> &#8220;Her Galatasaray-Juventus ma\u00e7\u0131n\u0131n kendine \u00f6zg\u00fc bir hikayesi var, 1998 ve 2003&#8217;te oynad\u0131\u011f\u0131m ma\u00e7lar da dahil. Juventus, kariyerimin en \u00f6zel rakiplerinden biriydi. Ayr\u0131ca Torino&#8217;da Fiorentina ile 3-3&#8217;l\u00fck harika bir beraberlik elde ettik.&#8221;<\/em><\/b> ifadelerini kulland\u0131.<\/p>\n<p><strong>&#8220;UMARIM GALATASARAY TAR\u0130H\u0130N\u0130N UNUTULMAZ AK\u015eAMLARINDAN B\u0130R\u0130 OLUR&#8221;<\/strong><\/p>\n<p>Ma\u00e7\u0131n \u00e7ok zorlu ge\u00e7mesini bekledi\u011fini belirten 72 ya\u015f\u0131ndaki teknik adam <b><em>&#8220;Bence bu ma\u00e7\u0131n anahtar kelimesi &#8220;yo\u011funluk&#8221; olacak. Galatasaray, \u00f6zellikle \u015eampiyonlar Ligi ma\u00e7lar\u0131nda, Osimhen&#8217;in forvette ba\u015flay\u0131p orta saha oyuncular\u0131n\u0131n deste\u011fiyle devam eden y\u00fcksek tempoda bir tak\u0131m olarak oynamak istiyor. Juventus&#8217;un son d\u00f6nemdeki oyun tarz\u0131n\u0131 g\u00f6z \u00f6n\u00fcnde bulundurarak, futbol a\u00e7\u0131s\u0131ndan sahada \u00e7ok zorlu bir m\u00fccadele bekliyorum. Galatasaray benim hayat\u0131m. &#8220;Cim Bom&#8221;u t\u00fcm kalbimle destekleyece\u011fim.&#8221;<\/em><\/b> ifadelerini kulland\u0131.<\/p>\n<p><img decoding=\"async\" src=\"https:\/\/bihavadis.com\/wp-content\/uploads\/2026\/02\/fatih-terim-juventus-maci-oncesi-italyan-basinina-konustu-bu-turun-en-iyisi-0-7G5V7y2s.jpg\"\/><\/p>\n<p>Fatih Terim, <b><em>&#8220;Cehennem gibi Ali Sami Yen Stadyumu&#8217;nda kendi sahas\u0131nda oynamak Galatasaray i\u00e7in belirleyici olabilir mi?&#8221; <\/em><\/b>sorusunu \u015fu s\u00f6zlerle yan\u0131tlad\u0131:<\/p>\n<p>&#8220;\u0130lk ma\u00e7ta tutkulu taraftarlar\u0131m\u0131z\u0131n deste\u011fine sahip olmak Galatasaray i\u00e7in kesinlikle b\u00fcy\u00fck bir avantaj olacak. 50 binden fazla taraftar\u0131n ellerinden gelenin en iyisini yapaca\u011f\u0131ndan eminim. Umar\u0131m Galatasaray tarihinin unutulmaz ak\u015famlar\u0131ndan birine \u015fahit oluruz.&#8221;<\/p>\n<p><strong>&#8220;JUVE&#8217;N\u0130N EN B\u00dcY\u00dcK AVANTAJI TAKT\u0130KSEL ESNEKL\u0130\u011e\u0130&#8221;<\/strong><\/p>\n<p>Terim, muhabirin <b><em>&#8220;Bireysel oyuncular a\u00e7\u0131s\u0131ndan bak\u0131ld\u0131\u011f\u0131nda, Galatasaray, Juventus&#8217;tan daha g\u00fc\u00e7l\u00fc g\u00f6r\u00fcn\u00fcyor. Juventus&#8217;ta Osimhen, Icardi, \u0130lkay G\u00fcndogan, Sane kalibresinde \u015fampiyon oyuncular yok&#8221;<\/em><\/b> yorumu \u00fczerine s\u00f6zlerini \u015f\u00f6yle s\u00fcrd\u00fcrd\u00fc:<\/p>\n<p>&#8220;Konuya her iki a\u00e7\u0131dan da bakmal\u0131y\u0131z. Juventus&#8217;tan ba\u015flayaca\u011f\u0131m: Spalletti&#8217;nin ekim ay\u0131 sonunda tak\u0131m\u0131n ba\u015f\u0131na ge\u00e7mesinden bu yana Juventus daha enerjik, yo\u011fun ve h\u0131zl\u0131 hale geldi. Kenan Y\u0131ld\u0131z en parlak y\u0131ld\u0131z, ancak Juve&#8217;nin en b\u00fcy\u00fck avantajlar\u0131ndan biri taktiksel esnekli\u011fi. Juventus s\u0131k s\u0131k dizili\u015f de\u011fi\u015ftirmeyi biliyor ve bunu oyun boyunca farkl\u0131 pozisyonlar\u0131 kapatabilen bir\u00e7ok oyuncu sayesinde ba\u015far\u0131yla yap\u0131yor. McKennie tak\u0131m i\u00e7in son derece de\u011ferli. 90 dakika boyunca sa\u011f bek, merkez orta saha hatta ikinci forvet oynayabiliyor. Ayn\u0131 \u015fekilde, Cambiaso, bek olmas\u0131na ra\u011fmen orta sahada iyi oynuyor. Khephren Thuram \u00e7e\u015fitli rollerde oynayabiliyor. Locatelli pozisyonunda \u00e7ok istikrarl\u0131. Concei\u00e7ao h\u0131z\u0131yla fark yaratabiliyor. Ve Juventus&#8217;u olu\u015fturan bir\u00e7ok de\u011ferli oyuncu daha var. Her zaman sayg\u0131 duyulmas\u0131 gereken ciddi bir rakip.&#8221;<\/p>\n<p><img decoding=\"async\" src=\"https:\/\/bihavadis.com\/wp-content\/uploads\/2026\/02\/fatih-terim-juventus-maci-oncesi-italyan-basinina-konustu-bu-turun-en-iyisi-1-3NM9nvZk.jpg\"\/><\/p>\n<p><strong>&#8220;\u015eAMP\u0130YONLARIN T\u00dcM SENARYOYU DE\u011e\u0130\u015eT\u0130RMES\u0130 SADECE B\u0130R SAN\u0130YE S\u00dcRER&#8221;<\/strong><\/p>\n<p>&#8220;Galatasaray&#8217;\u0131n da \u00f6nemli oyuncular\u0131 var. Osimhen, Icardi, \u0130talya&#8217;da ad\u0131n\u0131 duyurmu\u015f ve \u015fampiyon zihniyetine sahip Torreira gibi b\u00fcy\u00fck isimlere ve G\u00fcndo\u011fan, Sane ve Lang gibi d\u00fcnya \u00e7ap\u0131nda oyunculara sayg\u0131 duymaktan ba\u015fka bir \u015fey yapamazs\u0131n\u0131z. Bazen bu \u015fampiyonlar\u0131n t\u00fcm senaryoyu de\u011fi\u015ftirmesi sadece bir saniye s\u00fcrer. Galatasaray kadrosuna bakt\u0131\u011f\u0131n\u0131zda, bu y\u0131ld\u0131zlar\u0131n yan\u0131nda ba\u015fka \u00f6nemli oyuncular da var. Abd\u00fclkerim Bardakc\u0131, Yunus Akg\u00fcn ve Bar\u0131\u015f Alper Y\u0131lmaz gibi oyuncular kul\u00fcb\u00fcn \u015fampiyonluklar\u0131na \u00f6nemli katk\u0131lar sa\u011flad\u0131lar; bu T\u00fcrk tak\u0131m\u0131n\u0131n kalbi onlar. Milli tak\u0131mda ilk ma\u00e7\u0131na \u00e7\u0131kt\u0131\u011f\u0131nda antren\u00f6rl\u00fc\u011f\u00fcn\u00fc yapt\u0131\u011f\u0131m Kaan Ayhan son \u00fc\u00e7 sezonda \u00f6nemli roller \u00fcstlendi. Ge\u00e7en sezon tak\u0131ma kat\u0131lan Eren Elmal\u0131 da bir milli oyuncu. U\u011furcan \u00c7ak\u0131r&#8217;\u0131 da anmak isterim. Kul\u00fcp tarihinin en \u00f6nemli kalecilerinden biri olan Fernando Muslera&#8217;n\u0131n yerini ald\u0131: bu asla kolay de\u011fil. Yine de \u015fimdiye kadar \u00e7ok iyi i\u015f \u00e7\u0131kard\u0131 ve geli\u015fmeye devam edecek. Avrupa standartlar\u0131na g\u00f6re birinci s\u0131n\u0131f bir kaleci, bir numara. Sacha Boey&#8217;in Galatasaray&#8217;a transferinde yer almaktan mutluluk duymu\u015ftum ve onun evine d\u00f6nd\u00fc\u011f\u00fcn\u00fc g\u00f6rmekten de mutluyum.&#8221;<\/p>\n<p><strong>&#8220;LEMINA&#8217;NIN OLMAYI\u015eI GALATASARAY \u0130\u00c7\u0130N B\u0130R DEZAVANTAJ&#8221;<\/strong><\/p>\n<p>Galatasaray&#8217;da Mario Lemina&#8217;n\u0131n cezas\u0131 nedeniyle ma\u00e7ta forma giyemeyecek olmas\u0131n\u0131n sar\u0131 k\u0131rm\u0131z\u0131l\u0131 tak\u0131m ad\u0131na \u00f6nemli bir handikap oldu\u011funu vurgulayan Fatih Terim, <b><em>&#8220;Galatasaray i\u00e7in bir dezavantaj, ancak Torino&#8217;daki r\u00f6van\u015f ma\u00e7\u0131nda de\u011ferini kan\u0131tlayacak. Galatasaray i\u00e7in \u00e7ok \u00f6nemli, sahada kaptan karakterine sahip bir lider. Ayr\u0131ca her zaman rakip i\u00e7in bir s\u00fcrprizi haz\u0131rda tutan Macar Roland Sallai de var. Ma\u00e7 boyunca durmadan ko\u015fuyor. Brezilyal\u0131 Gabriel Sara da bir di\u011fer kilit isim. Ma\u00e7\u0131n ba\u015f\u0131ndan itibaren onu sahan\u0131n her yerinde g\u00f6rebilirsiniz: her zaman tak\u0131m arkada\u015flar\u0131 i\u00e7in bir pas se\u00e7ene\u011fi, bazen h\u00fccum bask\u0131s\u0131n\u0131 ba\u015flatan ki\u015fi ve her \u015feyden \u00f6nemlisi, duran toplarda kilit bir silah.&#8221;<\/em><\/b> ifadelerini kulland\u0131.<\/p>\n<p><strong>&#8220;KENAN YILDIZ JUVENTUS&#8217;TA \u0130DOL OLAB\u0130L\u0130R&#8221;<\/strong><\/p>\n<p>Terim, Juventus&#8217;un T\u00fcrk futbolcusu Kenan Y\u0131ld\u0131z hakk\u0131ndaki d\u00fc\u015f\u00fcncelerinin sorulmas\u0131 \u00fczerine ise \u015funlar\u0131 s\u00f6yledi:<\/p>\n<p>&#8220;Soyad\u0131n\u0131n da g\u00f6sterdi\u011fi gibi ger\u00e7ek bir y\u0131ld\u0131z. Ona b\u00fcy\u00fck bir keyifle bak\u0131yorum. Sadece Juventus&#8217;ta de\u011fil, Avrupa&#8217;da da en iyi oyunculardan biri. Baz\u0131 oyuncular y\u0131ld\u0131z olmak i\u00e7in do\u011far. Kenan da onlardan biri. S\u00f6zle\u015fmesini uzatt\u0131\u011f\u0131 i\u00e7in mutluyum. Bence onun gibi bir ikona ihtiya\u00e7lar\u0131 vard\u0131. Kariyeri boyunca izlemekten keyif ald\u0131\u011f\u0131m Del Piero&#8217;dan sonra, bu konuda Juve&#8217;nin ihtiya\u00e7lar\u0131n\u0131 kar\u015f\u0131layabilecek bir idol olabilir. Gelecekte neler olaca\u011f\u0131n\u0131 bilmiyorum ama s\u0131k s\u0131k forma de\u011fi\u015ftirdi\u011fimiz bu d\u00f6nemde, Juve&#8217;nin Kenan i\u00e7in ay\u0131rd\u0131\u011f\u0131 pozisyonun gurur duyulacak bir \u015fey oldu\u011funu s\u00f6ylemeliyim. E\u011fer b\u00f6yle devam ederse, Juventus&#8217;taki kariyeri Del Piero&#8217;nun seviyesine ula\u015fabilir ve Platini, Zidane, Buffon ve sevgili dostum Nedved gibi efsanelerin aras\u0131na kat\u0131larak kul\u00fcp tarihinin en iyi isimlerinden biri olabilir. Ve unutmayal\u0131m ki, o hala \u00e7ok gen\u00e7. Ge\u00e7en y\u0131l beni ziyaret etti ve beni \u00e7ok mutlu etti. Bana &#8220;Hocam&#8221; diye hitap etti. Kenan&#8217;\u0131n sadece iyi bir oyuncu de\u011fil, ayn\u0131 zamanda \u00e7ok sayg\u0131l\u0131 ve d\u00fcr\u00fcst bir insan oldu\u011funu anlad\u0131m. Umar\u0131m bizi gururland\u0131rmaya devam eder.&#8221;<\/p>\n<p><strong>&#8220;SPALLETT\u0130 \u0130LE FUTBOL HAKKINDA UZUN UZUN SOHBET EDERD\u0130K&#8221;<\/strong><\/p>\n<p>Fatih Terim, Juventus Teknik Direkt\u00f6r\u00fc Luciano Spalletti&#8217;nin kendisinin hayat\u0131nda \u00f6nemli bir yeri oldu\u011funu vurgulayarak, <b><em>&#8220;Bazen samimi bir el s\u0131k\u0131\u015fma veya s\u0131k\u0131 bir kucakla\u015fma bin kelimeden daha etkilidir. Kar\u015f\u0131daki ki\u015finin sizin hakk\u0131n\u0131zda ne d\u00fc\u015f\u00fcnd\u00fc\u011f\u00fcn\u00fc a\u00e7\u0131k\u00e7a hissedebilirsiniz. Luciano ile olan ili\u015fkim de b\u00f6yle. Bulu\u015ftu\u011fumuzda, iki ger\u00e7ek arkada\u015f gibi davran\u0131r, hatta \u015fakala\u015f\u0131r\u0131z. Birbirimizi uzun zamand\u0131r tan\u0131yoruz: 2000&#8217;lerin ba\u015flar\u0131nda, Fiorentina&#8217;da \u00e7al\u0131\u015f\u0131rken Floransa&#8217;da bulu\u015fur ve futbol hakk\u0131nda uzun uzun sohbet ederdik. Onunla fikir al\u0131\u015fveri\u015finde bulunmaktan keyif al\u0131yorum. B\u00fcy\u00fck \u0130talyan kul\u00fcplerinde \u00e7al\u0131\u015ft\u0131 ve Empoli&#8217;deki ilk y\u0131llar\u0131ndan itibaren \u00e7al\u0131\u015ft\u0131rd\u0131\u011f\u0131 her tak\u0131mda iz b\u0131rakmay\u0131 ba\u015fard\u0131. Napoli&#8217;yi 33 y\u0131l sonra \u015fampiyonlu\u011fa ta\u015f\u0131d\u0131 ve onun geli\u015fiyle Juventus \u00e7ok daha tehlikeli hale geldi.&#8221;<\/em><\/b> dedi.<\/p>\n<p><img decoding=\"async\" src=\"https:\/\/bihavadis.com\/wp-content\/uploads\/2026\/02\/fatih-terim-juventus-maci-oncesi-italyan-basinina-konustu-bu-turun-en-iyisi-2-af2ST8vC.jpg\"\/><\/p>\n","protected":false},"excerpt":{"rendered":"<p>\u00dcnl\u00fc teknik adam Fatih Terim, Galatasaray ile Juventus aras\u0131nda oynanacak kritik \u015eampiyonlar Ligi ma\u00e7\u0131 \u00f6ncesi \u0130talyan bas\u0131n\u0131na konu\u015ftu. &#8220;\u0130mparator&#8221;, Ali Sami Yen atmosferinden Kenan Y\u0131ld\u0131z&#8217;a, Spalletti&#8217;nin Juventus&#8217;undan Galatasaray&#8217;\u0131n y\u0131ld\u0131zlar\u0131na kadar pek \u00e7ok konuda \u00f6nemli de\u011ferlendirmelerde bulundu.<\/p>\n","protected":false},"author":1,"featured_media":48923,"comment_status":"open","ping_status":"open","sticky":false,"template":"","format":"standard","meta":{"footnotes":""},"categories":[14],"tags":[496,2147,1191,278,366],"class_list":["post-48922","post","type-post","status-publish","format-standard","has-post-thumbnail","hentry","category-spor","tag-galatasaray","tag-juventus","tag-onemli","tag-oyun","tag-takim"],"_links":{"self":[{"href":"https:\/\/bihavadis.com\/index.php\/wp-json\/wp\/v2\/posts\/48922","targetHints":{"allow":["GET"]}}],"collection":[{"href":"https:\/\/bihavadis.com\/index.php\/wp-json\/wp\/v2\/posts"}],"about":[{"href":"https:\/\/bihavadis.com\/index.php\/wp-json\/wp\/v2\/types\/post"}],"author":[{"embeddable":true,"href":"https:\/\/bihavadis.com\/index.php\/wp-json\/wp\/v2\/users\/1"}],"replies":[{"embeddable":true,"href":"https:\/\/bihavadis.com\/index.php\/wp-json\/wp\/v2\/comments?post=48922"}],"version-history":[{"count":1,"href":"https:\/\/bihavadis.com\/index.php\/wp-json\/wp\/v2\/posts\/48922\/revisions"}],"predecessor-version":[{"id":48927,"href":"https:\/\/bihavadis.com\/index.php\/wp-json\/wp\/v2\/posts\/48922\/revisions\/48927"}],"wp:featuredmedia":[{"embeddable":true,"href":"https:\/\/bihavadis.com\/index.php\/wp-json\/wp\/v2\/media\/48923"}],"wp:attachment":[{"href":"https:\/\/bihavadis.com\/index.php\/wp-json\/wp\/v2\/media?parent=48922"}],"wp:term":[{"taxonomy":"category","embeddable":true,"href":"https:\/\/bihavadis.com\/index.php\/wp-json\/wp\/v2\/categories?post=48922"},{"taxonomy":"post_tag","embeddable":true,"href":"https:\/\/bihavadis.com\/index.php\/wp-json\/wp\/v2\/tags?post=48922"}],"curies":[{"name":"wp","href":"https:\/\/api.w.org\/{rel}","templated":true}]}}