{"id":48962,"date":"2026-02-26T10:42:08","date_gmt":"2026-02-26T10:42:08","guid":{"rendered":"https:\/\/bihavadis.com\/?p=48962"},"modified":"2026-02-26T10:42:08","modified_gmt":"2026-02-26T10:42:08","slug":"zabita-memuruna-saldiri","status":"publish","type":"post","link":"https:\/\/bihavadis.com\/index.php\/2026\/02\/26\/zabita-memuruna-saldiri\/","title":{"rendered":"Zab\u0131ta Memuruna Sald\u0131r\u0131"},"content":{"rendered":"<p>\n<p>AVCILAR&#8217;da kald\u0131r\u0131ma park edilen arac\u0131n, belediyeye \u015fikayet edilmesi \u00fczerine soka\u011fa giden zab\u0131ta memuru Volkan Y\u0131lmaz (42) ile ara\u00e7 sahibi aras\u0131nda tart\u0131\u015fma \u00e7\u0131kt\u0131. Y\u0131lmaz&#8217;\u0131n telefonla foto\u011fraf \u00e7ekmesi \u00fczerine \u00e7\u0131kan arbedede ka\u015f\u0131 yar\u0131lan Y\u0131lmaz hastaneye kald\u0131r\u0131l\u0131rken olaya kar\u0131\u015ft\u0131\u011f\u0131 belirlenen 3 ki\u015fi ifadeleri al\u0131nmak \u00fczere polis merkezine g\u00f6t\u00fcr\u00fcld\u00fc. <\/p>\n<p> Olay, bug\u00fcn \u00f6\u011fle saatlerinde G\u00fcm\u00fc\u015fpala Mahallesi&#8217;nde meydana geldi. Edinilen bilgiye g\u00f6re, kald\u0131r\u0131ma park edilen ve yaya ge\u00e7i\u015fini engelledi\u011fi belirtilen otomobil, belediye \u00e7a\u011fr\u0131 merkezine \u015fikayet edildi. \u0130hbar \u00fczerine adrese giden zab\u0131ta ekipleri, 4 tekerle\u011fi de kald\u0131r\u0131m \u00fczerinde bulunan otomobilin kald\u0131r\u0131lmas\u0131n\u0131 istedi. Arac\u0131n\u0131 park edecek yer bulamad\u0131\u011f\u0131 i\u00e7in mecburen kald\u0131r\u0131ma b\u0131rakt\u0131\u011f\u0131n\u0131 s\u00f6yleyen s\u00fcr\u00fcc\u00fc ile zab\u0131ta ekipleri aras\u0131nda tart\u0131\u015fma \u00e7\u0131kt\u0131. Arac\u0131n kald\u0131r\u0131lmamas\u0131 \u00fczerine cezai i\u015flem uygulamak amac\u0131yla otomobilin foto\u011fraf\u0131n\u0131 \u00e7ekmek isteyen zab\u0131ta memuru Volkan Y\u0131lmaz ile ara\u00e7 sahibi aras\u0131nda arbede ya\u015fand\u0131. \u0130ddiaya g\u00f6re ara\u00e7 sahibi, Y\u0131lmaz&#8217;\u0131n telefonunu alarak yere f\u0131rlat\u0131p k\u0131rd\u0131. \u00c7\u0131kan arbedede Y\u0131lmaz&#8217;\u0131n kendisine kafa att\u0131\u011f\u0131n\u0131 \u00f6ne s\u00fcren ara\u00e7 sahibi ve arkada\u015f\u0131, Y\u0131lmaz&#8217;a yumruklarla sald\u0131rd\u0131. Kavgada ka\u015f\u0131 yar\u0131lan Y\u0131lmaz, ekip arkada\u015flar\u0131 taraf\u0131ndan Murat K\u00f6l\u00fck Devlet Hastanesi&#8217;ne kald\u0131r\u0131ld\u0131. K\u0131sa s\u00fcre \u00f6nce by-pass ameliyat\u0131 oldu\u011fu \u00f6\u011frenilen zab\u0131ta memuru Volkan Y\u0131lmaz&#8217;\u0131n ka\u015f\u0131na iki diki\u015f at\u0131ld\u0131\u011f\u0131 belirtildi. Hastanede tedavisi s\u00fcren Y\u0131lmaz&#8217;\u0131 ziyaret eden Avc\u0131lar Belediye Ba\u015fkan Yard\u0131mc\u0131s\u0131 Adnan Karako\u00e7, doktorlardan bilgi ald\u0131. Volkan Y\u0131lmaz&#8217;\u0131n hastane polisine \u015fikayeti \u00fczerine olaya kar\u0131\u015fan 3 ki\u015finin ifadeleri al\u0131nmak \u00fczere polis merkezine g\u00f6t\u00fcr\u00fcld\u00fc\u011f\u00fc \u00f6\u011frenildi.<\/p>\n<p>&#8216;S\u0130NKAFLI S\u00d6ZLERLE B\u0130Z\u0130 KOVMAYA \u00c7ALI\u015eTI&#8217;<\/p>\n<p> Zab\u0131ta Volkan Y\u0131lmaz, &#8220;Vatanda\u015f\u0131n kald\u0131r\u0131m \u00fczerine ara\u00e7 park\u0131 \u015fikayeti \u00fczerine adrese gittik. 4 tekerle\u011fiyle kald\u0131r\u0131m \u00fczerinde olan arac\u0131 g\u00f6rd\u00fck. Ara\u00e7 sahibi ba\u015fka ara\u00e7 park edecek yer olmad\u0131\u011f\u0131n\u0131 \u00f6ne s\u00fcrerek kald\u0131rmad\u0131. Kald\u0131rmad\u0131\u011f\u0131 takdirde cezai i\u015flem ba\u015flataca\u011f\u0131m\u0131z\u0131 s\u00f6yledik. Bunun \u00fczerine sinkafl\u0131 s\u00f6zlerle bizi kovmaya \u00e7al\u0131\u015ft\u0131. Ara\u00e7 plakas\u0131n\u0131 telefonla \u00e7ekmek isterken telefonu elimden ald\u0131. Telefonu vermesini s\u00f6yledim, vermeyince aram\u0131zda iti\u015fme ya\u015fand\u0131. Telefonu yere f\u0131rlatarak k\u0131rd\u0131, sonras\u0131nda kavga ba\u015flad\u0131. K\u0131sa s\u00fcre \u00f6nce by-pass ameliyat\u0131 oldum. 4 damar\u0131m de\u011fi\u015fti. \u015eimdi ka\u015f\u0131m yar\u0131ld\u0131, iki diki\u015f at\u0131ld\u0131. Burnumda kanama oldu&#8221; dedi. <\/p>\n","protected":false},"excerpt":{"rendered":"<p>Avc\u0131lar&#8217;da kald\u0131r\u0131mla park edilen ara\u00e7 sebebiyle zab\u0131ta memuruna sald\u0131r\u0131 ger\u00e7ekle\u015fti.<\/p>\n","protected":false},"author":1,"featured_media":48963,"comment_status":"open","ping_status":"open","sticky":false,"template":"","format":"standard","meta":{"footnotes":""},"categories":[9,4,13],"tags":[3716,1540,544,320,2293],"class_list":["post-48962","post","type-post","status-publish","format-standard","has-post-thumbnail","hentry","category-genel","category-gundem","category-son-dakika","tag-kaldirim","tag-park","tag-sure","tag-yilmaz","tag-zabita"],"_links":{"self":[{"href":"https:\/\/bihavadis.com\/index.php\/wp-json\/wp\/v2\/posts\/48962","targetHints":{"allow":["GET"]}}],"collection":[{"href":"https:\/\/bihavadis.com\/index.php\/wp-json\/wp\/v2\/posts"}],"about":[{"href":"https:\/\/bihavadis.com\/index.php\/wp-json\/wp\/v2\/types\/post"}],"author":[{"embeddable":true,"href":"https:\/\/bihavadis.com\/index.php\/wp-json\/wp\/v2\/users\/1"}],"replies":[{"embeddable":true,"href":"https:\/\/bihavadis.com\/index.php\/wp-json\/wp\/v2\/comments?post=48962"}],"version-history":[{"count":1,"href":"https:\/\/bihavadis.com\/index.php\/wp-json\/wp\/v2\/posts\/48962\/revisions"}],"predecessor-version":[{"id":48964,"href":"https:\/\/bihavadis.com\/index.php\/wp-json\/wp\/v2\/posts\/48962\/revisions\/48964"}],"wp:featuredmedia":[{"embeddable":true,"href":"https:\/\/bihavadis.com\/index.php\/wp-json\/wp\/v2\/media\/48963"}],"wp:attachment":[{"href":"https:\/\/bihavadis.com\/index.php\/wp-json\/wp\/v2\/media?parent=48962"}],"wp:term":[{"taxonomy":"category","embeddable":true,"href":"https:\/\/bihavadis.com\/index.php\/wp-json\/wp\/v2\/categories?post=48962"},{"taxonomy":"post_tag","embeddable":true,"href":"https:\/\/bihavadis.com\/index.php\/wp-json\/wp\/v2\/tags?post=48962"}],"curies":[{"name":"wp","href":"https:\/\/api.w.org\/{rel}","templated":true}]}}