{"id":48996,"date":"2026-02-26T11:09:09","date_gmt":"2026-02-26T11:09:09","guid":{"rendered":"https:\/\/bihavadis.com\/?p=48996"},"modified":"2026-02-26T11:09:09","modified_gmt":"2026-02-26T11:09:09","slug":"diyarbakirda-3-kisinin-yaralandigi-silahli-kavga-kameraya-yansidi","status":"publish","type":"post","link":"https:\/\/bihavadis.com\/index.php\/2026\/02\/26\/diyarbakirda-3-kisinin-yaralandigi-silahli-kavga-kameraya-yansidi\/","title":{"rendered":"Diyarbak\u0131r&#8217;da 3 ki\u015finin yaraland\u0131\u011f\u0131 silahl\u0131 kavga kameraya yans\u0131d\u0131"},"content":{"rendered":"<p>Diyarbak\u0131r&#8217;\u0131n Yeni\u015fehir il\u00e7esinde bir i\u015f yerinin tadilat\u0131 nedeniyle m\u00fcteahhit ile emlak\u00e7\u0131 aras\u0131nda \u00e7\u0131kan tart\u0131\u015fma, ta\u015fl\u0131 ve silahl\u0131 kavgaya d\u00f6n\u00fc\u015ft\u00fc.<\/p>\n<p>Kavga s\u0131ras\u0131nda tabancadan a\u00e7\u0131lan ate\u015f sonucu Y.\u00c7., M.S.K. ve V.O. yaraland\u0131.<\/p>\n<p><strong>OLAY YER\u0130NE POL\u0130S EK\u0130PLER\u0130 SEVK ED\u0130LD\u0130<\/strong><\/p>\n<p>\u0130hbarla olay yerine sa\u011fl\u0131k ve polis ekipleri sevk edildi.<\/p>\n<p>Yaral\u0131lar, ambulanslarla kentteki hastanelere kald\u0131r\u0131ld\u0131.<\/p>\n<p><img decoding=\"async\" src=\"https:\/\/bihavadis.com\/wp-content\/uploads\/2026\/02\/diyarbakirda-3-kisinin-yaralandigi-silahli-kavga-kameraya-yansidi-0-wXiwxQmW.jpg\"\/><\/p>\n<p><strong>KAVGA CEP TELEFONU KAMERASINA YANSIDI<\/strong><\/p>\n<p>\u00d6te yandan kavgan\u0131n cep telefonu ile \u00e7ekilen g\u00f6r\u00fcnt\u00fcleri ortaya \u00e7\u0131kt\u0131.<\/p>\n<p>Olay s\u0131ras\u0131nda yerde olan ve kavga eden 2 ki\u015finin yan\u0131na ko\u015farak gelen bir ki\u015finin, tabanca ile 2 el ate\u015f etti\u011fi g\u00f6r\u00fcld\u00fc.<\/p>\n<p>G\u00f6r\u00fcnt\u00fclerde; olay\u0131n ard\u0131ndan polis oldu\u011fu belirtilen bir ki\u015fi de yerdekilerden birinin elindeki tabancay\u0131 ald\u0131.<\/p>\n<p><img decoding=\"async\" src=\"https:\/\/bihavadis.com\/wp-content\/uploads\/2026\/02\/diyarbakirda-3-kisinin-yaralandigi-silahli-kavga-kameraya-yansidi-1-6lQ1YTrL.jpg\"\/><\/p>\n<p><img decoding=\"async\" src=\"https:\/\/bihavadis.com\/wp-content\/uploads\/2026\/02\/diyarbakirda-3-kisinin-yaralandigi-silahli-kavga-kameraya-yansidi-2-vvWPeJys.jpg\"\/><\/p>\n","protected":false},"excerpt":{"rendered":"<p>Yeni\u015fehir il\u00e7esinde bir i\u015f yerinin tadilat\u0131 nedeniyle m\u00fcteahhit ile emlak\u00e7\u0131 aras\u0131nda \u00e7\u0131kan ve 3 ki\u015finin yaraland\u0131\u011f\u0131 ta\u015fl\u0131, silahl\u0131 kavgan\u0131n cep telefonu ile kaydedilen g\u00f6r\u00fcnt\u00fcleri ortaya \u00e7\u0131kt\u0131.<\/p>\n","protected":false},"author":1,"featured_media":48997,"comment_status":"open","ping_status":"open","sticky":false,"template":"","format":"standard","meta":{"footnotes":""},"categories":[4,13],"tags":[418],"class_list":["post-48996","post","type-post","status-publish","format-standard","has-post-thumbnail","hentry","category-gundem","category-son-dakika","tag-kavga"],"_links":{"self":[{"href":"https:\/\/bihavadis.com\/index.php\/wp-json\/wp\/v2\/posts\/48996","targetHints":{"allow":["GET"]}}],"collection":[{"href":"https:\/\/bihavadis.com\/index.php\/wp-json\/wp\/v2\/posts"}],"about":[{"href":"https:\/\/bihavadis.com\/index.php\/wp-json\/wp\/v2\/types\/post"}],"author":[{"embeddable":true,"href":"https:\/\/bihavadis.com\/index.php\/wp-json\/wp\/v2\/users\/1"}],"replies":[{"embeddable":true,"href":"https:\/\/bihavadis.com\/index.php\/wp-json\/wp\/v2\/comments?post=48996"}],"version-history":[{"count":1,"href":"https:\/\/bihavadis.com\/index.php\/wp-json\/wp\/v2\/posts\/48996\/revisions"}],"predecessor-version":[{"id":49001,"href":"https:\/\/bihavadis.com\/index.php\/wp-json\/wp\/v2\/posts\/48996\/revisions\/49001"}],"wp:featuredmedia":[{"embeddable":true,"href":"https:\/\/bihavadis.com\/index.php\/wp-json\/wp\/v2\/media\/48997"}],"wp:attachment":[{"href":"https:\/\/bihavadis.com\/index.php\/wp-json\/wp\/v2\/media?parent=48996"}],"wp:term":[{"taxonomy":"category","embeddable":true,"href":"https:\/\/bihavadis.com\/index.php\/wp-json\/wp\/v2\/categories?post=48996"},{"taxonomy":"post_tag","embeddable":true,"href":"https:\/\/bihavadis.com\/index.php\/wp-json\/wp\/v2\/tags?post=48996"}],"curies":[{"name":"wp","href":"https:\/\/api.w.org\/{rel}","templated":true}]}}