{"id":49002,"date":"2026-02-26T11:12:36","date_gmt":"2026-02-26T11:12:36","guid":{"rendered":"https:\/\/bihavadis.com\/?p=49002"},"modified":"2026-02-26T11:12:36","modified_gmt":"2026-02-26T11:12:36","slug":"dogum-izni-ile-cocuklara-yonelik-sosyal-medya-duzenlemesinde-sona-gelindi","status":"publish","type":"post","link":"https:\/\/bihavadis.com\/index.php\/2026\/02\/26\/dogum-izni-ile-cocuklara-yonelik-sosyal-medya-duzenlemesinde-sona-gelindi\/","title":{"rendered":"Do\u011fum izni ile \u00e7ocuklara y\u00f6nelik sosyal medya d\u00fczenlemesinde sona gelindi"},"content":{"rendered":"<p> AK Parti milletvekillerinin, do\u011fum izninin 16 haftadan 24 haftaya y\u00fckseltilmesi ile 15 ya\u015f\u0131ndan k\u00fc\u00e7\u00fck \u00e7ocuklar\u0131n sosyal payla\u015f\u0131m sitelerinde hesap a\u00e7amamas\u0131na ili\u015fkin d\u00fczenlemeleri i\u00e7eren kanun teklifi ilerleyen g\u00fcnlerde TBMM Ba\u015fkanl\u0131\u011f\u0131na sunulacak.<\/p>\n<p>AK Parti milletvekilleri, Grup Ba\u015fkan\u0131 Abdullah G\u00fcler ile Grup Ba\u015fkanvekili Leyla \u015eahin Usta ba\u015fkanl\u0131\u011f\u0131nda do\u011fum izni ile \u00e7ocuklara y\u00f6nelik sosyal medya d\u00fczenlemesinin \u00e7al\u0131\u015fmalar\u0131nda sona geldi.<\/p>\n<p>Teklifle, &#8220;do\u011fum izni&#8221; s\u00fcresi 16 haftadan 24 haftaya kadar uzat\u0131lacak. Memur, i\u015f\u00e7i, askeri personel, hakim-savc\u0131, kamu iktisadi te\u015febb\u00fcsleri (K\u0130T) personeli ve akademisyenler dahil \u00e7al\u0131\u015fma hayat\u0131ndaki t\u00fcm kad\u0131nlar d\u00fczenlemeden yararlanacak.<\/p>\n<p>&#8220;Devlet Memurlar\u0131 Kanunu&#8221;, &#8220;\u0130\u015f Kanunu&#8221; ve &#8220;T\u00fcrk Silahl\u0131 Kuvvetleri Personel Kanunu&#8221;nda yer alan do\u011fum izni s\u00fcreleri do\u011fumdan \u00f6nce 8 hafta ve do\u011fumdan sonra 16 hafta olmak \u00fczere toplam 24 hafta olarak yeniden d\u00fczenlenecek.<\/p>\n<p>Bakan G\u00f6kta\u015f&#8217;tan AK Parti MKYK&#8217;de sunum<\/p>\n<p>Ayr\u0131ca bu teklifle \u00e7ocuklar\u0131 internetin zararlar\u0131ndan korumak amac\u0131yla d\u00fczenlemelere de gidilecek.<\/p>\n<p>Teklifle, 15 ya\u015f\u0131ndan k\u00fc\u00e7\u00fck \u00e7ocuklar sosyal payla\u015f\u0131m sitelerinde hesap a\u00e7amayacak, sadece ya\u015flar\u0131na uygun oyunlara eri\u015fim sa\u011flayabilecek. Bu konuda kimlik do\u011frulama uygulamas\u0131na ge\u00e7ilecek.<br \/>Sosyal medya platformlar\u0131 ya\u015f gruplar\u0131n\u0131 g\u00f6zeterek filtreleme ger\u00e7ekle\u015ftirecek, \u00e7ocuklara uygun olmayan i\u00e7eriklerin g\u00f6sterilmemesini sa\u011flayacak.<\/p>\n<p>Aile ve Sosyal Hizmetler Bakan\u0131 Mahinur \u00d6zdemir G\u00f6kta\u015f, Cumhurba\u015fkan\u0131 ve AK Parti Genel Ba\u015fkan\u0131 Recep Tayyip Erdo\u011fan ba\u015fkanl\u0131\u011f\u0131ndaki AK Parti Merkez Karar ve Y\u00f6netim Kurulu (MKYK) toplant\u0131s\u0131nda \u00e7ocuklarla y\u00f6nelik sosyal medya d\u00fczenlemesi hakk\u0131nda bilgi vererek sunum yapm\u0131\u015ft\u0131.<\/p>\n","protected":false},"excerpt":{"rendered":"<p>AK Parti milletvekillerinin, do\u011fum izninin 16 haftadan 24 haftaya y\u00fckseltilmesi ile 15 ya\u015f\u0131ndan k\u00fc\u00e7\u00fck \u00e7ocuklar\u0131n sosyal payla\u015f\u0131m sitelerinde hesap a\u00e7amamas\u0131na ili\u015fkin d\u00fczenlemeleri i\u00e7eren kanun teklifi ilerleyen g\u00fcnlerde TBMM Ba\u015fkanl\u0131\u011f\u0131na sunulacak.<\/p>\n","protected":false},"author":1,"featured_media":49003,"comment_status":"open","ping_status":"open","sticky":false,"template":"","format":"standard","meta":{"footnotes":""},"categories":[12],"tags":[1389,683,1112,172],"class_list":["post-49002","post","type-post","status-publish","format-standard","has-post-thumbnail","hentry","category-siyaset","tag-ak-parti","tag-cocuklar","tag-dogum","tag-sosyal"],"_links":{"self":[{"href":"https:\/\/bihavadis.com\/index.php\/wp-json\/wp\/v2\/posts\/49002","targetHints":{"allow":["GET"]}}],"collection":[{"href":"https:\/\/bihavadis.com\/index.php\/wp-json\/wp\/v2\/posts"}],"about":[{"href":"https:\/\/bihavadis.com\/index.php\/wp-json\/wp\/v2\/types\/post"}],"author":[{"embeddable":true,"href":"https:\/\/bihavadis.com\/index.php\/wp-json\/wp\/v2\/users\/1"}],"replies":[{"embeddable":true,"href":"https:\/\/bihavadis.com\/index.php\/wp-json\/wp\/v2\/comments?post=49002"}],"version-history":[{"count":1,"href":"https:\/\/bihavadis.com\/index.php\/wp-json\/wp\/v2\/posts\/49002\/revisions"}],"predecessor-version":[{"id":49004,"href":"https:\/\/bihavadis.com\/index.php\/wp-json\/wp\/v2\/posts\/49002\/revisions\/49004"}],"wp:featuredmedia":[{"embeddable":true,"href":"https:\/\/bihavadis.com\/index.php\/wp-json\/wp\/v2\/media\/49003"}],"wp:attachment":[{"href":"https:\/\/bihavadis.com\/index.php\/wp-json\/wp\/v2\/media?parent=49002"}],"wp:term":[{"taxonomy":"category","embeddable":true,"href":"https:\/\/bihavadis.com\/index.php\/wp-json\/wp\/v2\/categories?post=49002"},{"taxonomy":"post_tag","embeddable":true,"href":"https:\/\/bihavadis.com\/index.php\/wp-json\/wp\/v2\/tags?post=49002"}],"curies":[{"name":"wp","href":"https:\/\/api.w.org\/{rel}","templated":true}]}}