{"id":49018,"date":"2026-02-26T11:24:37","date_gmt":"2026-02-26T11:24:37","guid":{"rendered":"https:\/\/bihavadis.com\/?p=49018"},"modified":"2026-02-26T11:24:37","modified_gmt":"2026-02-26T11:24:37","slug":"cumhurbaskani-erdogan-misirda-resmi-torenle-karsilandi","status":"publish","type":"post","link":"https:\/\/bihavadis.com\/index.php\/2026\/02\/26\/cumhurbaskani-erdogan-misirda-resmi-torenle-karsilandi\/","title":{"rendered":"Cumhurba\u015fkan\u0131 Erdo\u011fan, M\u0131s\u0131r&#8217;da resmi t\u00f6renle kar\u015f\u0131land\u0131"},"content":{"rendered":"<p>Cumhurba\u015fkan\u0131 Recep Tayyip Erdo\u011fan, resmi ziyaret kapsam\u0131nda geldi\u011fi M\u0131s\u0131r&#8217;da bulunan Al-\u0130ttihadiye Saray\u0131&#8217;nda resmi t\u00f6renle kar\u015f\u0131land\u0131.<\/p>\n<p>Cumhurba\u015fkan\u0131 Recep Tayyip Erdo\u011fan, Suudi Arabistan temaslar\u0131n\u0131 tamamlayarak \u00fclkeden ayr\u0131ld\u0131. Riyad Kral Halid Uluslararas\u0131 Havaliman\u0131&#8217;ndan Cumhurba\u015fkan\u0131 Erdo\u011fan&#8217;\u0131, Riyad Emiri Prens Faisal bin Bandar Al Saud, Suudi Arabistan&#8217;\u0131n Ankara B\u00fcy\u00fckel\u00e7isi Fahad bin Assad Abualnasr ile T\u00fcrkiye&#8217;nin Riyad B\u00fcy\u00fckel\u00e7isi Emrullah \u0130\u015fler ve e\u015fi Ay\u015fenur \u0130\u015fler u\u011furlad\u0131. Cumhurba\u015fkan\u0131 Erdo\u011fan, Suudi Arabistan&#8217;\u0131n ard\u0131ndan M\u0131s\u0131r&#8217;a ge\u00e7ti. Riyad Kral Halid Uluslararas\u0131 Havaliman\u0131&#8217;ndan &#8220;TUR&#8221; u\u00e7a\u011f\u0131yla M\u0131s\u0131r&#8217;\u0131n ba\u015fkenti Kahire&#8217;ye gelen Cumhurba\u015fkan\u0131 Erdo\u011fan, Kahire Uluslararas\u0131 Havaliman\u0131&#8217;nda M\u0131s\u0131r Cumhurba\u015fkan\u0131 Abdulfettah es-Sisi ve e\u015fi Entissar Amer ile T\u00fcrkiye&#8217;nin Kahire B\u00fcy\u00fckel\u00e7isi Salih Mutlu \u015een taraf\u0131ndan kar\u015f\u0131land\u0131. Havaliman\u0131ndan Al-\u0130ttihadiye Saray\u0131&#8217;na ge\u00e7en Cumhurba\u015fkan\u0131 Erdo\u011fan, burada resmi t\u00f6renle kar\u015f\u0131land\u0131. Saraya giri\u015finde top at\u0131\u015flar\u0131yla ba\u015flayan resmi t\u00f6rende iki \u00fclke mar\u015flar\u0131 okundu. Erdo\u011fan ve Sisi, heyetlerinin tan\u0131t\u0131lmas\u0131n\u0131n ard\u0131ndan ikili g\u00f6r\u00fc\u015fmeye ge\u00e7ti. Liderler ikili g\u00f6r\u00fc\u015fmenin ard\u0131ndan heyetler aras\u0131 g\u00f6r\u00fc\u015fmeye ba\u015fkanl\u0131k edecek.<\/p>\n<p>Cumhurba\u015fkan\u0131 Erdo\u011fan, Kahire temaslar\u0131 kapsam\u0131nda iki \u00fclke aras\u0131nda anla\u015fmalar\u0131n imza t\u00f6renine de kat\u0131lacak. Cumhurba\u015fkan\u0131 Erdo\u011fan ve Sisi&#8217;nin g\u00f6r\u00fc\u015fmelerin ard\u0131ndan ortak bas\u0131n toplant\u0131s\u0131 d\u00fczenlemesi bekleniyor.<\/p>\n<p>Cumhurba\u015fkan\u0131 Erdo\u011fan&#8217;\u0131n, T\u00fcrkiye-M\u0131s\u0131r \u0130\u015f Forumu&#8217;na kat\u0131larak Kahire temaslar\u0131n\u0131 tamamlamas\u0131 bekleniyor.<\/p>\n<p>Cumhurba\u015fkan\u0131 Erdo\u011fan&#8217;a M\u0131s\u0131r ziyaretinde; e\u015fi Emine Erdo\u011fan, D\u0131\u015fi\u015fleri Bakan\u0131 Hakan Fidan, Hazine ve Maliye Bakan\u0131 Mehmet \u015eim\u015fek, Aile ve Sosyal Hizmetler Bakan\u0131 Mahinur \u00d6zdemir G\u00f6kta\u015f, Enerji ve Tabii Kaynaklar Bakan\u0131 Alparslan Bayraktar, Sanayi ve Teknoloji Bakan\u0131 Mehmet Fatih Kac\u0131r, Gen\u00e7lik ve Spor Bakan\u0131 Osman A\u015fk\u0131n Bak, Milli Savunma Bakan\u0131 Ya\u015far G\u00fcler ile Sa\u011fl\u0131k Bakan\u0131 Kemal Memi\u015fo\u011flu e\u015flik ediyor. &#8211; KAH\u0130RE<\/p>\n","protected":false},"excerpt":{"rendered":"<p>Cumhurba\u015fkan\u0131 Recep Tayyip Erdo\u011fan, resmi ziyaret kapsam\u0131nda geldi\u011fi M\u0131s\u0131r&#8217;da bulunan Al-\u0130ttihadiye Saray\u0131&#8217;nda resmi t\u00f6renle kar\u015f\u0131land\u0131.<\/p>\n","protected":false},"author":1,"featured_media":49019,"comment_status":"open","ping_status":"open","sticky":false,"template":"","format":"standard","meta":{"footnotes":""},"categories":[12],"tags":[2169,6349,899],"class_list":["post-49018","post","type-post","status-publish","format-standard","has-post-thumbnail","hentry","category-siyaset","tag-cumhurbaskani-erdogan","tag-kahire","tag-misir"],"_links":{"self":[{"href":"https:\/\/bihavadis.com\/index.php\/wp-json\/wp\/v2\/posts\/49018","targetHints":{"allow":["GET"]}}],"collection":[{"href":"https:\/\/bihavadis.com\/index.php\/wp-json\/wp\/v2\/posts"}],"about":[{"href":"https:\/\/bihavadis.com\/index.php\/wp-json\/wp\/v2\/types\/post"}],"author":[{"embeddable":true,"href":"https:\/\/bihavadis.com\/index.php\/wp-json\/wp\/v2\/users\/1"}],"replies":[{"embeddable":true,"href":"https:\/\/bihavadis.com\/index.php\/wp-json\/wp\/v2\/comments?post=49018"}],"version-history":[{"count":1,"href":"https:\/\/bihavadis.com\/index.php\/wp-json\/wp\/v2\/posts\/49018\/revisions"}],"predecessor-version":[{"id":49020,"href":"https:\/\/bihavadis.com\/index.php\/wp-json\/wp\/v2\/posts\/49018\/revisions\/49020"}],"wp:featuredmedia":[{"embeddable":true,"href":"https:\/\/bihavadis.com\/index.php\/wp-json\/wp\/v2\/media\/49019"}],"wp:attachment":[{"href":"https:\/\/bihavadis.com\/index.php\/wp-json\/wp\/v2\/media?parent=49018"}],"wp:term":[{"taxonomy":"category","embeddable":true,"href":"https:\/\/bihavadis.com\/index.php\/wp-json\/wp\/v2\/categories?post=49018"},{"taxonomy":"post_tag","embeddable":true,"href":"https:\/\/bihavadis.com\/index.php\/wp-json\/wp\/v2\/tags?post=49018"}],"curies":[{"name":"wp","href":"https:\/\/api.w.org\/{rel}","templated":true}]}}