{"id":49027,"date":"2026-02-26T11:30:06","date_gmt":"2026-02-26T11:30:06","guid":{"rendered":"https:\/\/bihavadis.com\/?p=49027"},"modified":"2026-02-26T11:30:06","modified_gmt":"2026-02-26T11:30:06","slug":"ak-partili-uye-secilme-hakkimi-cumhurbaskanim-verdi","status":"publish","type":"post","link":"https:\/\/bihavadis.com\/index.php\/2026\/02\/26\/ak-partili-uye-secilme-hakkimi-cumhurbaskanim-verdi\/","title":{"rendered":"AK Partili \u00dcye: Se\u00e7ilme Hakk\u0131m\u0131 Cumhurba\u015fkan\u0131m Verdi"},"content":{"rendered":"<p> Turgutlu Belediye Meclisi&#8217;nin \u015fubat ay\u0131 ola\u011fan toplant\u0131s\u0131nda konu\u015fan AK Partili \u00fcyesi Nevim Ba\u015f, &#8220;Evet, Gazi Mustafa Kemal Atat\u00fcrk se\u00e7me ve se\u00e7ilme hakk\u0131n\u0131 kad\u0131nlara vermi\u015ftir. Ba\u015f\u00f6rt\u00fcs\u00fc olmayan kad\u0131nlar i\u00e7in tebrik ediyorum. Onlar\u0131n g\u00fcn\u00fcn\u00fc kutluyorum. Fakat bana se\u00e7ilme hakk\u0131n\u0131 Cumhurba\u015fkan\u0131m\u0131z 31 Ekim 2013 tarihinde vermi\u015ftir&#8221; dedi.<\/p>\n<p><b>&#8220;\u0130NAN\u00c7LARINDAN DOLAYI \u0130NSANLARIN&#8230;&#8221;<\/b><\/p>\n<p>Turgutlu Belediye Meclisi&#8217;nin \u015fubat ay\u0131 ola\u011fan toplant\u0131s\u0131nda AK Partili meclis \u00fcyesi Nevim Ba\u015f&#8217;\u0131n kad\u0131nlara se\u00e7me ve se\u00e7ilme hakk\u0131na ili\u015fkin konu\u015fmas\u0131 tart\u0131\u015fmalara neden oldu. Ba\u015f, \u015funlar\u0131 s\u00f6yledi: &#8220;T\u00fcrkiye demokrasi tarihine postmodern darbe olarak ge\u00e7en 28 \u015eubat s\u00fcrecini anmak ve bu s\u00fcrecini toplumsal haf\u0131zam\u0131zda b\u0131rakt\u0131\u011f\u0131 izleri bir kez daha hat\u0131rlatmak isterim. \u0130nan\u00e7lar\u0131ndan dolay\u0131 insanlar\u0131n d\u0131\u015fland\u0131\u011f\u0131, gen\u00e7lerin e\u011fitim hakk\u0131n\u0131n engellendi\u011fi, 600 bin ba\u015f\u00f6rt\u00fcl\u00fc \u00f6\u011frencinin 10 y\u0131l boyunca e\u011fitimden mahrum b\u0131rak\u0131ld\u0131\u011f\u0131, 11 bin \u00f6\u011fretmenin i\u015finden edildi\u011fi bir d\u00f6nemdir. Bug\u00fcn burada 28 \u015eubat&#8217;\u0131 anarken bu k\u00fcrs\u00fcde ba\u015f\u00f6rt\u00fcs\u00fcyle s\u00f6z alabilen bir kad\u0131n meclis \u00fcyesi olarak konu\u015fuyor olmak, \u00fclkemizin nereden nereye geldi\u011finin sessiz ama g\u00fc\u00e7l\u00fc bir g\u00f6stergesidir. 28 \u015eubat&#8217;\u0131n kaybettirmeye \u00e7al\u0131\u015ft\u0131\u011f\u0131, toplumsal bar\u0131\u015f\u0131n yeniden in\u015fas\u0131 i\u00e7in \u00f6mr\u00fcn\u00fc milletine ve devletine adam\u0131\u015f Say\u0131n Cumhurba\u015fkan\u0131m\u0131za minnettarl\u0131\u011f\u0131m\u0131 ifade ederek,bu s\u00fcre\u00e7te ma\u011fdur edilen t\u00fcm kad\u0131nlar\u0131 ve t\u00fcm vatanda\u015flar\u0131m\u0131z\u0131 sayg\u0131yla an\u0131yor, demokrasiyi insan onurunu ve millet iradesini her ko\u015fulda savunmaya devam edece\u011fimizi bir kez daha vurgulamak istiyorum.&#8221;<\/p>\n<p><b>&#8220;MUSTAFA KEMAL&#8217;\u0130 ANSAYDIN MUTLU OLURDUM&#8221;<\/b><\/p>\n<p>Belediye Ba\u015fkan\u0131 \u00c7etin Ak\u0131n ise Ba\u015f&#8217;\u0131n konu\u015fmas\u0131n\u0131n ard\u0131ndan &#8220;Bir kere de sizlere kad\u0131nlara se\u00e7me se\u00e7ilme hakk\u0131n\u0131 veren Gazi Mustafa Kemal&#8217;i ansayd\u0131n \u00e7ok daha mutlu olurdum&#8221; diye konu\u015ftu. <\/p>\n<p><b>&#8220;BANA SE\u00c7ME SE\u00c7\u0130LME HAKKINI CUMHURBA\u015eKANIMIZ VERD\u0130&#8221;<\/b><\/p>\n<p>Ba\u015fkan Ak\u0131n&#8217;a yan\u0131t veren Ba\u015f, &#8220;Evet, Gazi Mustafa Kemal Atat\u00fcrk se\u00e7me ve se\u00e7ilme hakk\u0131n\u0131 kad\u0131nlara vermi\u015ftir. Ba\u015f\u00f6rt\u00fcs\u00fc olmayan kad\u0131nlar i\u00e7in tebrik ediyorum. Onlar\u0131n g\u00fcn\u00fcn\u00fc kutluyorum. Fakat bana se\u00e7ilme hakk\u0131n\u0131 Cumhurba\u015fkan\u0131m\u0131z 31 Ekim 2013 tarihinde vermi\u015ftir&#8221; dedi.<\/p>\n<p><b>&#8220;TAR\u0130H\u0130 B\u0130L\u0130N ONDAN SONRA KONU\u015eUN&#8221;<\/b><\/p>\n<p>Bunun \u00fczerine Belediye Ba\u015fkan\u0131 \u00c7etin Ak\u0131n, &#8220;Buralardan ekmek \u00e7\u0131km\u0131yor art\u0131k \u00e7ok komiksiniz yani. Ge\u00e7mi\u015fi, bir tarihi bilin ondan sonra konu\u015fun. Ke\u015fke emeklilerle ilgili bir \u015fey s\u00f6yleseniz, bu esnaf\u0131n ge\u00e7im s\u0131k\u0131nt\u0131yla ilgili bir \u015fey s\u00f6yleseniz, ke\u015fke bu memleket uyu\u015fturucu bata\u011f\u0131na batm\u0131\u015f, r\u00fc\u015fvet bata\u011f\u0131na batm\u0131\u015f, bunlarla ilgili bir \u015fey s\u00f6yleseniz burada. Ke\u015fke bir s\u00f6z al\u0131p da toplumun kanayan yaralar\u0131na bir parmak bassan\u0131z. Ke\u015fke d\u00fcn yanl\u0131\u015f dediklerinize bug\u00fcn do\u011fru dediklerinizi bir anlatsan\u0131z&#8221; ifadelerini kulland\u0131. <\/p>\n","protected":false},"excerpt":{"rendered":"<p>Turgutlu Belediye Meclisi&#8217;nde AK Partili meclis \u00fcyesi Nevim Ba\u015f&#8217;\u0131n kad\u0131nlara se\u00e7me ve se\u00e7ilme hakk\u0131na ili\u015fkin konu\u015fmas\u0131 tart\u0131\u015fmalara neden oldu. Ba\u015f, ba\u015f\u00f6rt\u00fcs\u00fc olmayan kad\u0131nlar\u0131n se\u00e7me ve se\u00e7ilme hakk\u0131n\u0131 Atat\u00fcrk&#8217;ten ald\u0131\u011f\u0131n\u0131, fakat kendisinin bu hakk\u0131 Cumhurba\u015fkan\u0131 Erdo\u011fan&#8217;dan ald\u0131\u011f\u0131n\u0131 ifade etti. Belediye Ba\u015fkan\u0131 \u00c7etin Ak\u0131n&#8217;\u0131n bu konu\u015fmaya tepkisi ise sert oldu.<\/p>\n","protected":false},"author":1,"featured_media":49028,"comment_status":"open","ping_status":"open","sticky":false,"template":"","format":"standard","meta":{"footnotes":""},"categories":[12],"tags":[1614,6382,1652,1029],"class_list":["post-49027","post","type-post","status-publish","format-standard","has-post-thumbnail","hentry","category-siyaset","tag-kadinlar","tag-secme","tag-subat","tag-tarihi"],"_links":{"self":[{"href":"https:\/\/bihavadis.com\/index.php\/wp-json\/wp\/v2\/posts\/49027","targetHints":{"allow":["GET"]}}],"collection":[{"href":"https:\/\/bihavadis.com\/index.php\/wp-json\/wp\/v2\/posts"}],"about":[{"href":"https:\/\/bihavadis.com\/index.php\/wp-json\/wp\/v2\/types\/post"}],"author":[{"embeddable":true,"href":"https:\/\/bihavadis.com\/index.php\/wp-json\/wp\/v2\/users\/1"}],"replies":[{"embeddable":true,"href":"https:\/\/bihavadis.com\/index.php\/wp-json\/wp\/v2\/comments?post=49027"}],"version-history":[{"count":1,"href":"https:\/\/bihavadis.com\/index.php\/wp-json\/wp\/v2\/posts\/49027\/revisions"}],"predecessor-version":[{"id":49029,"href":"https:\/\/bihavadis.com\/index.php\/wp-json\/wp\/v2\/posts\/49027\/revisions\/49029"}],"wp:featuredmedia":[{"embeddable":true,"href":"https:\/\/bihavadis.com\/index.php\/wp-json\/wp\/v2\/media\/49028"}],"wp:attachment":[{"href":"https:\/\/bihavadis.com\/index.php\/wp-json\/wp\/v2\/media?parent=49027"}],"wp:term":[{"taxonomy":"category","embeddable":true,"href":"https:\/\/bihavadis.com\/index.php\/wp-json\/wp\/v2\/categories?post=49027"},{"taxonomy":"post_tag","embeddable":true,"href":"https:\/\/bihavadis.com\/index.php\/wp-json\/wp\/v2\/tags?post=49027"}],"curies":[{"name":"wp","href":"https:\/\/api.w.org\/{rel}","templated":true}]}}