{"id":49037,"date":"2026-02-26T11:42:05","date_gmt":"2026-02-26T11:42:05","guid":{"rendered":"https:\/\/bihavadis.com\/?p=49037"},"modified":"2026-02-26T11:42:05","modified_gmt":"2026-02-26T11:42:05","slug":"almanyanin-yillik-enflasyonu-yuzde-21e-cikti","status":"publish","type":"post","link":"https:\/\/bihavadis.com\/index.php\/2026\/02\/26\/almanyanin-yillik-enflasyonu-yuzde-21e-cikti\/","title":{"rendered":"Almanya\u2019n\u0131n y\u0131ll\u0131k enflasyonu y\u00fczde 2,1\u2019e \u00e7\u0131kt\u0131"},"content":{"rendered":"<p>Koronavir\u00fcs salg\u0131n\u0131na kar\u015f\u0131 al\u0131nan tedbirler, Avrupa&#8217;da enflasyonu g\u00f6r\u00fclmemi\u015f seviyelere y\u00fckseltti.<\/p>\n<p>Al\u0131nan tedbirlerle d\u00fc\u015f\u00fcr\u00fclen enflasyon oranlar\u0131 hedeflenen seviyelere gerilemi\u015fken ya\u015fanan jeopolitik sorunlar, yeni art\u0131\u015flara neden olmaya ba\u015flad\u0131.<\/p>\n<p>Almanya&#8217;da t\u00fcketici fiyat endeksi (T\u00dcFE), g\u0131da ve hizmet kalemlerindeki art\u0131\u015f\u0131n etkisiyle ocak ay\u0131nda, y\u0131ll\u0131k bazda y\u00fczde 2,1 seviyesine \u00e7\u0131kt\u0131.<\/p>\n<p>Almanya Federal \u0130statistik Ofisi (Destatis), ocak ay\u0131na ili\u015fkin nihai enflasyon verilerini yay\u0131mlad\u0131.<\/p>\n<p>Buna g\u00f6re, Aral\u0131k 2025\u2019te y\u00fczde 1,8 olan y\u0131ll\u0131k enflasyon, ocak ay\u0131nda y\u00fczde 2,1\u2019e y\u00fckseldi. T\u00fcketici fiyatlar\u0131 ayl\u0131k bazda ise y\u00fczde 0,1 art\u0131\u015f kaydetti.<\/p>\n<p>Avrupa Birli\u011fi (AB) uyumlu T\u00dcFE ocakta ayl\u0131k y\u00fczde 0,1, y\u0131ll\u0131k ise y\u00fczde 2,1 art\u0131\u015fla beklentilere paralel ger\u00e7ekle\u015fti.\u00a0\u00a0<\/p>\n<p><strong>GIDA VE H\u0130ZMET F\u0130YATLARI ANA BEL\u0130RLEY\u0130C\u0130 OLDU<\/strong><\/p>\n<p>Destatis Ba\u015fkan\u0131 Ruth Brand, verilere ili\u015fkin de\u011ferlendirmesinde, y\u0131l\u0131n ba\u015f\u0131nda genel t\u00fcketici fiyatlar\u0131ndaki art\u0131\u015f\u0131n ivme kazand\u0131\u011f\u0131na dikkati \u00e7ekerek, <b><em>&#8220;\u00d6zellikle g\u0131da fiyatlar\u0131 ocak ay\u0131nda \u00f6nceki aylara k\u0131yasla daha belirgin bir art\u0131\u015f g\u00f6sterdi. Eyl\u00fcl-Aral\u0131k 2025 d\u00f6neminde g\u0131da fiyatlar\u0131ndaki art\u0131\u015f genel enflasyonun alt\u0131nda seyretmi\u015fti. Ayr\u0131ca hizmet fiyatlar\u0131ndaki y\u00fckseli\u015f ocak ay\u0131nda da enflasyonu yukar\u0131 \u00e7ekmeye devam ediyor.<\/em><\/b>&#8221; ifadelerini kulland\u0131.<\/p>\n<p>Verilere g\u00f6re, ocak ay\u0131nda g\u0131da fiyatlar\u0131 y\u0131ll\u0131k y\u00fczde 2,1, hizmet fiyatlar\u0131 y\u00fczde 3,2 art\u0131\u015f g\u00f6stererek enflasyonun temel belirleyicileri olmay\u0131 s\u00fcrd\u00fcrd\u00fc.<\/p>\n<p>G\u0131da kalemleri aras\u0131nda, yumurta y\u00fczde 12,5, meyve y\u00fczde 6,1, et ve et \u00fcr\u00fcnleri ise y\u00fczde 4,9\u2019luk art\u0131\u015fla \u00f6ne \u00e7\u0131kt\u0131. Hizmetler taraf\u0131nda ise ula\u015f\u0131m y\u00fczde 2,2, sa\u011fl\u0131k y\u00fczde 1,9 ve kiralar y\u00fczde 2,1 y\u00fckseldi.<\/p>\n<p>\u00d6te yandan, enerji fiyatlar\u0131 y\u0131ll\u0131k bazda y\u00fczde 1,7 gerilerken elektrik fiyatlar\u0131ndaki d\u00fc\u015f\u00fc\u015f y\u00fczde 3,2 olarak kay\u0131tlara ge\u00e7ti.<\/p>\n<p><img decoding=\"async\" src=\"https:\/\/bihavadis.com\/wp-content\/uploads\/2026\/02\/almanyanin-yillik-enflasyonu-yuzde-21e-cikti-0-PqhwEDl8.jpg\"\/><\/p>\n<p><strong>\u00c7EK\u0130RDEK ENFLASYON<\/strong><\/p>\n<p>Enerji ve g\u0131da hari\u00e7 tutularak hesaplanan &#8220;\u00e7ekirdek enflasyon&#8221; ise ocakta y\u00fczde 2,5 seviyesinde ger\u00e7ekle\u015fti.<\/p>\n","protected":false},"excerpt":{"rendered":"<p>Almanya&#8217;da t\u00fcketici fiyat endeksi, g\u0131da ve hizmet fiyatlar\u0131ndaki art\u0131\u015fla y\u00fczde 2,1&#8217;e y\u00fckseldi. Avrupa&#8217;n\u0131n dev ekonomisi Almanya&#8217;da beklentilere paralel a\u00e7\u0131kland\u0131.<\/p>\n","protected":false},"author":1,"featured_media":49038,"comment_status":"open","ping_status":"open","sticky":false,"template":"","format":"standard","meta":{"footnotes":""},"categories":[8],"tags":[265,75,412,705,3281],"class_list":["post-49037","post","type-post","status-publish","format-standard","has-post-thumbnail","hentry","category-ekonomi","tag-artis","tag-enflasyon","tag-fiyat","tag-gida","tag-yillik"],"_links":{"self":[{"href":"https:\/\/bihavadis.com\/index.php\/wp-json\/wp\/v2\/posts\/49037","targetHints":{"allow":["GET"]}}],"collection":[{"href":"https:\/\/bihavadis.com\/index.php\/wp-json\/wp\/v2\/posts"}],"about":[{"href":"https:\/\/bihavadis.com\/index.php\/wp-json\/wp\/v2\/types\/post"}],"author":[{"embeddable":true,"href":"https:\/\/bihavadis.com\/index.php\/wp-json\/wp\/v2\/users\/1"}],"replies":[{"embeddable":true,"href":"https:\/\/bihavadis.com\/index.php\/wp-json\/wp\/v2\/comments?post=49037"}],"version-history":[{"count":1,"href":"https:\/\/bihavadis.com\/index.php\/wp-json\/wp\/v2\/posts\/49037\/revisions"}],"predecessor-version":[{"id":49040,"href":"https:\/\/bihavadis.com\/index.php\/wp-json\/wp\/v2\/posts\/49037\/revisions\/49040"}],"wp:featuredmedia":[{"embeddable":true,"href":"https:\/\/bihavadis.com\/index.php\/wp-json\/wp\/v2\/media\/49038"}],"wp:attachment":[{"href":"https:\/\/bihavadis.com\/index.php\/wp-json\/wp\/v2\/media?parent=49037"}],"wp:term":[{"taxonomy":"category","embeddable":true,"href":"https:\/\/bihavadis.com\/index.php\/wp-json\/wp\/v2\/categories?post=49037"},{"taxonomy":"post_tag","embeddable":true,"href":"https:\/\/bihavadis.com\/index.php\/wp-json\/wp\/v2\/tags?post=49037"}],"curies":[{"name":"wp","href":"https:\/\/api.w.org\/{rel}","templated":true}]}}