{"id":49068,"date":"2026-02-26T12:00:08","date_gmt":"2026-02-26T12:00:08","guid":{"rendered":"https:\/\/bihavadis.com\/?p=49068"},"modified":"2026-02-26T12:00:08","modified_gmt":"2026-02-26T12:00:08","slug":"elazigda-babasini-oldurup-annesini-yaralayan-16-yasindaki-cocugun-savunmasi","status":"publish","type":"post","link":"https:\/\/bihavadis.com\/index.php\/2026\/02\/26\/elazigda-babasini-oldurup-annesini-yaralayan-16-yasindaki-cocugun-savunmasi\/","title":{"rendered":"Elaz\u0131\u011f&#8217;da babas\u0131n\u0131 \u00f6ld\u00fcr\u00fcp annesini yaralayan 16 ya\u015f\u0131ndaki \u00e7ocu\u011fun savunmas\u0131"},"content":{"rendered":"<p>Ge\u00e7ti\u011fimiz y\u0131l Elaz\u0131\u011f korkun\u00e7 bir cinayete sahne olmu\u015ftu.<\/p>\n<p>T\u00fcm T\u00fcrkiye&#8217;yi etkileyen davada yeni geli\u015fmeler ya\u015fanmaya devam ediyor.<\/p>\n<p>Babas\u0131n\u0131 \u00f6ld\u00fcr\u00fcp annesini de yaralayan 16 ya\u015f\u0131ndaki \u00e7ocuk mahkemede detaylar\u0131 anlatt\u0131.<\/p>\n<p><strong>DURU\u015eMADA ANNE  VE AVUKATLAR HAZIR BULUNDU<\/strong><\/p>\n<p>16 ya\u015f\u0131ndaki K.K. g\u00fcvenlik korucusu babas\u0131 Gen\u00e7osman K.\u2019ya ait silah\u0131 alarak ate\u015f etmeye ba\u015flad\u0131.<\/p>\n<p>Olayda baba Gen\u00e7osman K. olay yerinde hayat\u0131n\u0131 kaybederken, anne G.K. ise yaraland\u0131. K.K. ise tutuklanarak cezaevine g\u00f6nderilmi\u015fti.<\/p>\n<p>Elaz\u0131\u011f 4. A\u011f\u0131r Ceza Mahkemesi\u2019nde g\u00f6r\u00fclen ilk duru\u015fmada, anne G\u00fclhan K., avukatlar ve yak\u0131nlar\u0131 haz\u0131r bulunurken tutuklu san\u0131k K.K. ise, Ses ve G\u00f6r\u00fcnt\u00fc Bili\u015fim Sistemi (SEGB\u0130S) y\u00f6ntemiyle, davaya kat\u0131ld\u0131.<\/p>\n<p><strong>&#8220;ATE\u015e ETT\u0130KTEN SONRA EL\u0130M S\u0130LAHTA K\u0130L\u0130TL\u0130 KALMI\u015e&#8221;<\/strong><\/p>\n<p>Olay\u0131 anlatan K.K., <em><b>&#8220;Olay g\u00fcn\u00fc saat 4.30 gibi kuzenimle sohbet ediyordum. <\/b><\/em><\/p>\n<p><em><b>K\u0131z karde\u015fim beni arad\u0131 &#8216;abi \u00e7abuk buraya gel&#8217; dedi. <\/b><\/em><\/p>\n<p><em><b>Evin kap\u0131s\u0131n\u0131n \u00f6n\u00fcne vard\u0131\u011f\u0131mda evin i\u00e7erisinden \u00e7\u0131\u011fl\u0131k sesleri geliyordu. <\/b><\/em><\/p>\n<p><em><b>Karde\u015fim &#8216;b\u0131rak annemi&#8217; diye ba\u011f\u0131r\u0131yordu. Eve girince misafir odas\u0131n\u0131n kap\u0131s\u0131 kapal\u0131yd\u0131. <\/b><\/em><\/p>\n<p><em><b>Kap\u0131y\u0131 a\u00e7\u0131nca babam\u0131n annemin bo\u011faz\u0131n\u0131 s\u0131kt\u0131\u011f\u0131n\u0131 g\u00f6rd\u00fcm. Karde\u015fimde &#8216;annem \u00f6ld\u00fc&#8217; diyerek \u00e7\u0131\u011fl\u0131k at\u0131yordu.<\/b><\/em><\/p>\n<p><em><b>Dolab\u0131n i\u00e7erisinden silah\u0131 ald\u0131m. Odan\u0131n kap\u0131s\u0131n\u0131 a\u00e7t\u0131m duvara do\u011fru ate\u015f ettim. <\/b><\/em><\/p>\n<p><em><b>Bir anda g\u00f6zlerim kararmaya ba\u015flad\u0131. Hedef g\u00f6zetmeksizin duvar\u0131 hedef alarak ate\u015f ettim. <\/b><\/em><\/p>\n<p><em><b>Olay\u0131 tam olarak hat\u0131rlam\u0131yorum. Bir el ate\u015f ettikten sonra elim silahta kilitli kalm\u0131\u015f.<\/b><\/em><\/p>\n<p><img decoding=\"async\" src=\"https:\/\/bihavadis.com\/wp-content\/uploads\/2026\/02\/elazigda-babasini-oldurup-annesini-yaralayan-16-yasindaki-cocugun-savunmasi-0-GZAUkUNG.jpg\"\/><\/p>\n<p><strong>&#8220;AMACIM BABAMI KORKUTMAKTI&#8221;<\/strong><\/p>\n<p><em><b>Gerisini hat\u0131rlam\u0131yorum. Amac\u0131m silah sesiyle babam\u0131 korkutmakt\u0131 vurmak de\u011fildi. <\/b><\/em><\/p>\n<p><em><b>B\u00f6yle olmas\u0131n\u0131 ben de istemezdim. Babam y\u0131llarca anneme \u015fiddet uyguluyordu&#8221; dedi.<\/b><\/em><\/p>\n<p><em><b>Babas\u0131n\u0131n silahtan korkan biri olmad\u0131\u011f\u0131n\u0131 aktaran K.K., &#8220;Silah sesinden korkar diye ate\u015f ettim. MTS tip 2 rahats\u0131zl\u0131\u011f\u0131m var. <\/b><\/em><\/p>\n<p><em><b>\u0130\u00e7inde ka\u00e7 tane mermi var diye \u015farj\u00f6r\u00fc a\u00e7\u0131p bakmad\u0131m. Sonras\u0131nda hastal\u0131\u011f\u0131m sebebiyle g\u00f6z\u00fcm karard\u0131. <\/b><\/em><\/p>\n<p><em><b>Bu a\u015famadan sonra ka\u00e7 el veya nereye do\u011fru ate\u015f etti\u011fimi hat\u0131rlam\u0131yorum. Kedime geldi\u011fimde annem yerde yat\u0131yordu.<\/b><\/em><\/p>\n<p><strong>&#8220;S\u0130LAHI BIRAKARAK ANNEM\u0130N YARASINA BASTIRDIM&#8221;<\/strong><\/p>\n<p><em><b>Babam da yerde yat\u0131yordu. Annem boynunu tutarak bana do\u011fru geliyordu. \u0130lk at\u0131\u015f de\u011fdi mi bilmiyorum. <\/b><\/em><\/p>\n<p><em><b>Ate\u015f ederken aram\u0131zda 3 veya 5 metre kadar mesafe vard\u0131. Silah\u0131 b\u0131rakarak annemin yaras\u0131na bast\u0131rd\u0131m ve 112\u2019yi arad\u0131m. <\/b><\/em><\/p>\n<p><em><b>Annem ve babam i\u00e7in ambulans istedim. D\u0131\u015far\u0131 \u00e7\u0131kt\u0131\u011f\u0131mda ambulans gelmemi\u015fti. Annem yengem ve ben hastaneye gittik. <\/b><\/em><\/p>\n<p><em><b>Babam o s\u0131rada i\u00e7eride yat\u0131yordu. Sonras\u0131nda polisler gelip m\u00fcdahale etti&#8221;<\/b><\/em> diye konu\u015ftu.<\/p>\n<p><strong>&#8220;ANNEM BO\u015eANMAK \u0130ST\u0130YORDU FAKAT BABAM KABUL ETM\u0130YORDU&#8221;<\/strong><\/p>\n<p>K.K. ifadesinin devam\u0131nda, <em><b>&#8220;Babam uzun zamand\u0131r anneme \u015fiddet uygulard\u0131. Silah\u0131 s\u0131kt\u0131ktan sonra babam annemin bo\u011faz\u0131n\u0131 b\u0131rakt\u0131 m\u0131 b\u0131rakmad\u0131 m\u0131 bilmiyorum.<\/b><\/em><\/p>\n<p><em><b> Hat\u0131rlam\u0131yorum. Olay g\u00fcn\u00fc kulland\u0131\u011f\u0131m ilac\u0131 alm\u0131\u015ft\u0131m. A\u011f\u0131r bir ila\u00e7 oldu\u011fundan dolay\u0131 kendime hakim olam\u0131yorum. <\/b><\/em><\/p>\n<p><em><b>\u00c7ok pi\u015fman\u0131m b\u00f6yle bir \u015fey olmas\u0131n\u0131 istemezdim. Babam\u0131 \u00f6ld\u00fcrmek istemezdim. Babam kuvvetli bir adamd\u0131 onu ay\u0131rmak isteseydim de ay\u0131ramazd\u0131m. <\/b><\/em><\/p>\n<p><em><b>Babamla aram \u00e7ok iyiydi. Annemle babam\u0131 ay\u0131rmaya \u00e7al\u0131\u015ft\u0131\u011f\u0131m zamanlarda beni de vuruyordu. Ben asla &#8216;annemin bo\u011faz\u0131n\u0131 s\u0131k\u0131yordu bende kafas\u0131na s\u0131kt\u0131m&#8217; demedim. <\/b><\/em><\/p>\n<p><em><b>Olaydan bir iki ay \u00f6nce annem bo\u015fanmak istiyordu fakat babam kabul etmiyordu. Olaydan sonra silah\u0131 temizlemedim&#8221; <\/b><\/em>dedi.<\/p>\n<p><strong>&#8220;E\u015e\u0130M B\u0130R GECE O\u011eLUMU BO\u011eMAYA \u00c7ALI\u015eMI\u015eTI ONU KURTARDIM&#8221;<\/strong><\/p>\n<p>\u015eiddetli ge\u00e7imsizlikleri olduklar\u0131n\u0131 aktaran anne G.K. ise <em><b>&#8220;O g\u00fcn banyoda temizlik yaparken e\u015fim bana beddua etmeye ba\u015flad\u0131, bizde tart\u0131\u015ft\u0131k. <\/b><\/em><\/p>\n<p><em><b>Bana &#8216;Allah belan\u0131 versin \u00f6lmeni istiyorum. Annen veya baban \u00f6ls\u00fcn&#8217; dedi. Bende ezan okunuyor Allah sorar dedim. Mutfakta tart\u0131\u015fma devam etti. <\/b><\/em><\/p>\n<p><em><b>Sandalyeyle bana vurmaya \u00e7al\u0131\u015ft\u0131 k\u0131z\u0131m araya girdi. Beni misafir odas\u0131na iteledi, k\u0131z\u0131ma &#8216;telefonu ver polisi arayaca\u011f\u0131m&#8217; dedim. <\/b><\/em><\/p>\n<p><em><b>Ben \u00f6yle deyince daha \u00e7ok sinirlendi bo\u011faz\u0131ma yap\u0131\u015ft\u0131. O esnada silah sesi duydum boynumda bir ac\u0131 hissettim ne oldu\u011funu anlayamad\u0131m. <\/b><\/em><\/p>\n<p><em><b>E\u015fim yere d\u00fc\u015ft\u00fc o s\u0131rada kap\u0131da o\u011flumu g\u00f6rd\u00fcm. Sonras\u0131n\u0131 hat\u0131rlam\u0131yorum. Kendimi koridora att\u0131m. O\u011flum bana m\u00fcdahale etti. <\/b><\/em><\/p>\n<p><em><b>O an vuruldu\u011fum i\u00e7in \u015foka girmi\u015ftim. E\u015fime ondan dolay\u0131 m\u00fcdahale edemedim. Silah her zaman dolab\u0131n i\u00e7indeydi. <\/b><\/em><\/p>\n<p><em><b>\u015earj\u00f6r\u00fc he zaman doluydu. E\u015fim bir gece o\u011flumu bo\u011fmaya \u00e7al\u0131\u015fm\u0131\u015ft\u0131 onu kurtard\u0131m. Bu olay bir ay \u00f6ncesinde olmu\u015ftu.<\/b><\/em><\/p>\n<p><strong>&#8220;O\u011eLUMDAN \u015e\u0130KAYET\u00c7\u0130 DE\u011e\u0130L\u0130M&#8221;<\/strong><\/p>\n<p><em><b>Ben o\u011flumdan \u015fikayet\u00e7i de\u011filim. Ben e\u015fimden bo\u015fanmak istiyordum fakat kendisi kabul etmiyordu&#8221;<\/b><\/em> ifadelerini kulland\u0131.<\/p>\n<p>\u0130fadelerin ard\u0131ndan mahkeme, eksik hususlar\u0131n giderilmesi i\u00e7in ileri bir tarihe ertelendi.<\/p>\n<p><img decoding=\"async\" src=\"https:\/\/bihavadis.com\/wp-content\/uploads\/2026\/02\/elazigda-babasini-oldurup-annesini-yaralayan-16-yasindaki-cocugun-savunmasi-1-cC2cfMIS.jpg\"\/><\/p>\n","protected":false},"excerpt":{"rendered":"<p>Palu il\u00e7esinde ge\u00e7ti\u011fimiz y\u0131l, silahla babas\u0131n\u0131 \u00f6ld\u00fcren ve annesini yaralayan san\u0131k \u00e7ocuk, mahkemede t\u00fcm detaylar\u0131 anlatt\u0131. 16 ya\u015f\u0131ndaki \u00e7ocuk ifadesinde, &#8220;Amac\u0131m babam\u0131 korkutmakt\u0131&#8221; dedi.<\/p>\n","protected":false},"author":1,"featured_media":49069,"comment_status":"open","ping_status":"open","sticky":false,"template":"","format":"standard","meta":{"footnotes":""},"categories":[4,13],"tags":[299,389,727,256,248],"class_list":["post-49068","post","type-post","status-publish","format-standard","has-post-thumbnail","hentry","category-gundem","category-son-dakika","tag-anne","tag-ates","tag-baba","tag-olay","tag-silah"],"_links":{"self":[{"href":"https:\/\/bihavadis.com\/index.php\/wp-json\/wp\/v2\/posts\/49068","targetHints":{"allow":["GET"]}}],"collection":[{"href":"https:\/\/bihavadis.com\/index.php\/wp-json\/wp\/v2\/posts"}],"about":[{"href":"https:\/\/bihavadis.com\/index.php\/wp-json\/wp\/v2\/types\/post"}],"author":[{"embeddable":true,"href":"https:\/\/bihavadis.com\/index.php\/wp-json\/wp\/v2\/users\/1"}],"replies":[{"embeddable":true,"href":"https:\/\/bihavadis.com\/index.php\/wp-json\/wp\/v2\/comments?post=49068"}],"version-history":[{"count":1,"href":"https:\/\/bihavadis.com\/index.php\/wp-json\/wp\/v2\/posts\/49068\/revisions"}],"predecessor-version":[{"id":49072,"href":"https:\/\/bihavadis.com\/index.php\/wp-json\/wp\/v2\/posts\/49068\/revisions\/49072"}],"wp:featuredmedia":[{"embeddable":true,"href":"https:\/\/bihavadis.com\/index.php\/wp-json\/wp\/v2\/media\/49069"}],"wp:attachment":[{"href":"https:\/\/bihavadis.com\/index.php\/wp-json\/wp\/v2\/media?parent=49068"}],"wp:term":[{"taxonomy":"category","embeddable":true,"href":"https:\/\/bihavadis.com\/index.php\/wp-json\/wp\/v2\/categories?post=49068"},{"taxonomy":"post_tag","embeddable":true,"href":"https:\/\/bihavadis.com\/index.php\/wp-json\/wp\/v2\/tags?post=49068"}],"curies":[{"name":"wp","href":"https:\/\/api.w.org\/{rel}","templated":true}]}}