{"id":49159,"date":"2026-02-26T13:03:06","date_gmt":"2026-02-26T13:03:06","guid":{"rendered":"https:\/\/bihavadis.com\/?p=49159"},"modified":"2026-02-26T13:03:06","modified_gmt":"2026-02-26T13:03:06","slug":"japonyada-kar-firtinasi-35-can-kaybi","status":"publish","type":"post","link":"https:\/\/bihavadis.com\/index.php\/2026\/02\/26\/japonyada-kar-firtinasi-35-can-kaybi\/","title":{"rendered":"Japonya&#8217;da Kar F\u0131rt\u0131nas\u0131: 35 Can Kayb\u0131"},"content":{"rendered":"<p>\n<p>JAPONYA&#8217;da 20 Ocak&#8217;tan bu yana etkili olan \u015fiddetli kar ya\u011f\u0131\u015f\u0131 nedeniyle ya\u015fam\u0131n\u0131 yitirenlerin say\u0131s\u0131 35&#8217;e y\u00fckseldi.<\/p>\n<p> Japonya Yang\u0131n ve Afet Y\u00f6netim Ajans\u0131, \u00fclke genelinde k\u0131\u015f \u015fartlar\u0131ndan kaynaklanan \u00f6l\u00fcm ve yaralanma vakalar\u0131na ili\u015fkin a\u00e7\u0131klama yapt\u0131. Ajans, kar ya\u011f\u0131\u015f\u0131 ve so\u011fuk hava nedeniyle \u00fclke genelinde 35 ki\u015finin hayat\u0131n\u0131 kaybetti\u011fini, 358 ki\u015finin ise yaraland\u0131\u011f\u0131n\u0131 duyurdu. Niigata, Akita, Yamagata, Hokkaido ve Aomori ba\u015fta olmak \u00fczere bir\u00e7ok eyalette can kay\u0131plar\u0131 rapor edilirken, Japon Denizi k\u0131y\u0131s\u0131ndaki Niigata eyaletinin en \u00e7ok etkilenen b\u00f6lge oldu\u011fu ve burada 12 ki\u015finin ya\u015fam\u0131n\u0131 yitirdi\u011fi belirtildi.<\/p>\n<p>\u0130tfaiye yetkilileri, \u00f6l\u00fcmlerin b\u00fcy\u00fck bir k\u0131sm\u0131n\u0131n kar temizleme \u00e7al\u0131\u015fmalar\u0131 s\u0131ras\u0131nda meydana geldi\u011fini bildirdi. \u00c7at\u0131lardan d\u00fc\u015fmeler ve \u00e7al\u0131\u015fma s\u0131ras\u0131nda ya\u015fanan ani rahats\u0131zl\u0131klar\u0131n can kay\u0131plar\u0131n\u0131n ba\u015fl\u0131ca nedenleri oldu\u011fu kaydedildi. \u015eiddetli hava ko\u015fullar\u0131n\u0131n 14 konuta hasar verdi\u011fi belirtilirken, hava s\u0131cakl\u0131klar\u0131n\u0131n artmas\u0131yla birlikte yetkililer \u00e7\u0131\u011f d\u00fc\u015fmesi, \u00e7at\u0131lardan kar k\u00fctlelerinin kaymas\u0131 ve trafik aksamalar\u0131 konusunda vatanda\u015flar\u0131 uyard\u0131.<\/p>\n","protected":false},"excerpt":{"rendered":"<p>Japonya&#8217;da etkili olan kar ya\u011f\u0131\u015f\u0131 nedeniyle 35 ki\u015fi hayat\u0131n\u0131 kaybetti, 358 ki\u015fi yaraland\u0131.<\/p>\n","protected":false},"author":1,"featured_media":49160,"comment_status":"open","ping_status":"open","sticky":false,"template":"","format":"standard","meta":{"footnotes":""},"categories":[6],"tags":[],"class_list":["post-49159","post","type-post","status-publish","format-standard","has-post-thumbnail","hentry","category-dunya"],"_links":{"self":[{"href":"https:\/\/bihavadis.com\/index.php\/wp-json\/wp\/v2\/posts\/49159","targetHints":{"allow":["GET"]}}],"collection":[{"href":"https:\/\/bihavadis.com\/index.php\/wp-json\/wp\/v2\/posts"}],"about":[{"href":"https:\/\/bihavadis.com\/index.php\/wp-json\/wp\/v2\/types\/post"}],"author":[{"embeddable":true,"href":"https:\/\/bihavadis.com\/index.php\/wp-json\/wp\/v2\/users\/1"}],"replies":[{"embeddable":true,"href":"https:\/\/bihavadis.com\/index.php\/wp-json\/wp\/v2\/comments?post=49159"}],"version-history":[{"count":1,"href":"https:\/\/bihavadis.com\/index.php\/wp-json\/wp\/v2\/posts\/49159\/revisions"}],"predecessor-version":[{"id":49161,"href":"https:\/\/bihavadis.com\/index.php\/wp-json\/wp\/v2\/posts\/49159\/revisions\/49161"}],"wp:featuredmedia":[{"embeddable":true,"href":"https:\/\/bihavadis.com\/index.php\/wp-json\/wp\/v2\/media\/49160"}],"wp:attachment":[{"href":"https:\/\/bihavadis.com\/index.php\/wp-json\/wp\/v2\/media?parent=49159"}],"wp:term":[{"taxonomy":"category","embeddable":true,"href":"https:\/\/bihavadis.com\/index.php\/wp-json\/wp\/v2\/categories?post=49159"},{"taxonomy":"post_tag","embeddable":true,"href":"https:\/\/bihavadis.com\/index.php\/wp-json\/wp\/v2\/tags?post=49159"}],"curies":[{"name":"wp","href":"https:\/\/api.w.org\/{rel}","templated":true}]}}