{"id":49166,"date":"2026-02-26T13:09:06","date_gmt":"2026-02-26T13:09:06","guid":{"rendered":"https:\/\/bihavadis.com\/?p=49166"},"modified":"2026-02-26T13:09:06","modified_gmt":"2026-02-26T13:09:06","slug":"demirtasin-tahliyesi-icin-aihm-kararlarina-uyum-onerisi","status":"publish","type":"post","link":"https:\/\/bihavadis.com\/index.php\/2026\/02\/26\/demirtasin-tahliyesi-icin-aihm-kararlarina-uyum-onerisi\/","title":{"rendered":"Demirta\u015f&#8217;\u0131n Tahliyesi \u0130\u00e7in A\u0130HM Kararlar\u0131na Uyum \u00d6nerisi"},"content":{"rendered":"<p>\n<p>MHP Genel Ba\u015fkan Yard\u0131mc\u0131s\u0131 Feti Y\u0131ld\u0131z, &#8220;Demirta\u015f&#8217;\u0131n tahliyesine mahkemeler karar verir. Avrupa \u0130nsan Haklar\u0131 Mahkemesi (A\u0130HM) kararlar\u0131 ile Anayasa Mahkemesi (AYM) kararlar\u0131na uymak laz\u0131m. E\u011fer A\u0130HM bir ihlal g\u00f6rd\u00fcyse, tahliyesi konusunda da bir beyan\u0131 varsa elbette tahliye edilmesi laz\u0131m&#8221; dedi.<\/p>\n<p>TBMM Ba\u015fkan\u0131 Numan Kurtulmu\u015f, Milli Dayan\u0131\u015fma, Karde\u015flik ve Demokrasi Komisyonu&#8217;nun koordinat\u00f6r grup ba\u015fkan ve ba\u015fkanvekilleri ile bir araya geldi. Kabulde; AK Parti Grup Ba\u015fkanvekili Abdulhamit G\u00fcl, CHP Grup Ba\u015fkanvekili Murat Emir, DEM Parti Grup Ba\u015fkanvekili G\u00fclistan K\u0131l\u0131\u00e7 Ko\u00e7yi\u011fit, MHP Genel Ba\u015fkan Yard\u0131mc\u0131s\u0131 Feti Y\u0131ld\u0131z ve Yeni Yol Partisi Grup Ba\u015fkan\u0131 B\u00fclent Kaya yer ald\u0131. MHP Genel Ba\u015fkan Yard\u0131mc\u0131s\u0131 Y\u0131ld\u0131z ve CHP Grup Ba\u015fkanvekili Emir, g\u00f6r\u00fc\u015fme \u00f6ncesi gazetecilerin sorular\u0131n\u0131 yan\u0131tlad\u0131. Feti Y\u0131ld\u0131z, &#8220;Son toplant\u0131dan bir \u00f6nceki toplant\u0131 olmas\u0131 m\u00fcmk\u00fcn g\u00f6r\u00fcn\u00fcyor. Ba\u015f\u0131ndan itibaren \u00e7al\u0131\u015fmalar\u0131m\u0131zda mutabakat var. Demirta\u015f&#8217;\u0131n tahliyesine mahkemeler karar verir. A\u0130HM kararlar\u0131 ile AYM kararlar\u0131na uymak laz\u0131m. E\u011fer A\u0130HM bir ihlal g\u00f6rd\u00fcyse, tahliyesi konusunda da bir beyan\u0131 varsa elbette tahliye edilmesi laz\u0131m. D\u00fcn grup toplant\u0131s\u0131n\u0131n son k\u0131sm\u0131nda gerekli a\u00e7\u0131klamalar yap\u0131ld\u0131. Hepsini toparlad\u0131 asl\u0131nda ve t\u00fcm s\u00fcreci \u00f6zetleyen bir a\u00e7\u0131klama oldu. Bunun \u00fczerine bizim a\u00e7\u0131klama yapmam\u0131za gerek yok&#8221; ifadelerini kulland\u0131. <\/p>\n<p>&#8216;S\u00dcRE\u00c7, TER\u00d6RS\u00dcZ B\u00d6LGEYE EVR\u0130LD\u0130&#8217;<\/p>\n<p>Yasal d\u00fczenlemelere ili\u015fkin soruyu de\u011ferlendiren Y\u0131ld\u0131z, &#8220;Biz \u00e7er\u00e7eve metni haz\u0131rlayaca\u011f\u0131z. Kanun teklifi haline gelip gelmemesi y\u00fcce Meclis&#8217;in i\u015fidir. Meclis&#8217;te gruplar anla\u015f\u0131rsa kanun teklifi haline gelir. Buradan bir mutabakatla ge\u00e7ti\u011fi i\u00e7in kanunla\u015fmas\u0131 \u00e7ok uzun s\u00fcrmez. Bu s\u00fcre\u00e7 \u00e7ok uzamaz, 1-2 ya da 3 hafta gibi bir kesin s\u00fcre veremeyiz ancak \u00e7ok uzamaz. Bana g\u00f6re nisan ay\u0131 ge\u00e7 olur. Elbette teyit ve tespit bir ko\u015fuldur. Bizim haz\u0131rlayaca\u011f\u0131m\u0131z m\u00fc\u015fterek raporda da teyit ve tespit \u015fart\u0131 var ve bu konuda bir anla\u015fmazl\u0131k yok. Her \u015fey g\u00fcn g\u00fcn daha iyi olacak. Bak\u0131n &#8216;Ter\u00f6rs\u00fcz T\u00fcrkiye&#8217; s\u00fcreci, ter\u00f6rs\u00fcz b\u00f6lge s\u00fcrecine evrildi. \u0130n\u015fallah ter\u00f6rs\u00fcz d\u00fcnyaya da evrilir. Atlantik&#8217;in \u00f6b\u00fcr taraf\u0131ndan bir a\u00e7\u0131klama yap\u0131l\u0131yor ve ekonomi alt \u00fcst oluyor. D\u00fcnya o kadar k\u00fc\u00e7\u00fcld\u00fc ki yetkililerinden herhangi birinin s\u00f6yledi\u011fi s\u00f6z do\u011frudan cebimize, kasam\u0131za ve mutfa\u011f\u0131m\u0131za yans\u0131r hale geldi. Bundan dolay\u0131 ter\u00f6r d\u00fcnyada in\u015fallah biter. \u0130nsanl\u0131k da do\u011fru d\u00fczg\u00fcn bir nefes al\u0131r. \u00c7\u00fcnk\u00fc vekalet sava\u015flar\u0131yla emperyalist ama\u00e7lar\u0131n\u0131 devam ettirmek isteyen devletler var. \u0130n\u015fallah \u00e7\u0131k\u0131\u015fta raporun da son \u015feklini vermi\u015f oluruz. Bu toplant\u0131da neticelendirip \u00e7\u0131kaca\u011f\u0131z&#8221; diye konu\u015ftu.<\/p>\n<p>&#8216;HER KONUDA UYUM \u0130\u00c7ER\u0130S\u0130NDEY\u0130Z&#8217;<\/p>\n<p>Feti Y\u0131ld\u0131z, MHP Genel Ba\u015fkan\u0131 Devlet Bah\u00e7eli&#8217;nin grup toplant\u0131s\u0131ndaki a\u00e7\u0131klamalar\u0131n\u0131n sahada kar\u015f\u0131l\u0131k bulundu\u011funu ve T\u00fcrkiye genelinden telefonlar\u0131n geldi\u011fini ifade etti. Y\u0131ld\u0131z, &#8220;16 ayd\u0131r bir \u015fehidimiz gelmedi. Bu ne demek? Bunu izah edecek bir kelime yok, bunun kar\u015f\u0131l\u0131\u011f\u0131 da yok. Ne mutlu bizlere ki \u00e7\u0131k\u0131lan yolda bu noktaya kadar ba\u015far\u0131yla gelindi, in\u015fallah ba\u015far\u0131yla da neticelenir. Bu saatten sonra bu i\u015f geriye d\u00f6nmez, bu i\u015f bitti. Cumhur \u0130ttifak\u0131&#8217;n\u0131n bu konularda en ufak bir d\u00fc\u015f\u00fcncesi yok. Her konuda tamamen uyum i\u00e7erisindeyiz, raporda da g\u00f6receksiniz&#8221; dedi. <\/p>\n<p>&#8216;\u00c7ALI\u015eMALARIN B\u0130R AN EVVEL SONU\u00c7LANDIRILMASINDA FAYDA VAR&#8217;<\/p>\n<p>Murat Emir ise raporda mutabakat olup olmayaca\u011f\u0131 y\u00f6n\u00fcndeki soruyu, \u015f\u00f6yle cevaplad\u0131: <\/p>\n<p>&#8220;Komisyon \u00e7al\u0131\u015fmalar\u0131n\u0131n bir an evvel sonu\u00e7land\u0131r\u0131lmas\u0131nda yarar var. \u00c7\u00fcnk\u00fc ger\u00e7ekten de t\u00fcm siyasi partilerin hem T\u00fcrkiye&#8217;de ter\u00f6r\u00fcn kal\u0131c\u0131 bi\u00e7imde sonu\u00e7land\u0131r\u0131lmas\u0131 i\u00e7in hem de \u00fclkemizdeki demokratikle\u015fme ve hukuk devleti ad\u0131na at\u0131lmas\u0131 gereken ad\u0131mlar ile ilgili b\u00fcy\u00fck oranda g\u00f6r\u00fc\u015f birli\u011fi oldu\u011funu s\u00f6yleyebilirim. Elbette ki siyasi partilerin tutumlar\u0131, raporlar\u0131 var ama aradaki mesafe de olduk\u00e7a azalm\u0131\u015f durumda. Her bir konu i\u00e7in tek tek ayr\u0131nt\u0131 vermek \u00e7ok do\u011fru olmaz ama buradaki uzla\u015f\u0131 maddeler yerine raporun bir b\u00fct\u00fcn olarak de\u011ferlendirilip oylanmas\u0131 son derece \u00f6nemli. Bu nedenle biz bu ayr\u0131nt\u0131lar\u0131n \u015fu anda payla\u015f\u0131lmas\u0131n\u0131 yerinde bulmuyoruz. Ancak \u015funu s\u00f6yleyebilirim; \u00f6zellikle ter\u00f6r\u00fcn sonu\u00e7land\u0131r\u0131lmas\u0131 ve demokratikle\u015fme ile ilgili \u00e7ok fazla farklar olmad\u0131\u011f\u0131n\u0131, partilerin birbirine yak\u0131n oldu\u011funu s\u00f6yleyebilirim. Anayasa Mahkemesi kararlar\u0131na uyulmas\u0131, A\u0130HM kararlar\u0131na uyulmas\u0131 \u00f6teden beri ve \u0131srarla s\u00f6yledi\u011fimiz hususlar. Ben bunun da bir sorun olmadan ger\u00e7ekle\u015fece\u011fini umuyorum. \u00c7\u00fcnk\u00fc hukuk devletinde, anayasal bir devlette AYM kararlar\u0131na uyulmamas\u0131 veya A\u0130HM kararlar\u0131na uyulmamas\u0131 zaten d\u00fc\u015f\u00fcn\u00fclemez. Bu y\u00f6n\u00fcyle Say\u0131n Demirta\u015f&#8217;\u0131n \u00e7ok \u00f6nceden tahliye edilmesi, Ahmet \u00d6zer&#8217;in g\u00f6reve iade edilmesi, Can Atalay&#8217;\u0131n TBMM&#8217;de g\u00f6revine ba\u015flamas\u0131 veya Tayfun Kahraman&#8217;\u0131n \u00e7oktan evine d\u00f6nm\u00fc\u015f olmas\u0131 gerekirdi. Dolay\u0131s\u0131yla umuyorum ki k\u0131sa s\u00fcrede bu komisyon g\u00f6revini tamamlar ve \u00e7er\u00e7eve raporunu yazar. Bu rapor sonucunda da Meclis ve Adalet Komisyonu \u00fcst\u00fcne d\u00fc\u015feni yapar.&#8221; <\/p>\n","protected":false},"excerpt":{"rendered":"<p>MHP&#8217;li Feti Y\u0131ld\u0131z, Demirta\u015f&#8217;\u0131n tahliyesinin A\u0130HM ve AYM kararlar\u0131na ba\u011fl\u0131 oldu\u011funu belirtti.<\/p>\n","protected":false},"author":1,"featured_media":49167,"comment_status":"open","ping_status":"open","sticky":false,"template":"","format":"standard","meta":{"footnotes":""},"categories":[12],"tags":[598,424,1564,544,2051],"class_list":["post-49166","post","type-post","status-publish","format-standard","has-post-thumbnail","hentry","category-siyaset","tag-dem","tag-karar","tag-rapor","tag-sure","tag-teror"],"_links":{"self":[{"href":"https:\/\/bihavadis.com\/index.php\/wp-json\/wp\/v2\/posts\/49166","targetHints":{"allow":["GET"]}}],"collection":[{"href":"https:\/\/bihavadis.com\/index.php\/wp-json\/wp\/v2\/posts"}],"about":[{"href":"https:\/\/bihavadis.com\/index.php\/wp-json\/wp\/v2\/types\/post"}],"author":[{"embeddable":true,"href":"https:\/\/bihavadis.com\/index.php\/wp-json\/wp\/v2\/users\/1"}],"replies":[{"embeddable":true,"href":"https:\/\/bihavadis.com\/index.php\/wp-json\/wp\/v2\/comments?post=49166"}],"version-history":[{"count":1,"href":"https:\/\/bihavadis.com\/index.php\/wp-json\/wp\/v2\/posts\/49166\/revisions"}],"predecessor-version":[{"id":49168,"href":"https:\/\/bihavadis.com\/index.php\/wp-json\/wp\/v2\/posts\/49166\/revisions\/49168"}],"wp:featuredmedia":[{"embeddable":true,"href":"https:\/\/bihavadis.com\/index.php\/wp-json\/wp\/v2\/media\/49167"}],"wp:attachment":[{"href":"https:\/\/bihavadis.com\/index.php\/wp-json\/wp\/v2\/media?parent=49166"}],"wp:term":[{"taxonomy":"category","embeddable":true,"href":"https:\/\/bihavadis.com\/index.php\/wp-json\/wp\/v2\/categories?post=49166"},{"taxonomy":"post_tag","embeddable":true,"href":"https:\/\/bihavadis.com\/index.php\/wp-json\/wp\/v2\/tags?post=49166"}],"curies":[{"name":"wp","href":"https:\/\/api.w.org\/{rel}","templated":true}]}}