{"id":49172,"date":"2026-02-26T13:15:11","date_gmt":"2026-02-26T13:15:11","guid":{"rendered":"https:\/\/bihavadis.com\/?p=49172"},"modified":"2026-02-26T13:15:11","modified_gmt":"2026-02-26T13:15:11","slug":"duzcede-2-bin-470-konut-icin-kura-cekildi","status":"publish","type":"post","link":"https:\/\/bihavadis.com\/index.php\/2026\/02\/26\/duzcede-2-bin-470-konut-icin-kura-cekildi\/","title":{"rendered":"D\u00fczce&#8217;de 2 bin 470 Konut \u0130\u00e7in Kura \u00c7ekildi"},"content":{"rendered":"<p>D\u00dcZCE (\u0130HA) \u2013 \u00c7evre, \u015eehircilik ve \u0130klim De\u011fi\u015fikli\u011fi Bakanl\u0131\u011f\u0131nca y\u00fcr\u00fct\u00fclen sosyal konut projesi kapsam\u0131nda D\u00fczce&#8217;de in\u015fa edilecek 2 bin 470 konut i\u00e7in hak sahipleri kurayla belirlendi.<\/p>\n<p>Gen\u00e7lik ve Spor \u0130l M\u00fcd\u00fcrl\u00fc\u011f\u00fc Konferans Salonu&#8217;nda d\u00fczenlenen t\u00f6rende konu\u015fan TOK\u0130 Uygulama Daire Ba\u015fkan\u0131 Murat \u00d6zkay, il genelindeki konutlar i\u00e7in 23 bin 482 ba\u015fvuru al\u0131nd\u0131\u011f\u0131n\u0131 bildirdi. Ba\u015fvurular\u0131n toplumun her kesimini kapsad\u0131\u011f\u0131n\u0131 belirten \u00d6zkay, &#8220;D\u00fczce&#8217;de toplamda 2 bin 470 hak sahibi belirlenecektir. Hak sahibi olacak vatanda\u015flar\u0131m\u0131za \u015fimdiden sa\u011fl\u0131k, huzur ve g\u00fcven i\u00e7erisinde oturabilecekleri s\u0131cak yuvalar in\u015fa edece\u011fimizin m\u00fcjdesini vermek istiyorum&#8221; dedi.<\/p>\n<p>&#8220;2 bin 470 konutun bir y\u0131l i\u00e7erisinde tamamlanaca\u011f\u0131 kanaatindeyiz&#8221;<\/p>\n<p>D\u00fczce Belediye Ba\u015fkan\u0131 Faruk \u00d6zl\u00fc, 1999 depreminden b\u00fcy\u00fck dersler \u00e7\u0131karan bir \u015fehir olduklar\u0131na i\u015faret etti. Kentin konut stokunun y\u00fczde 80&#8217;inin yeni yap\u0131lar oldu\u011funu dile getiren \u00d6zl\u00fc, \u015funlar\u0131 kaydetti: <\/p>\n<p>&#8220;\u015eehrimizin konut stokunun y\u00fczde 50&#8217;si zemin art\u0131 birdir, y\u00fczde 40&#8217;\u0131 zemin art\u0131 ikidir, y\u00fczde 9&#8217;u zemin art\u0131 4&#8217;t\u00fcr. 2019&#8217;da g\u00f6reve ba\u015flad\u0131\u011f\u0131mda meclisten bir karar alarak, &#8216;Maksimum konut y\u00fcksekli\u011fi zemin art\u0131 4&#8217; olacak dedik. Bug\u00fcn kurada \u00e7\u0131kacak olan 2 bin 470 konutta benzer \u015fekilde deprem y\u00f6netmeliklerine uygun \u015fekilde yap\u0131laca\u011f\u0131 i\u00e7in depreme kar\u015f\u0131 diren\u00e7li bir \u015fehir olarak \u00f6nemli bir ad\u0131m at\u0131lm\u0131\u015f olacak. D\u00fczce&#8217;de 2 bin 470 konutun bir y\u0131l i\u00e7erisinde tamamlanaca\u011f\u0131 kanaatindeyiz. Bug\u00fcn \u00e7ekili\u015fi yap\u0131lacak olan konutlar\u0131n bir y\u0131l i\u00e7erisinde tamamlanmas\u0131 ve bug\u00fcn \u00e7\u0131kacak olan hak sahiplerine teslim edilmesini istiyoruz.&#8221;<\/p>\n<p>&#8220;Diren\u00e7li \u015fehirler in\u015fa etmek zorunday\u0131z&#8221;<\/p>\n<p>\u00c7evre, \u015eehircilik ve \u0130klim De\u011fi\u015fikli\u011fi Bakan Yard\u0131mc\u0131s\u0131 Hasan Suver ise, T\u00fcrkiye&#8217;nin do\u011fal g\u00fczelliklerinin yan\u0131 s\u0131ra deprem ger\u00e7e\u011fiyle de ya\u015famak zorunda oldu\u011funu vurgulad\u0131. Suver, &#8220;\u0130statistiklere g\u00f6re \u00fclkemizde her y\u0131l 20 ila 25 bin aras\u0131nda deprem oluyor. Denizin \u00fczerinde ya\u015f\u0131yor gibiyiz. Tabii bunlar\u0131n \u00e7o\u011funu hissetmiyoruz. \u0130n\u015fallah d\u00fc\u015f\u00fck d\u00fczeyde de devam eder. Ard\u0131ndan iklime ba\u011fl\u0131 olarak seller ve yang\u0131nlar var. B\u00fct\u00fcn bunlar \u00fclkemizin g\u00fcvenli\u011fini tehdit eden unsurlard\u0131r. Biz bu cennet vatanda ya\u015famak istiyorsak bu \u015fartlara kar\u015f\u0131 diren\u00e7li \u015fehirler in\u015fa etmek zorunday\u0131z. 2000&#8217;li y\u0131llara kadar yap\u0131lan binalar\u0131m\u0131z maalesef depreme dayan\u0131kl\u0131 de\u011fil. Bunu ac\u0131 bir \u015fekilde depremlerde ya\u015fad\u0131k. 2000&#8217;li y\u0131llar\u0131n ba\u015f\u0131ndaki verilere g\u00f6re \u00fclkemizde yakla\u015f\u0131k 6.5 milyon d\u00f6n\u00fc\u015fmesi gereken bina vard\u0131r. Bakanl\u0131\u011f\u0131m\u0131z bu d\u00f6n\u00fc\u015f\u00fcm\u00fc h\u0131zl\u0131 bir \u015fekilde yapmaya \u00e7al\u0131\u015f\u0131yor. Bu d\u00f6n\u00fc\u015f\u00fcm sadece bakanl\u0131k taraf\u0131ndan yap\u0131lm\u0131yor. Vatanda\u015f, belediye ve bakanl\u0131k olmak \u00fczere \u00fc\u00e7 eksen \u00fczerinde y\u00fcr\u00fcyebiliyor&#8221; ifadelerini kulland\u0131.<\/p>\n<p>Bir yanda d\u00f6n\u00fc\u015f\u00fcm s\u00fcrerken, di\u011fer yanda Cumhurba\u015fkan\u0131 Recep Tayyip Erdo\u011fan&#8217;\u0131n talimat\u0131yla sosyal konut projeleri hayata ge\u00e7irildi\u011fine dikkati \u00e7eken Suver, &#8220;\u00dclkemizde bir taraftan yeni konutlar \u00fcretiyoruz, di\u011fer taraftan da mevcut yap\u0131 sto\u011funu d\u00f6n\u00fc\u015ft\u00fcrmeye \u00e7al\u0131\u015f\u0131yoruz&#8221; diye konu\u015ftu.<\/p>\n<p>\u015eehit aileleri direkt hak sahibi say\u0131ld\u0131<\/p>\n<p>D\u00fczce Valisi Mehmet Makas ile milletvekilleri Ay\u015fe Ke\u015fir ve Talih \u00d6zcan da, projenin kente hay\u0131rl\u0131 olmas\u0131 temennisinde bulunarak, vatanda\u015flar\u0131n heyecan\u0131na ortak oldu.<\/p>\n<p>Konu\u015fmalar\u0131n ard\u0131ndan kura \u00e7ekimi yap\u0131ld\u0131. Ba\u015fvuru yapan 34 \u015fehit ailesi kontenjan gere\u011fi do\u011frudan hak sahibi say\u0131l\u0131rken, di\u011fer konutlar\u0131n sahipleri noter huzurunda belirlendi. Programa \u00c7evre, \u015eehircilik ve \u0130klim De\u011fi\u015fikli\u011fi Bakan Yard\u0131mc\u0131s\u0131 Hasan Suver, D\u00fczce Valisi Mehmet Makas, AK Parti D\u00fczce Milletvekili Ay\u015fe Ke\u015fir, CHP D\u00fczce Milletvekili Talih \u00d6zcan, D\u00fczce Belediye Ba\u015fkan\u0131 Faruk \u00d6zl\u00fc, Toplu Konut \u0130daresi (TOK\u0130) Uygulama Daire Ba\u015fkan\u0131 Murat \u00d6zkay ve \u00e7ok say\u0131da vatanda\u015f kat\u0131ld\u0131. &#8211; D\u00dcZCE<\/p>\n","protected":false},"excerpt":{"rendered":"<p>D\u00dcZCE (\u0130HA) \u2013 \u00c7evre, \u015eehircilik ve \u0130klim De\u011fi\u015fikli\u011fi Bakanl\u0131\u011f\u0131nca y\u00fcr\u00fct\u00fclen sosyal konut projesi kapsam\u0131nda D\u00fczce&#8217;de in\u015fa edilecek 2 bin 470 konut i\u00e7in hak sahipleri kurayla belirlendi.<\/p>\n","protected":false},"author":1,"featured_media":49173,"comment_status":"open","ping_status":"open","sticky":false,"template":"","format":"standard","meta":{"footnotes":""},"categories":[8],"tags":[60,434,818,1461,587],"class_list":["post-49172","post","type-post","status-publish","format-standard","has-post-thumbnail","hentry","category-ekonomi","tag-deprem","tag-duzce","tag-konut","tag-sehir","tag-yapi"],"_links":{"self":[{"href":"https:\/\/bihavadis.com\/index.php\/wp-json\/wp\/v2\/posts\/49172","targetHints":{"allow":["GET"]}}],"collection":[{"href":"https:\/\/bihavadis.com\/index.php\/wp-json\/wp\/v2\/posts"}],"about":[{"href":"https:\/\/bihavadis.com\/index.php\/wp-json\/wp\/v2\/types\/post"}],"author":[{"embeddable":true,"href":"https:\/\/bihavadis.com\/index.php\/wp-json\/wp\/v2\/users\/1"}],"replies":[{"embeddable":true,"href":"https:\/\/bihavadis.com\/index.php\/wp-json\/wp\/v2\/comments?post=49172"}],"version-history":[{"count":1,"href":"https:\/\/bihavadis.com\/index.php\/wp-json\/wp\/v2\/posts\/49172\/revisions"}],"predecessor-version":[{"id":49174,"href":"https:\/\/bihavadis.com\/index.php\/wp-json\/wp\/v2\/posts\/49172\/revisions\/49174"}],"wp:featuredmedia":[{"embeddable":true,"href":"https:\/\/bihavadis.com\/index.php\/wp-json\/wp\/v2\/media\/49173"}],"wp:attachment":[{"href":"https:\/\/bihavadis.com\/index.php\/wp-json\/wp\/v2\/media?parent=49172"}],"wp:term":[{"taxonomy":"category","embeddable":true,"href":"https:\/\/bihavadis.com\/index.php\/wp-json\/wp\/v2\/categories?post=49172"},{"taxonomy":"post_tag","embeddable":true,"href":"https:\/\/bihavadis.com\/index.php\/wp-json\/wp\/v2\/tags?post=49172"}],"curies":[{"name":"wp","href":"https:\/\/api.w.org\/{rel}","templated":true}]}}