{"id":49212,"date":"2026-02-26T13:48:10","date_gmt":"2026-02-26T13:48:10","guid":{"rendered":"https:\/\/bihavadis.com\/?p=49212"},"modified":"2026-02-26T13:48:10","modified_gmt":"2026-02-26T13:48:10","slug":"izmirde-kuyumcuya-silahli-soygun-girisimi-supheli-yakalandi","status":"publish","type":"post","link":"https:\/\/bihavadis.com\/index.php\/2026\/02\/26\/izmirde-kuyumcuya-silahli-soygun-girisimi-supheli-yakalandi\/","title":{"rendered":"\u0130zmir\u2019de kuyumcuya silahl\u0131 soygun giri\u015fimi: \u015e\u00fcpheli yakaland\u0131"},"content":{"rendered":"<p>Bug\u00fcn saat 11.00 s\u0131ralar\u0131nda \u0130zmir&#8217;in\u00a0Konak il\u00e7esi \u015eevket \u00d6z\u00e7elik Sokak \u00fczerinde\u00a0S.D. (23), bir kuyumcu d\u00fckkan\u0131n\u0131n \u00f6n\u00fcne gelerek silahla i\u00e7eri girmeye \u00e7al\u0131\u015ft\u0131. \u0130\u015f yeri sahibinin kap\u0131y\u0131 kapatmas\u0131 \u00fczerine \u015f\u00fcpheli havaya ate\u015f a\u00e7t\u0131. \u00c7evrede pani\u011fe neden olan zanl\u0131, daha sonra olay yerinden ka\u00e7maya \u00e7al\u0131\u015ft\u0131.<\/p>\n<p><strong>POL\u0130S KOVALAMACAYLA YAKALADI<\/strong><\/p>\n<p>B\u00f6lgede g\u00f6revli trafik polisleri ve di\u011fer ekipler, ka\u00e7an \u015f\u00fcpheliyi k\u0131sa s\u00fcreli kovalamacan\u0131n ard\u0131ndan su\u00e7 aleti silahla birlikte yakalad\u0131.<\/p>\n<p>Olayda herhangi bir yaralanma ya\u015fanmazken, \u015f\u00fcpheli g\u00f6zalt\u0131na al\u0131nd\u0131.<\/p>\n<p><img decoding=\"async\" src=\"https:\/\/bihavadis.com\/wp-content\/uploads\/2026\/02\/izmirde-kuyumcuya-silahli-soygun-girisimi-supheli-yakalandi-0-nCh9SjzJ.jpg\"\/><\/p>\n<p><strong>SOYGUN ANI G\u00d6R\u00dcNT\u00dcLEND\u0130<\/strong><\/p>\n<p>\u015e\u00fcphelinin kuyumcuya gelmeden \u00f6nce de \u00e7evrede ate\u015f etti\u011fi ve i\u015f yerine girmeye \u00e7al\u0131\u015ft\u0131\u011f\u0131 anlar, \u00e7evredeki bir i\u015f yerinin g\u00fcvenlik kameras\u0131nca kaydedildi.<\/p>\n<p>Olayla ilgili soru\u015fturman\u0131n s\u00fcrd\u00fc\u011f\u00fc bildirildi.<\/p>\n<p><img decoding=\"async\" src=\"https:\/\/bihavadis.com\/wp-content\/uploads\/2026\/02\/izmirde-kuyumcuya-silahli-soygun-girisimi-supheli-yakalandi-1-TeJQpmbj.jpg\"\/><\/p>\n<p><img decoding=\"async\" src=\"https:\/\/bihavadis.com\/wp-content\/uploads\/2026\/02\/izmirde-kuyumcuya-silahli-soygun-girisimi-supheli-yakalandi-2-rLLtRkRv.jpg\"\/><\/p>\n","protected":false},"excerpt":{"rendered":"<p>Konak il\u00e7esinde bir kuyumcuya silahla girmeye \u00e7al\u0131\u015fan 23 ya\u015f\u0131ndaki \u015f\u00fcpheli, polis ekiplerince k\u0131sa s\u00fcrede yakaland\u0131. O anlar \u00e7evredeki bir i\u015f yerinin g\u00fcvenlik kameras\u0131na yans\u0131d\u0131.<\/p>\n","protected":false},"author":1,"featured_media":49213,"comment_status":"open","ping_status":"open","sticky":false,"template":"","format":"standard","meta":{"footnotes":""},"categories":[4,13],"tags":[],"class_list":["post-49212","post","type-post","status-publish","format-standard","has-post-thumbnail","hentry","category-gundem","category-son-dakika"],"_links":{"self":[{"href":"https:\/\/bihavadis.com\/index.php\/wp-json\/wp\/v2\/posts\/49212","targetHints":{"allow":["GET"]}}],"collection":[{"href":"https:\/\/bihavadis.com\/index.php\/wp-json\/wp\/v2\/posts"}],"about":[{"href":"https:\/\/bihavadis.com\/index.php\/wp-json\/wp\/v2\/types\/post"}],"author":[{"embeddable":true,"href":"https:\/\/bihavadis.com\/index.php\/wp-json\/wp\/v2\/users\/1"}],"replies":[{"embeddable":true,"href":"https:\/\/bihavadis.com\/index.php\/wp-json\/wp\/v2\/comments?post=49212"}],"version-history":[{"count":1,"href":"https:\/\/bihavadis.com\/index.php\/wp-json\/wp\/v2\/posts\/49212\/revisions"}],"predecessor-version":[{"id":49217,"href":"https:\/\/bihavadis.com\/index.php\/wp-json\/wp\/v2\/posts\/49212\/revisions\/49217"}],"wp:featuredmedia":[{"embeddable":true,"href":"https:\/\/bihavadis.com\/index.php\/wp-json\/wp\/v2\/media\/49213"}],"wp:attachment":[{"href":"https:\/\/bihavadis.com\/index.php\/wp-json\/wp\/v2\/media?parent=49212"}],"wp:term":[{"taxonomy":"category","embeddable":true,"href":"https:\/\/bihavadis.com\/index.php\/wp-json\/wp\/v2\/categories?post=49212"},{"taxonomy":"post_tag","embeddable":true,"href":"https:\/\/bihavadis.com\/index.php\/wp-json\/wp\/v2\/tags?post=49212"}],"curies":[{"name":"wp","href":"https:\/\/api.w.org\/{rel}","templated":true}]}}